{"id":7487,"date":"2019-08-14T17:54:29","date_gmt":"2019-08-14T17:54:29","guid":{"rendered":"https:\/\/htb.com.pl\/?p=7487"},"modified":"2019-10-12T17:16:31","modified_gmt":"2019-10-12T17:16:31","slug":"ktos-nas-wkreca","status":"publish","type":"post","link":"https:\/\/htb.com.pl\/?p=7487","title":{"rendered":"Kto\u015b Nas wkr\u0119ca"},"content":{"rendered":"\n<p><\/p>\n\n\n\n<figure class=\"wp-block-image\"><img loading=\"lazy\" decoding=\"async\" width=\"800\" height=\"589\" src=\"https:\/\/htb.com.pl\/wp-content\/uploads\/2019\/08\/Lenino.jpg\" alt=\"\" class=\"wp-image-7575\" srcset=\"https:\/\/htb.com.pl\/wp-content\/uploads\/2019\/08\/Lenino.jpg 800w, https:\/\/htb.com.pl\/wp-content\/uploads\/2019\/08\/Lenino-300x221.jpg 300w, https:\/\/htb.com.pl\/wp-content\/uploads\/2019\/08\/Lenino-768x565.jpg 768w, https:\/\/htb.com.pl\/wp-content\/uploads\/2019\/08\/Lenino-600x442.jpg 600w\" sizes=\"auto, (max-width: 800px) 100vw, 800px\" \/><figcaption>Lenino, Bia\u00b3oru\u009c, 12.10.1943 r. Pierwsza bitwa z Niemcami stoczona przez I Dywizj\u00ea Piechoty im. Tadeusza Ko\u009cciuszki. Nz. Natarcie Polak\u00f3w.  \nij\/dl\nPAP\/CAF\/WAF<\/figcaption><\/figure>\n\n\n\n<p>Tytu\u0142 nie jest zako\u0144czony pytajnikiem, bo ja wiem \u017ce nas kto\u015b wkr\u0119ca. Zauwa\u017cy\u0142em, \u017ce Pa\u0144stwo tego nie zauwa\u017cyli i jest mi przykro. Prosz\u0119 czyta\u0107 mojego bloga, to powinno poprawi\u0107 spostrzegawczo\u015b\u0107. Dzi\u015b chcia\u0142bym zwr\u00f3ci\u0107 si\u0119 do ch\u0142opak\u00f3w, co ich &#8220;kibolami&#8221; nazywaj\u0105, bo im \u0142atwiej to wyja\u015bni\u0107. Na pocz\u0105tku chc\u0119 wam Panowie podzi\u0119kowa\u0107 za to, \u017ce wielu z was odpu\u015bci\u0142o marsz r\u00f3wno\u015bci w Toruniu &#8211; by\u0142o spokojnie jak do Bia\u0142egostoku por\u00f3wnamy i chyba znam pow\u00f3d. Ci z was, co widzieli cel\u0119 wi\u0119zienn\u0105 z bliska, wiedz\u0105, \u017ce ze \u015bmierci\u0105 Dawida Kosteckiego jest co\u015b nie tak. Ci co nie wiedz\u0105 o czym pisz\u0119, niech popytaj\u0105 tych co wiedz\u0105. Ja napisz\u0119 tylko, \u017ce nie jest  mo\u017cliwe, aby si\u0119 powiesi\u0107 pod cel\u0105 i nikt tego nie zauwa\u017cy\u0142. Tam nigdy nie jeste\u015bmy sami i nigdy nie wiemy kto z nami jest. Dawid by\u0142  wojownikiem, taki cz\u0142owiek nie odchodzi w ten spos\u00f3b. \u017beby to wyja\u015bni\u0107, musz\u0119 wspomnie\u0107 o czym\u015b takim jak Sejm. Polska jest pa\u0144stwem totalitarnym i parlament (Sejm) jest jedynie atrap\u0105. Ostatnio marsza\u0142ek tego &#8220;sejmu&#8221; Marek Kuchci\u0144ski nawywija\u0142 i pan Jaros\u0142aw Kaczy\u0144ski musia\u0142 go wywali\u0107, trzeba by\u0142o wybra\u0107 innego. Pad\u0142o na pani\u0105 El\u017cbiet\u0119 Witek. Sk\u0105d to zamieszanie na koniec kadencji Sejmu? To, \u017ce politycy s\u0105 manipulowani przez rosyjski wywiad GRU, pisz\u0119 od lat. Dzi\u015b chc\u0119 pokaza\u0107, \u017ce r\u00f3wnie\u017c dawni SB-ecy wkr\u0119caj\u0105 naszych polityk\u00f3w, to bardzo niebezpieczni ludzie. Jeden z nich, pan Kazimierz Kujda zosta\u0142 wykryty u pana Jaros\u0142awa Kaczy\u0144skiego &#8211; przegi\u0105\u0142, by\u0142 Prezesem Narodowego Funduszu Ochrony \u015arodowiska i Gospodarki Wodnej, wyda\u0142o si\u0119 i prezes prezesa musia\u0142  wywali\u0107, (12 lutego 2019 roku). Wielu jednak siedzi cichutko i pilnuje aby ich &#8220;biznesy&#8221; by\u0142y bezpieczne. Maj\u0105 na to szko\u0142\u0119:) S\u0105 te\u017c tacy, kt\u00f3rzy maj\u0105 wyobra\u017ani\u0119, ci s\u0105 bardzo niebezpieczni, oni si\u0119 nie ukrywaj\u0105. Tu dobrym przyk\u0142adam jest PRL-owski prokurator, dzi\u015b pose\u0142 Stanis\u0142aw Piotrowicz. PiS ma co\u015b takiego jak przekaz dnia. Kr\u00f3tka wiadomo\u015b\u0107 SMS wysy\u0142ana do pos\u0142\u00f3w i polityk\u00f3w, odnosz\u0105ca si\u0119 do jakich\u015b wydarze\u0144 i okre\u015blaj\u0105ca, co nale\u017cy o tym m\u00f3wi\u0107. To robota pana Jaros\u0142awa Kaczy\u0144skiego ale on lubi pospa\u0107 i czasem jego ludzie nie wiedz\u0105 co m\u00f3wi\u0107. Pewnego razu poszed\u0142 przekaz, \u017ce &#8220;w\u0142a\u015bciwa&#8221; historia II wojny \u015bwiatowej jest opisana w przedwojennych ksi\u0105\u017ckach. Tego nie wymy\u015bli\u0142 pan Kaczy\u0144ski, tylko jaki\u015b &#8220;SB-cki&#8221; \u017cartowni\u015b. Da\u0142a si\u0119 w to wkr\u0119ci\u0107 by\u0142a premier  pani Beata Szyd\u0142o, kt\u00f3ra czyta\u0142a tam o Katyniu i pani El\u017cbieta Witek, obecna marsza\u0142ek Sejmu, kt\u00f3ra w przedwojennych ksi\u0105\u017ckach czyta\u0142a o pakcie Ribbentrop &#8211; Mo\u0142otow. To nie jest \u015bmieszne &#8211; Kochani. Szczeg\u00f3lnie chcia\u0142bym zwr\u00f3ci\u0107 uwag\u0119 &#8220;kiboli&#8221; na to, \u017ce oni te\u017c s\u0105 wkr\u0119cani przez by\u0142ych SB-ek\u00f3w. Gdy patrz\u0119 jak drzecie si\u0119; &#8220;Raz sierpem, raz m\u0142otem, czerwon\u0105 ho\u0142ot\u0119&#8221;, \u015bmia\u0107 mi si\u0119 chce. Pomy\u015blcie o tym, bo sko\u0144czycie jak Dawid. <\/p>\n\n\n\n<p>Jak ju\u017c zacz\u0105\u0142em pisa\u0107 o Sejmie, to trzeba opisa\u0107 to, czym nowa pani marsza\u0142ek El\u017cbieta Witek, b\u0119dzie si\u0119 zajmowa\u0107 z polecenia pana Jaros\u0142awa Kaczy\u0144skiego. Pos\u0142owie maj\u0105 uchwali\u0107 ustaw\u0119, \u017ce nie wolno robi\u0107 tak jak poprzedni marsza\u0142ek  pan Marek Kuchci\u0144ski, bo to jest \u017ale odbierane przez wyborc\u00f3w i wybory mo\u017cna przegra\u0107&#8230; Nie da si\u0119 zagwarantowa\u0107 ustaw\u0105, \u017ce ludzie b\u0119d\u0105 dobrzy i uczciwi, tu s\u0105 potrzebne zupe\u0142nie inne dzia\u0142ania. Mo\u017cna je okre\u015bli\u0107 jednym s\u0142owem &#8211;<strong> edukacja<\/strong>. S\u0105 wakacje ale wkr\u00f3tce b\u0119dzie to ogromny problem.  Przyzwoite zachowanie, to co\u015b zupe\u0142nie obcego i niezrozumia\u0142ego dla z\u0142ych polityk\u00f3w, dlatego pr\u00f3ba uregulowania tego napisan\u0105 przez nich ustaw\u0119, przypomina pr\u00f3b\u0119 ca\u0142kowitego zakazu aborcji &#8211; to te\u017c \u017ali politycy pr\u00f3buj\u0105 za\u0142atwi\u0107 ustaw\u0105. <\/p>\n\n\n\n<p>Trwa kampania wyborcza do Sejmu i Senatu. Wybory odb\u0119d\u0105 si\u0119 13 pa\u017adziernika. \u0179li politycy maj\u0105 nadziej\u0119, \u017ce nic si\u0119 nie zmieni i dalej parlament b\u0119dzie jedynie atrap\u0105 s\u0142u\u017c\u0105c\u0105 do zarabiania pieni\u0119dzy. Id\u0105 na to ogromne \u015brodki z bud\u017cetu &#8211; z naszych podatk\u00f3w znaczy. Ju\u017c nie tylko grupy wyborc\u00f3w s\u0105 korumpowane ale rz\u0105dz\u0105cy ukrywaj\u0105 sw\u0105 nieprawdopodobnie durn\u0105 polityk\u0119 energetyczn\u0105, a to kosztuje.  Mamy najdro\u017csz\u0105 energi\u0119 w Europie, a p\u0142acimy najmniej. Tak na d\u0142u\u017csz\u0105 met\u0119 si\u0119 nie da. Jak sobie przypomn\u0119, jak wyzywano Marysi\u0119 (poprzednie wpisy), gdy broni\u0142a buduj\u0105cej si\u0119 elektrowni atomowej w \u017barnowcu i triumfuj\u0105cego premiera Tadeusza Mazowieckiego, kt\u00f3ry postawi\u0142 \u017barnowiec w stan likwidacji. Pami\u0119tam pomy\u015bla\u0142em wtedy &#8211; macie szcz\u0119\u015bcie pajace, \u017ce Marysia nie \u017cyje. Jednak dopiero dzi\u015b zrozumia\u0142em, do czego doprowadzi\u0142a durna polityka &#8211; chcia\u0142em napisa\u0107 energetyczna. Ale czy tylko w energetyce jest katastrofa?  Ja dopiero dzi\u015b zrozumia\u0142em, dlaczego Majka walczy\u0142a z SB-kami, co nie chcieli genera\u0142a Wojciecha Jaruzelskiego s\u0142ucha\u0107. By\u0142 1986 rok, a ona ju\u017c wtedy, wyja\u015bniaj\u0105c mord na ks. Jerzym Popie\u0142uszce, zrozumia\u0142a problem. To nie by\u0142 ma\u0142y problem. Gdy raz czy\u015bci\u0142a bro\u0144 po nocnej akcji zapyta\u0142em j\u0105, czy nie wystarczy tych ludzi wystraszy\u0107, przecie\u017c to Polacy? Uca\u0142owa\u0142a mnie i m\u00f3wi &#8211; dok\u0142adnie to robi\u0119 Jasiu ale oni do mnie strzelaj\u0105, dlatego ja te\u017c strzelam. A jak ty do nich strzelasz, to co robi\u0105? Gdybym strzela\u0142a do nich, to nic by nie robili tylko le\u017celi martwi, ja strzelam \u017ceby ich przestraszy\u0107 i tego si\u0119 boj\u0105.<\/p>\n\n\n\n<div class=\"wp-block-media-text alignwide\"><figure class=\"wp-block-media-text__media\"><img loading=\"lazy\" decoding=\"async\" width=\"200\" height=\"253\" src=\"https:\/\/htb.com.pl\/wp-content\/uploads\/2019\/08\/Strach.jpg\" alt=\"\" class=\"wp-image-7572\"\/><\/figure><div class=\"wp-block-media-text__content\">\n<p class=\"has-medium-font-size\"><a href=\"https:\/\/htb.com.pl\/?product=strach-wrog-czy-przyjaciel-akceptuje-co-czuje\">Kup i poczytaj o strachu<\/a><\/p>\n<\/div><\/div>\n\n\n\n<p> Ka\u017cdy musi czego\u015b si\u0119 ba\u0107, tak jest ten \u015awiat urz\u0105dzony, takim stworzy\u0142 go B\u00f3g. Stw\u00f3rca wymy\u015bli\u0142, \u017ce b\u0119dziemy si\u0119 ba\u0107 piek\u0142a ale \u017ceby to poj\u0105\u0107, potrzebna jest wyobra\u017ania. Wielu jej niema, \u017cyj\u0105 jak zwierz\u0119ta, kt\u00f3re nie wiedz\u0105, \u017ce jest B\u00f3g. W \u015bwiecie zwierz\u0105t, rz\u0105dzi najsilniejszy, \u017ali politycy te\u017c tak chc\u0105 urz\u0105dzi\u0107 \u015awiat. Taki z\u0142y polityk nie mo\u017ce sobie wyobrazi\u0107,  \u017ce jest B\u00f3g i \u017ce to nie jest on. Ale najgorszy jest fundamentalista, kt\u00f3ry sobie wymy\u015bli\u0142, \u017ce jest r\u0119ka Boga. Widzia\u0142am takich w Anglii, Irlandii i Hiszpanii (IRA i ETA). Jestem tu po to, \u017ceby nikt nie skrzywdzi\u0142 naszych dzieci Jasiu. Zapali\u0142a \u015bwiec\u0119 <a href=\"https:\/\/htb.com.pl\/?product=swieca-konopna\"><img loading=\"lazy\" decoding=\"async\" width=\"150\" height=\"150\" class=\"wp-image-5922\" style=\"width: 150px;\" src=\"https:\/\/htb.com.pl\/wp-content\/uploads\/2019\/07\/swieczka-konopna.png\" alt=\"\" srcset=\"https:\/\/htb.com.pl\/wp-content\/uploads\/2019\/07\/swieczka-konopna.png 3500w, https:\/\/htb.com.pl\/wp-content\/uploads\/2019\/07\/swieczka-konopna-150x150.png 150w, https:\/\/htb.com.pl\/wp-content\/uploads\/2019\/07\/swieczka-konopna-300x300.png 300w, https:\/\/htb.com.pl\/wp-content\/uploads\/2019\/07\/swieczka-konopna-768x768.png 768w, https:\/\/htb.com.pl\/wp-content\/uploads\/2019\/07\/swieczka-konopna-1024x1024.png 1024w, https:\/\/htb.com.pl\/wp-content\/uploads\/2019\/07\/swieczka-konopna-600x600.png 600w, https:\/\/htb.com.pl\/wp-content\/uploads\/2019\/07\/swieczka-konopna-100x100.png 100w\" sizes=\"auto, (max-width: 150px) 100vw, 150px\" \/><\/a> i opowiedzia\u0142a mi wtedy, a rzadko to robi\u0142a o jednej ze swoich akcji przeciwko terrorystom z ETA w Hiszpanii. Na  pla\u017cy wybuch\u0142a bomba, w\u015br\u00f3d ofiar by\u0142o dwoje dzieci. Moi ludzie dali mi d\u0142ug\u0105 bro\u0144, wiedzieli, \u017ce nie b\u0119d\u0119 wzywa\u0142a do poddania. Gdy okr\u0105\u017cyli\u015bmy terroryst\u00f3w, ci poddali si\u0119 bez walki. To by\u0142o dw\u00f3ch m\u0142odych ch\u0142opak\u00f3w. Mia\u0142a ich zabra\u0107 policja, my mieli\u015bmy ich jedynie przypilnowa\u0107 do czasu przyjazdu radiowozu. Odes\u0142a\u0142am swoich ludzi, zosta\u0142am z nimi sama. Odda\u0142am te\u017c bro\u0144, zostawi\u0142am sobie jedynie n\u00f3\u017c. Gdy zostali\u015bmy we tr\u00f3jk\u0119, zapyta\u0142am ich, czy chc\u0105 by\u0107 wolni? Wiedzieli kim jestem, bali si\u0119, \u017ce im jaja powyrywam. Wyj\u0119\u0142am n\u00f3\u017c i rzuci\u0142am w ich kierunku, wbi\u0142 si\u0119 w drzewo obok jednego z nich. Powiedzia\u0142am, \u017ce jak mnie pokonaj\u0105, s\u0105 wolni  ale oni mieli w oczach strach. Zapyta\u0142am, czy gdy podk\u0142adali bomb\u0119 to si\u0119 nie bali? Pokr\u0119cili g\u0142owami, s\u0142ycha\u0107 by\u0142o ju\u017c radiow\u00f3z, poczuli si\u0119 pewniej, wyst\u0119kali tylko, \u017ce dopiero teraz wiedz\u0105 co to strach i bardzo \u017ca\u0142uj\u0105, \u017ce wcze\u015bniej nie znali tego uczucia.<\/p>\n\n\n\n<p>Jutro 15 sierpnia, to \u015awi\u0119to Wojska Polskiego. Rocznica Cudu nad Wis\u0142\u0105, o Bitwie Warszawskiej ci\u0105gle pisz\u0119 ale ten rok jest niezwyk\u0142y. Zwyci\u0119stwo nad bolszewikami, b\u0119dziemy obchodzi\u0107 w Katowicach. Jest stu lecie wybuchu Powsta\u0144 \u015al\u0105skich. Marysia nigdy mi o nich nie opowiada\u0142a, a to co jest w ksi\u0105\u017ckach&#8230; Dlatego podam jedynie daty: I powstanie \u015bl\u0105skie 16 sierpnia 1919 rok, II powstanie \u015bl\u0105skie 19\/20 sierpnia 1920 rok, III powstanie \u015bl\u0105skie noc z 2 na 3 maja 1921 rok. Generalnie chodzi\u0142o o to, \u017ceby plebiscyt po Traktacie Wersalskim dobrze wypad\u0142. Od Marysi wiem, czym takie dzia\u0142ania zako\u0144czy\u0142y si\u0119 na Wo\u0142yniu. Czteroletni\u0105 c\u00f3reczk\u0119 jej Cioci, ukrai\u0144ski s\u0105siad przebi\u0142 wid\u0142ami. I tego Marysia nigdy J\u00f3zefowi Pi\u0142sudskiemu nie darowa\u0142a.  Dzi\u015b piewcy geniuszu Pi\u0142sudskiego szykuj\u0105 jego nast\u0119pc\u0119. Aktualny Naczelnik Jaros\u0142aw Kaczy\u0144ski ma do\u015b\u0107. Pad\u0142o na premiera Mateusza Morawieckiego. Startuje do Sejmu ze \u015al\u0105ska. Musz\u0119 przyzna\u0107, \u017ce  inauguracj\u0119 kampanii wyborczej ma w stylu p\u00f3\u0142nocnokorea\u0144skim. Rok temu czeka\u0142em na jakakolwiek wzmiank\u0119 o Ludowym Wojsku Polskim w dniu \u015awi\u0119ta Wojska Polskiego. Dzi\u015b nie czekam &#8211; Patronat Narodowy Prezydenta RP nad obchodami Rocznicy Powstania Brygady \u015awi\u0119tokrzyskiej (75-ta rocznica), to co\u015b tak nieprawdopodobnego dla mnie, \u017ce &#8230;Pomimo to, ja ci\u0105gle jeszcze wierz\u0119 w Polak\u00f3w, \u017ce si\u0119 opami\u0119taj\u0105. W moim Ko\u015bciele \u015awi\u0119tego Ducha w Mielcu, ludzie odmawiaj\u0105cy R\u00f3\u017caniec modl\u0105 si\u0119  do Mari, chocia\u017c ksi\u0105dz z uporem Maryj\u0105 Matk\u0119 Boga nazywa. Ale najgorszy dla mnie jest koniec r\u00f3\u017ca\u0144ca &#8220;wypominkowego&#8221;. Kap\u0142an modli si\u0119 za poleg\u0142ych w obronie Ojczyzny &#8211; ja chc\u0119 przypomnie\u0107, \u017ce ofiary by\u0142y r\u00f3wnie\u017c w\u015br\u00f3d tych, co Ojczyzn\u0119 wyzwalali. Pami\u0119tajmy Kochani o nich w dniu \u015awi\u0119ta Wojska Polskiego, bo to dzi\u0119ki nim nie piszemy cyrylic\u0105.<\/p>\n","protected":false},"excerpt":{"rendered":"<p>Tytu\u0142 nie jest zako\u0144czony pytajnikiem, bo ja wiem \u017ce nas kto\u015b wkr\u0119ca. Zauwa\u017cy\u0142em, \u017ce Pa\u0144stwo tego nie zauwa\u017cyli i jest mi przykro. Prosz\u0119 czyta\u0107 mojego bloga, to powinno poprawi\u0107 spostrzegawczo\u015b\u0107. Dzi\u015b chcia\u0142bym zwr\u00f3ci\u0107 si\u0119 do ch\u0142opak\u00f3w, co ich &#8220;kibolami&#8221; nazywaj\u0105, bo im \u0142atwiej to wyja\u015bni\u0107. Na pocz\u0105tku chc\u0119 wam Panowie podzi\u0119kowa\u0107 za to, \u017ce wielu [&hellip;]<\/p>\n","protected":false},"author":1,"featured_media":7575,"comment_status":"open","ping_status":"open","sticky":false,"template":"","format":"standard","meta":{"_jetpack_memberships_contains_paid_content":false,"footnotes":""},"categories":[4],"tags":[478],"class_list":["post-7487","post","type-post","status-publish","format-standard","has-post-thumbnail","hentry","category-daty-i-fakty-blog","tag-strach"],"jetpack_sharing_enabled":true,"jetpack_featured_media_url":"https:\/\/htb.com.pl\/wp-content\/uploads\/2019\/08\/Lenino.jpg","_links":{"self":[{"href":"https:\/\/htb.com.pl\/index.php?rest_route=\/wp\/v2\/posts\/7487","targetHints":{"allow":["GET"]}}],"collection":[{"href":"https:\/\/htb.com.pl\/index.php?rest_route=\/wp\/v2\/posts"}],"about":[{"href":"https:\/\/htb.com.pl\/index.php?rest_route=\/wp\/v2\/types\/post"}],"author":[{"embeddable":true,"href":"https:\/\/htb.com.pl\/index.php?rest_route=\/wp\/v2\/users\/1"}],"replies":[{"embeddable":true,"href":"https:\/\/htb.com.pl\/index.php?rest_route=%2Fwp%2Fv2%2Fcomments&post=7487"}],"version-history":[{"count":15,"href":"https:\/\/htb.com.pl\/index.php?rest_route=\/wp\/v2\/posts\/7487\/revisions"}],"predecessor-version":[{"id":10824,"href":"https:\/\/htb.com.pl\/index.php?rest_route=\/wp\/v2\/posts\/7487\/revisions\/10824"}],"wp:featuredmedia":[{"embeddable":true,"href":"https:\/\/htb.com.pl\/index.php?rest_route=\/wp\/v2\/media\/7575"}],"wp:attachment":[{"href":"https:\/\/htb.com.pl\/index.php?rest_route=%2Fwp%2Fv2%2Fmedia&parent=7487"}],"wp:term":[{"taxonomy":"category","embeddable":true,"href":"https:\/\/htb.com.pl\/index.php?rest_route=%2Fwp%2Fv2%2Fcategories&post=7487"},{"taxonomy":"post_tag","embeddable":true,"href":"https:\/\/htb.com.pl\/index.php?rest_route=%2Fwp%2Fv2%2Ftags&post=7487"}],"curies":[{"name":"wp","href":"https:\/\/api.w.org\/{rel}","templated":true}]}}