{"id":75167,"date":"2022-10-16T09:03:47","date_gmt":"2022-10-16T09:03:47","guid":{"rendered":"https:\/\/htb.com.pl\/?p=75167"},"modified":"2022-10-16T10:30:32","modified_gmt":"2022-10-16T10:30:32","slug":"moje-rocznice","status":"publish","type":"post","link":"https:\/\/htb.com.pl\/?p=75167","title":{"rendered":"Moje rocznice"},"content":{"rendered":"\n<p>&nbsp; <\/p>\n\n\n\n<figure class=\"wp-block-image size-thumbnail\"><a href=\"https:\/\/htb.com.pl\/wp-content\/uploads\/2022\/10\/Moje-rocznice.mp3\"><img loading=\"lazy\" decoding=\"async\" width=\"150\" height=\"150\" src=\"https:\/\/htb.com.pl\/wp-content\/uploads\/2018\/04\/posluchaj-150x150.jpg\" alt=\"\" class=\"wp-image-2020\" srcset=\"https:\/\/htb.com.pl\/wp-content\/uploads\/2018\/04\/posluchaj-150x150.jpg 150w, https:\/\/htb.com.pl\/wp-content\/uploads\/2018\/04\/posluchaj-300x300.jpg 300w, https:\/\/htb.com.pl\/wp-content\/uploads\/2018\/04\/posluchaj-100x100.jpg 100w\" sizes=\"auto, (max-width: 150px) 100vw, 150px\" \/><\/a><\/figure>\n\n\n\n<p>Pa\u017adziernik jak co roku jest dla Radia Maria miesi\u0105cem rocznic, kt\u00f3re obchodzimy tego samego dnia. 13 pa\u017adziernika 1987 roku zmar\u0142a Marysia i tego samego dnia ale 44 lata wcze\u015bniej zako\u0144czy\u0142a si\u0119 bitwa pod Lenino. <a href=\"http:\/\/radiomaria.com.pl\/wp-content\/uploads\/2022\/10\/Moje-rocznice.mp3\"><img loading=\"lazy\" decoding=\"async\" width=\"150\" height=\"82\" class=\"wp-image-75173\" style=\"width: 150px;\" src=\"https:\/\/htb.com.pl\/wp-content\/uploads\/2022\/10\/lenino-sepia_27y3m5pp_1.jpeg\" alt=\"\" srcset=\"https:\/\/htb.com.pl\/wp-content\/uploads\/2022\/10\/lenino-sepia_27y3m5pp_1.jpeg 750w, https:\/\/htb.com.pl\/wp-content\/uploads\/2022\/10\/lenino-sepia_27y3m5pp_1-300x164.jpeg 300w, https:\/\/htb.com.pl\/wp-content\/uploads\/2022\/10\/lenino-sepia_27y3m5pp_1-600x329.jpeg 600w\" sizes=\"auto, (max-width: 150px) 100vw, 150px\" \/><\/a> Chrzest bojowy I Armii Wojaka Polskiego &#8211; Ko\u015bciuszkowc\u00f3w. Dzi\u015b zapomnianych, a czasem wr\u0119cz wyszydzanych. Nazywa si\u0119 ich komunistami. M\u00f3wi\u0105 tak cz\u0119sto ci, kt\u00f3rzy nigdy prochu nie w\u0105chali i gdyby dzi\u015b ruscy nas zaatakowali, to by po prostu zwiali.<\/p>\n\n\n\n<p>Nieprawda?<\/p>\n\n\n\n<p>\u00a0 Z sonda\u017c dla \u201ePolityki\u201d wynika, \u017ce co piaty Polak rozwa\u017ca wyjazd z kraju w zwi\u0105zku z sytuacja w regionie. Takich rz\u0105dz\u0105cych \u017ce\u015bmy wybrali, \u017ceby Sanacyjn\u0105 Polsk\u0119 nam przywracali \u2013 a to w\u0142a\u015bnie sanacyjni oficerowie sztabowi, jak nas w 1939 roku Niemcy i Rosjanie zaatakowali pouciekali. Teraz ich czciciele do w\u0142adzy si\u0119 dorwali i tych co wtedy wrog\u00f3w pokonali, z historii wymazali. My w Radiu Maria lud\u017ami bez wyobra\u017ani \u017ce\u015bmy ich nazwali i ostrzegali, \u017ce jak tak dalej b\u0119dzie, wszystko si\u0119 zawali.<\/p>\n\n\n\n<p>&nbsp; \u017beby rz\u0105dzi\u0107 potrzebna jest wyobra\u017ania \u2013 trzeba \u017ceby\u015bmy takich polityk\u00f3w wybrali, kt\u00f3rzy potrafi\u0105 przewidzie\u0107 co si\u0119 z czym\u015b stanie, jak o tym czym\u015b b\u0119d\u0105 decydowali.<\/p>\n\n\n\n<p>Takich \u017ce\u015bmy wybrali?<\/p>\n\n\n\n<figure class=\"wp-block-image size-full\"><a href=\"http:\/\/radiomaria.com.pl\/wp-content\/uploads\/2022\/10\/14.10.Dymisja.mp3\"><img loading=\"lazy\" decoding=\"async\" width=\"977\" height=\"742\" src=\"https:\/\/htb.com.pl\/wp-content\/uploads\/2022\/10\/Grajdol-napismaly.png\" alt=\"\" class=\"wp-image-75170\" srcset=\"https:\/\/htb.com.pl\/wp-content\/uploads\/2022\/10\/Grajdol-napismaly.png 977w, https:\/\/htb.com.pl\/wp-content\/uploads\/2022\/10\/Grajdol-napismaly-300x228.png 300w, https:\/\/htb.com.pl\/wp-content\/uploads\/2022\/10\/Grajdol-napismaly-768x583.png 768w, https:\/\/htb.com.pl\/wp-content\/uploads\/2022\/10\/Grajdol-napismaly-600x456.png 600w\" sizes=\"auto, (max-width: 977px) 100vw, 977px\" \/><\/a><\/figure>\n","protected":false},"excerpt":{"rendered":"<p>&nbsp; Pa\u017adziernik jak co roku jest dla Radia Maria miesi\u0105cem rocznic, kt\u00f3re obchodzimy tego samego dnia. 13 pa\u017adziernika 1987 roku zmar\u0142a Marysia i tego samego dnia ale 44 lata wcze\u015bniej zako\u0144czy\u0142a si\u0119 bitwa pod Lenino. Chrzest bojowy I Armii Wojaka Polskiego &#8211; Ko\u015bciuszkowc\u00f3w. Dzi\u015b zapomnianych, a czasem wr\u0119cz wyszydzanych. Nazywa si\u0119 ich komunistami. M\u00f3wi\u0105 tak [&hellip;]<\/p>\n","protected":false},"author":1,"featured_media":75173,"comment_status":"open","ping_status":"open","sticky":false,"template":"","format":"standard","meta":{"_jetpack_memberships_contains_paid_content":false,"footnotes":""},"categories":[4],"tags":[833],"class_list":["post-75167","post","type-post","status-publish","format-standard","has-post-thumbnail","hentry","category-daty-i-fakty-blog","tag-moje-rocznice"],"jetpack_sharing_enabled":true,"jetpack_featured_media_url":"https:\/\/htb.com.pl\/wp-content\/uploads\/2022\/10\/lenino-sepia_27y3m5pp_1.jpeg","_links":{"self":[{"href":"https:\/\/htb.com.pl\/index.php?rest_route=\/wp\/v2\/posts\/75167","targetHints":{"allow":["GET"]}}],"collection":[{"href":"https:\/\/htb.com.pl\/index.php?rest_route=\/wp\/v2\/posts"}],"about":[{"href":"https:\/\/htb.com.pl\/index.php?rest_route=\/wp\/v2\/types\/post"}],"author":[{"embeddable":true,"href":"https:\/\/htb.com.pl\/index.php?rest_route=\/wp\/v2\/users\/1"}],"replies":[{"embeddable":true,"href":"https:\/\/htb.com.pl\/index.php?rest_route=%2Fwp%2Fv2%2Fcomments&post=75167"}],"version-history":[{"count":7,"href":"https:\/\/htb.com.pl\/index.php?rest_route=\/wp\/v2\/posts\/75167\/revisions"}],"predecessor-version":[{"id":75183,"href":"https:\/\/htb.com.pl\/index.php?rest_route=\/wp\/v2\/posts\/75167\/revisions\/75183"}],"wp:featuredmedia":[{"embeddable":true,"href":"https:\/\/htb.com.pl\/index.php?rest_route=\/wp\/v2\/media\/75173"}],"wp:attachment":[{"href":"https:\/\/htb.com.pl\/index.php?rest_route=%2Fwp%2Fv2%2Fmedia&parent=75167"}],"wp:term":[{"taxonomy":"category","embeddable":true,"href":"https:\/\/htb.com.pl\/index.php?rest_route=%2Fwp%2Fv2%2Fcategories&post=75167"},{"taxonomy":"post_tag","embeddable":true,"href":"https:\/\/htb.com.pl\/index.php?rest_route=%2Fwp%2Fv2%2Ftags&post=75167"}],"curies":[{"name":"wp","href":"https:\/\/api.w.org\/{rel}","templated":true}]}}