{"id":75526,"date":"2022-10-23T09:47:10","date_gmt":"2022-10-23T09:47:10","guid":{"rendered":"https:\/\/htb.com.pl\/?p=75526"},"modified":"2022-10-23T10:19:29","modified_gmt":"2022-10-23T10:19:29","slug":"jaroslaw-przemysl","status":"publish","type":"post","link":"https:\/\/htb.com.pl\/?p=75526","title":{"rendered":"Jaros\u0142aw przemy\u015bl"},"content":{"rendered":"\n<figure class=\"wp-block-image size-thumbnail\"><a href=\"https:\/\/htb.com.pl\/wp-content\/uploads\/2022\/10\/Jaroslaw-przemysl-blog.mp3\"><img loading=\"lazy\" decoding=\"async\" width=\"150\" height=\"150\" src=\"https:\/\/htb.com.pl\/wp-content\/uploads\/2018\/04\/posluchaj-150x150.jpg\" alt=\"\" class=\"wp-image-2020\" srcset=\"https:\/\/htb.com.pl\/wp-content\/uploads\/2018\/04\/posluchaj-150x150.jpg 150w, https:\/\/htb.com.pl\/wp-content\/uploads\/2018\/04\/posluchaj-300x300.jpg 300w, https:\/\/htb.com.pl\/wp-content\/uploads\/2018\/04\/posluchaj-100x100.jpg 100w\" sizes=\"auto, (max-width: 150px) 100vw, 150px\" \/><\/a><\/figure>\n\n\n\n<p><\/p>\n\n\n\n<p>Po tym, jak &#8220;ruscy&#8221; Anglik\u00f3w nabrali i ci za wyj\u015bciem z Unii Europejskiej zag\u0142osowali, za Polak\u00f3w si\u0119 zabrali. Pana Jaros\u0142awa Kaczy\u0144skiego do tego zaanga\u017cowali, a ten a\u017c si\u0119 do tej wsp\u00f3\u0142pracy pali. <a href=\"http:\/\/radiomaria.com.pl\/wp-content\/uploads\/2022\/10\/23.10.Jaroslaw-przemysl.mp3\"><img loading=\"lazy\" decoding=\"async\" width=\"150\" height=\"100\" class=\"wp-image-75539\" style=\"width: 150px;\" src=\"https:\/\/htb.com.pl\/wp-content\/uploads\/2022\/10\/Jaroslaw-Przermysl.jpg\" alt=\"\" srcset=\"https:\/\/htb.com.pl\/wp-content\/uploads\/2022\/10\/Jaroslaw-Przermysl.jpg 993w, https:\/\/htb.com.pl\/wp-content\/uploads\/2022\/10\/Jaroslaw-Przermysl-300x200.jpg 300w, https:\/\/htb.com.pl\/wp-content\/uploads\/2022\/10\/Jaroslaw-Przermysl-768x513.jpg 768w, https:\/\/htb.com.pl\/wp-content\/uploads\/2022\/10\/Jaroslaw-Przermysl-600x401.jpg 600w\" sizes=\"auto, (max-width: 150px) 100vw, 150px\" \/><\/a> Wygl\u0105da, \u017ce to w\u0142a\u015bnie przy tym p\u0142omieniu b\u0119dziemy si\u0119 tej zimy grzali, bo jak chodzi o nasz\u0105 polityk\u0119 energetyczn\u0105, to nawet w\u0119giel, kt\u00f3ry rz\u0105dz\u0105cy zaimportowali si\u0119 nie pali.<\/p>\n\n\n\n<p>\u201eStarzy\u201d S\u0119dziowie S\u0105du Najwy\u017cszego dzia\u0142anie Rosjan zauwa\u017cyli i zaprotestowali, <a href=\"http:\/\/radiomaria.com.pl\/wp-content\/uploads\/2022\/10\/17.10.Protest.mp3\"><img loading=\"lazy\" decoding=\"async\" width=\"150\" height=\"75\" class=\"wp-image-75532\" style=\"width: 150px;\" src=\"https:\/\/htb.com.pl\/wp-content\/uploads\/2022\/10\/Sad-najwyzszymaly.jpg\" alt=\"\" srcset=\"https:\/\/htb.com.pl\/wp-content\/uploads\/2022\/10\/Sad-najwyzszymaly.jpg 994w, https:\/\/htb.com.pl\/wp-content\/uploads\/2022\/10\/Sad-najwyzszymaly-300x150.jpg 300w, https:\/\/htb.com.pl\/wp-content\/uploads\/2022\/10\/Sad-najwyzszymaly-768x384.jpg 768w, https:\/\/htb.com.pl\/wp-content\/uploads\/2022\/10\/Sad-najwyzszymaly-600x300.jpg 600w\" sizes=\"auto, (max-width: 150px) 100vw, 150px\" \/><\/a> ale rz\u0105dz\u0105cy ich \u201eolali\u201d. Uznali, \u017ce oni i tak nie b\u0119d\u0105 na nich g\u0142osowali. Pieni\u0119dzy dodrukowali i \u017ceby ich wyborcy nie narzekali, b\u0119d\u0105 im rozdawali. Rymuje si\u0119, \u017ce bud\u017cet si\u0119 zawali, ale to si\u0119 ju\u017c dawno sta\u0142o, tylko Polskie Radio 24 &nbsp;jeszcze tego nie poda\u0142o, a media, kt\u00f3re m\u00f3wi\u0105, \u017ce s\u0105 wolne milcz\u0105 .<a href=\"http:\/\/radiomaria.com.pl\/wp-content\/uploads\/2022\/10\/22.10.Wojna_.mp3\"><img loading=\"lazy\" decoding=\"async\" width=\"150\" height=\"113\" class=\"wp-image-75521\" style=\"width: 150px;\" src=\"https:\/\/htb.com.pl\/wp-content\/uploads\/2022\/10\/Kochowka.png\" alt=\"\" srcset=\"https:\/\/htb.com.pl\/wp-content\/uploads\/2022\/10\/Kochowka.png 798w, https:\/\/htb.com.pl\/wp-content\/uploads\/2022\/10\/Kochowka-300x226.png 300w, https:\/\/htb.com.pl\/wp-content\/uploads\/2022\/10\/Kochowka-768x577.png 768w, https:\/\/htb.com.pl\/wp-content\/uploads\/2022\/10\/Kochowka-600x451.png 600w\" sizes=\"auto, (max-width: 150px) 100vw, 150px\" \/><\/a> \u2013 bo jak rz\u0105dz\u0105cy reklam u nich nie b\u0119d\u0105 zamawiali, to r\u00f3wnie\u017c bud\u017cet \u201ewolnych medi\u00f3w\u201d si\u0119 zawali. Tak to sobie rz\u0105dz\u0105cy wykombinowali, jak 11 kwietnia 1990 roku cenzur\u0119 na Mysiej zlikwidowali.<\/p>\n\n\n\n<p>To mo\u017ce Radia Maria by\u015bcie s\u0142uchali? My zio\u0142a sprzedajemy i reklam nie nadajemy. Poza tym zasad\u0119 Marysi stosujemy i na nieobecnych nie &#8220;nadajemy&#8221;.<\/p>\n","protected":false},"excerpt":{"rendered":"<p>Po tym, jak &#8220;ruscy&#8221; Anglik\u00f3w nabrali i ci za wyj\u015bciem z Unii Europejskiej zag\u0142osowali, za Polak\u00f3w si\u0119 zabrali. Pana Jaros\u0142awa Kaczy\u0144skiego do tego zaanga\u017cowali, a ten a\u017c si\u0119 do tej wsp\u00f3\u0142pracy pali. Wygl\u0105da, \u017ce to w\u0142a\u015bnie przy tym p\u0142omieniu b\u0119dziemy si\u0119 tej zimy grzali, bo jak chodzi o nasz\u0105 polityk\u0119 energetyczn\u0105, to nawet w\u0119giel, kt\u00f3ry [&hellip;]<\/p>\n","protected":false},"author":1,"featured_media":75535,"comment_status":"open","ping_status":"open","sticky":false,"template":"","format":"standard","meta":{"_jetpack_memberships_contains_paid_content":false,"footnotes":""},"categories":[4],"tags":[834],"class_list":["post-75526","post","type-post","status-publish","format-standard","has-post-thumbnail","hentry","category-daty-i-fakty-blog","tag-jaroslaw-przemysl"],"jetpack_sharing_enabled":true,"jetpack_featured_media_url":"https:\/\/htb.com.pl\/wp-content\/uploads\/2022\/10\/Przemysl.png","_links":{"self":[{"href":"https:\/\/htb.com.pl\/index.php?rest_route=\/wp\/v2\/posts\/75526","targetHints":{"allow":["GET"]}}],"collection":[{"href":"https:\/\/htb.com.pl\/index.php?rest_route=\/wp\/v2\/posts"}],"about":[{"href":"https:\/\/htb.com.pl\/index.php?rest_route=\/wp\/v2\/types\/post"}],"author":[{"embeddable":true,"href":"https:\/\/htb.com.pl\/index.php?rest_route=\/wp\/v2\/users\/1"}],"replies":[{"embeddable":true,"href":"https:\/\/htb.com.pl\/index.php?rest_route=%2Fwp%2Fv2%2Fcomments&post=75526"}],"version-history":[{"count":9,"href":"https:\/\/htb.com.pl\/index.php?rest_route=\/wp\/v2\/posts\/75526\/revisions"}],"predecessor-version":[{"id":75545,"href":"https:\/\/htb.com.pl\/index.php?rest_route=\/wp\/v2\/posts\/75526\/revisions\/75545"}],"wp:featuredmedia":[{"embeddable":true,"href":"https:\/\/htb.com.pl\/index.php?rest_route=\/wp\/v2\/media\/75535"}],"wp:attachment":[{"href":"https:\/\/htb.com.pl\/index.php?rest_route=%2Fwp%2Fv2%2Fmedia&parent=75526"}],"wp:term":[{"taxonomy":"category","embeddable":true,"href":"https:\/\/htb.com.pl\/index.php?rest_route=%2Fwp%2Fv2%2Fcategories&post=75526"},{"taxonomy":"post_tag","embeddable":true,"href":"https:\/\/htb.com.pl\/index.php?rest_route=%2Fwp%2Fv2%2Ftags&post=75526"}],"curies":[{"name":"wp","href":"https:\/\/api.w.org\/{rel}","templated":true}]}}