{"id":76557,"date":"2022-11-13T12:51:39","date_gmt":"2022-11-13T12:51:39","guid":{"rendered":"https:\/\/htb.com.pl\/?p=76557"},"modified":"2022-11-13T13:47:18","modified_gmt":"2022-11-13T13:47:18","slug":"zblizamy-sie-do-prawdy","status":"publish","type":"post","link":"https:\/\/htb.com.pl\/?p=76557","title":{"rendered":"Zbli\u017camy si\u0119 do prawdy"},"content":{"rendered":"\n<p><\/p>\n\n\n\n<figure class=\"wp-block-image size-thumbnail\"><a href=\"https:\/\/htb.com.pl\/wp-content\/uploads\/2022\/11\/Zblizamy-sie-do-prawdy.mp3\"><img loading=\"lazy\" decoding=\"async\" width=\"150\" height=\"150\" src=\"https:\/\/htb.com.pl\/wp-content\/uploads\/2018\/04\/posluchaj-150x150.jpg\" alt=\"\" class=\"wp-image-2020\" srcset=\"https:\/\/htb.com.pl\/wp-content\/uploads\/2018\/04\/posluchaj-150x150.jpg 150w, https:\/\/htb.com.pl\/wp-content\/uploads\/2018\/04\/posluchaj-300x300.jpg 300w, https:\/\/htb.com.pl\/wp-content\/uploads\/2018\/04\/posluchaj-100x100.jpg 100w\" sizes=\"auto, (max-width: 150px) 100vw, 150px\" \/><\/a><\/figure>\n\n\n\n<p>Tytu\u0142 to s\u0142owa pana Jaros\u0142awa Kaczy\u0144skiego odnosz\u0105ce si\u0119 do \u201ezamachu smole\u0144skiego\u201d, ale w moim wpisie oznaczaj\u0105 co\u015b innego. W dalszej cz\u0119\u015bci wr\u00f3cimy do pana Kaczy\u0144skiego.<\/p>\n\n\n\n<p>&nbsp; Prawda o kt\u00f3rej chc\u0119 napisa\u0107, to prawda historyczna, kt\u00f3ra pozwala w\u0142a\u015bciwie ocenia\u0107 aktualne wydarzenia \u2013 boimy si\u0119 jej. Politycy boj\u0105 si\u0119 prawdy, bo wtedy strac\u0105 nasze poparcie \u2013 ale dlaczego my si\u0119 jej boimy?<\/p>\n\n\n\n<p>&nbsp; Obchodzili\u015bmy \u015awi\u0119to Niepodleg\u0142o\u015bci <a href=\"http:\/\/radiomaria.com.pl\/wp-content\/uploads\/2022\/11\/12.11.Populizm-slabnie.mp3\"><img loading=\"lazy\" decoding=\"async\" width=\"150\" height=\"128\" class=\"wp-image-76564\" style=\"width: 150px;\" src=\"https:\/\/htb.com.pl\/wp-content\/uploads\/2022\/11\/FhSLn8LWQAU4NIk.jpg\" alt=\"\" srcset=\"https:\/\/htb.com.pl\/wp-content\/uploads\/2022\/11\/FhSLn8LWQAU4NIk.jpg 680w, https:\/\/htb.com.pl\/wp-content\/uploads\/2022\/11\/FhSLn8LWQAU4NIk-300x255.jpg 300w, https:\/\/htb.com.pl\/wp-content\/uploads\/2022\/11\/FhSLn8LWQAU4NIk-600x510.jpg 600w\" sizes=\"auto, (max-width: 150px) 100vw, 150px\" \/><\/a> i zn\u00f3w wszyscy, zar\u00f3wno politycy, jak i publicy\u015bci k\u0142amali, \u017ce t\u0105 wolno\u015b\u0107 dzi\u0119ki J\u00f3zefowu Pi\u0142sudskiemu \u017ce\u015bmy odzyskali. Prosz\u0119 mi wierzy\u0107, lepiej by by\u0142o, gdyby\u015bmy prawd\u0119 poznali. Wolno\u015b\u0107 \u017ce\u015bmy odzyskali, bo o tym, \u017ce by\u0142a kiedy\u015b Polska ludzie na \u015bwiecie dzi\u0119ki Ignacemu Janowi Paderewskiemu pami\u0119tali. To on. jako najwspanialszy w\u00f3wczas pianista &nbsp;na \u015bwiecie&nbsp; zawsze m\u00f3wi\u0142, \u017ce jest Polakiem. Gdy J\u00f3zef Pi\u0142sudski i jego pierwsza brygada do Kielc maszerowa\u0142a, Polska i to zar\u00f3wno ta szlachecka, jak i ch\u0142opska bramy, dziwi, a nawet okiennice przed nimi zamyka\u0142a. Do Kieleckiej katedry te\u017c nie zostali wpuszczeni. To prezydent Stan\u00f3w Zjednoczonych, Woodrow Wilson wielbiciel talentu Paderewskiego, a prywatnie jego przyjaciel powiedzia\u0142; Traktat Wersalski podpisz\u0119, jak b\u0119dzie Polska. I Polska by\u0142a, ale zamiast s\u0142ucha\u0107 Paderewskiego w kierunku nacjonalizmu skr\u0119ci\u0142a. Po kl\u0119sce z wrze\u015bnia 1939 roku Paderewski &nbsp;&nbsp;cho\u0107 schorowany \u201ezagra\u0142 dla Polski\u201d jeszcze raz. Jego przem\u00f3wienie w Parlamencie Brytyjskim, z grudnia 1939 roku., to pocz\u0105tek nowego Pa\u0144stwa Polskiego \u2013 jego ko\u0144cem by\u0142o zamordowanie w Giblartarze genera\u0142a W\u0142adys\u0142awa Sikorskiego (4 lipca 1943).<\/p>\n\n\n\n<p>  Dzi\u015b politycy, dla kt\u00f3rych by\u0142o to pocz\u0105tkiem ich bytu politycznego, wymazuj\u0105 z historii zar\u00f3wno Sikorskiego, jak i Paderewskiego. A oto ich dokonania podczas takiego wymazywania z tygodnia ostatniego.<\/p>\n\n\n\n<p>  Z uporem wartym lepszej sprawy staraj\u0105 si\u0119 zrezygnowa\u0107 z nale\u017cnych nam pieni\u0119dzy z unijnego programu pomocowego, <a href=\"http:\/\/radiomaria.com.pl\/wp-content\/uploads\/2022\/11\/08.11.Kasa-sie-sknczyla1.mp3\"><img loading=\"lazy\" decoding=\"async\" width=\"150\" height=\"94\" class=\"wp-image-76558\" style=\"width: 150px;\" src=\"https:\/\/htb.com.pl\/wp-content\/uploads\/2022\/11\/Jackowskimaly.png\" alt=\"\" srcset=\"https:\/\/htb.com.pl\/wp-content\/uploads\/2022\/11\/Jackowskimaly.png 976w, https:\/\/htb.com.pl\/wp-content\/uploads\/2022\/11\/Jackowskimaly-300x188.png 300w, https:\/\/htb.com.pl\/wp-content\/uploads\/2022\/11\/Jackowskimaly-768x482.png 768w, https:\/\/htb.com.pl\/wp-content\/uploads\/2022\/11\/Jackowskimaly-600x377.png 600w\" sizes=\"auto, (max-width: 150px) 100vw, 150px\" \/><\/a> a dla uzasadnienia tego, obwo\u017c\u0105 po kraju Jaros\u0142awa Kaczy\u0144skiego. <a href=\"http:\/\/radiomaria.com.pl\/wp-content\/uploads\/2022\/11\/13.11.-Kaczynski-w-Wadowicach.mp3\"><img loading=\"lazy\" decoding=\"async\" width=\"150\" height=\"118\" class=\"wp-image-76562\" style=\"width: 150px;\" src=\"https:\/\/htb.com.pl\/wp-content\/uploads\/2022\/11\/Wadowice.png\" alt=\"\" srcset=\"https:\/\/htb.com.pl\/wp-content\/uploads\/2022\/11\/Wadowice.png 995w, https:\/\/htb.com.pl\/wp-content\/uploads\/2022\/11\/Wadowice-300x237.png 300w, https:\/\/htb.com.pl\/wp-content\/uploads\/2022\/11\/Wadowice-768x607.png 768w, https:\/\/htb.com.pl\/wp-content\/uploads\/2022\/11\/Wadowice-600x474.png 600w\" sizes=\"auto, (max-width: 150px) 100vw, 150px\" \/><\/a> Pos\u0142uchajcie relacji z naszego \u015bwi\u0119towania Dnia Niepodleg\u0142o\u015bci i wykorzystajcie w przysz\u0142o\u015bci \u2013 bo wkr\u00f3tce nie b\u0119dzie niepodleg\u0142o\u015bci.<\/p>\n\n\n\n<figure class=\"wp-block-image size-full\"><a href=\"http:\/\/radiomaria.com.pl\/wp-content\/uploads\/2022\/11\/Dzien-Niepodleglosci-Mielec-Skwer-I.J.-Paderewskiego-2022.mp3\"><img loading=\"lazy\" decoding=\"async\" width=\"607\" height=\"381\" src=\"https:\/\/htb.com.pl\/wp-content\/uploads\/2022\/11\/Mielec-swe.png\" alt=\"\" class=\"wp-image-76566\" srcset=\"https:\/\/htb.com.pl\/wp-content\/uploads\/2022\/11\/Mielec-swe.png 607w, https:\/\/htb.com.pl\/wp-content\/uploads\/2022\/11\/Mielec-swe-300x188.png 300w, https:\/\/htb.com.pl\/wp-content\/uploads\/2022\/11\/Mielec-swe-600x377.png 600w\" sizes=\"auto, (max-width: 607px) 100vw, 607px\" \/><\/a><figcaption>Zdj\u0119cie jest aktywne. Klikaj\u0105c je wys\u0142uchasz audycji Radia MARIA nadanej 11 listopada 2022 roku ze Skweru Ignacego Jana Paderewskiego w Mielcu.<\/figcaption><\/figure>\n","protected":false},"excerpt":{"rendered":"<p>Tytu\u0142 to s\u0142owa pana Jaros\u0142awa Kaczy\u0144skiego odnosz\u0105ce si\u0119 do \u201ezamachu smole\u0144skiego\u201d, ale w moim wpisie oznaczaj\u0105 co\u015b innego. W dalszej cz\u0119\u015bci wr\u00f3cimy do pana Kaczy\u0144skiego. &nbsp; Prawda o kt\u00f3rej chc\u0119 napisa\u0107, to prawda historyczna, kt\u00f3ra pozwala w\u0142a\u015bciwie ocenia\u0107 aktualne wydarzenia \u2013 boimy si\u0119 jej. Politycy boj\u0105 si\u0119 prawdy, bo wtedy strac\u0105 nasze poparcie \u2013 ale [&hellip;]<\/p>\n","protected":false},"author":1,"featured_media":76573,"comment_status":"open","ping_status":"open","sticky":false,"template":"","format":"standard","meta":{"_jetpack_memberships_contains_paid_content":false,"footnotes":""},"categories":[4],"tags":[838],"class_list":["post-76557","post","type-post","status-publish","format-standard","has-post-thumbnail","hentry","category-daty-i-fakty-blog","tag-zblizamy-sie-do-prawdy"],"jetpack_sharing_enabled":true,"jetpack_featured_media_url":"https:\/\/htb.com.pl\/wp-content\/uploads\/2022\/11\/Paderewskiw-Nowym-Jorkubdb.png","_links":{"self":[{"href":"https:\/\/htb.com.pl\/index.php?rest_route=\/wp\/v2\/posts\/76557","targetHints":{"allow":["GET"]}}],"collection":[{"href":"https:\/\/htb.com.pl\/index.php?rest_route=\/wp\/v2\/posts"}],"about":[{"href":"https:\/\/htb.com.pl\/index.php?rest_route=\/wp\/v2\/types\/post"}],"author":[{"embeddable":true,"href":"https:\/\/htb.com.pl\/index.php?rest_route=\/wp\/v2\/users\/1"}],"replies":[{"embeddable":true,"href":"https:\/\/htb.com.pl\/index.php?rest_route=%2Fwp%2Fv2%2Fcomments&post=76557"}],"version-history":[{"count":8,"href":"https:\/\/htb.com.pl\/index.php?rest_route=\/wp\/v2\/posts\/76557\/revisions"}],"predecessor-version":[{"id":76580,"href":"https:\/\/htb.com.pl\/index.php?rest_route=\/wp\/v2\/posts\/76557\/revisions\/76580"}],"wp:featuredmedia":[{"embeddable":true,"href":"https:\/\/htb.com.pl\/index.php?rest_route=\/wp\/v2\/media\/76573"}],"wp:attachment":[{"href":"https:\/\/htb.com.pl\/index.php?rest_route=%2Fwp%2Fv2%2Fmedia&parent=76557"}],"wp:term":[{"taxonomy":"category","embeddable":true,"href":"https:\/\/htb.com.pl\/index.php?rest_route=%2Fwp%2Fv2%2Fcategories&post=76557"},{"taxonomy":"post_tag","embeddable":true,"href":"https:\/\/htb.com.pl\/index.php?rest_route=%2Fwp%2Fv2%2Ftags&post=76557"}],"curies":[{"name":"wp","href":"https:\/\/api.w.org\/{rel}","templated":true}]}}