{"id":76894,"date":"2022-11-20T08:27:26","date_gmt":"2022-11-20T08:27:26","guid":{"rendered":"https:\/\/htb.com.pl\/?p=76894"},"modified":"2022-11-21T06:11:22","modified_gmt":"2022-11-21T06:11:22","slug":"jak-to-z-ukraina-bylo-ze-jej-nie-bylo","status":"publish","type":"post","link":"https:\/\/htb.com.pl\/?p=76894","title":{"rendered":"Jak to z Ukrain\u0105 by\u0142o, \u017ce jej nie by\u0142o?"},"content":{"rendered":"\n<p><\/p>\n\n\n\n<figure class=\"wp-block-image size-thumbnail\"><a href=\"https:\/\/htb.com.pl\/wp-content\/uploads\/2022\/11\/Jak-to-z-Ukraina-bylo-ze-jej-nie-bylo.mp3\"><img loading=\"lazy\" decoding=\"async\" width=\"150\" height=\"150\" src=\"https:\/\/htb.com.pl\/wp-content\/uploads\/2018\/04\/posluchaj-150x150.jpg\" alt=\"\" class=\"wp-image-2020\" srcset=\"https:\/\/htb.com.pl\/wp-content\/uploads\/2018\/04\/posluchaj-150x150.jpg 150w, https:\/\/htb.com.pl\/wp-content\/uploads\/2018\/04\/posluchaj-300x300.jpg 300w, https:\/\/htb.com.pl\/wp-content\/uploads\/2018\/04\/posluchaj-100x100.jpg 100w\" sizes=\"auto, (max-width: 150px) 100vw, 150px\" \/><\/a><\/figure>\n\n\n\n<p>W nocy z 21 na 22 kwietnia 1920 r. zosta\u0142a podpisana w Warszawie umowa o wsp\u00f3\u0142pracy pomi\u0119dzy Polsk\u0105 a Ukrain\u0105. &nbsp;J\u00f3zef Pi\u0142sudski i Symon Petlura, stworzyli plan walki z Armi\u0105 Czerwon\u0105. Kluczow\u0105 dla realizacji tego planu by\u0142a polsko-ukrai\u0144ska umowa sojusznicza, datowana 21 kwietnia 1920 r. i podpisana trzy dni p\u00f3\u017aniej konwencja wojskowa. Obydwa te pa\u0144stw by\u0142y na pocz\u0105tku swojej drogo do wolno\u015bci i samostanowienia. Sta\u0142y w obliczu kolejnych zwyci\u0119stw komunist\u00f3w w Rosji i Ukrainie. To by\u0142o zagro\u017cenie.<\/p>\n\n\n\n<p>&nbsp; Jak to si\u0119 sta\u0142o, \u017ce Polsce si\u0119 uda\u0142o?<\/p>\n\n\n\n<p>&nbsp;&nbsp;W decyduj\u0105cym momencie, na dzie\u0144 przed Bitw\u0105 Warszawsk\u0105 (13-25 sierpnia 1920 roku) J\u00f3zef Pi\u0142sudski z\u0142o\u017cy\u0142 dymisj\u0119. Polska na chwil\u0119 sta\u0142a si\u0119 zjednoczona, podczas gdy Ukraina pod wodz\u0105 Petlury nadal by\u0142a narodowa i przez to niezdolna do zjednoczenia w obliczu zagro\u017cenia. Wprawdzie po bitwie ca\u0142e to nacjonalistyczne z\u0142o w Polsce wr\u00f3ci\u0142o, ale to, \u017ce go przez kilka dni nie by\u0142o wystarczy\u0142o, \u017ceby Pa\u0144stwo Polskie na mapie by\u0142o. Niestety Traktat Ryski z18 marca 1921 ko\u0144cz\u0105cy wojn\u0119 podpisywa\u0142 ju\u017c J\u00f3zef Pi\u0142sudski. By\u0142a to umowa o preliminaryjnym (wst\u0119pnym, tymczasowym) pokoju i rozejmie mi\u0119dzy Rzecz\u0105pospolit\u0105 Polsk\u0105 a Rosyjsk\u0105 Federacyjn\u0105 Socjalistyczn\u0105 Republik\u0105 Rad i Ukrai\u0144sk\u0105 Socjalistyczn\u0105 Republik\u0105 Rad. Zdecydowano, \u017ce Ukraina walk\u0119 o sw\u0105 podmiotowo\u015b\u0107 przegra\u0142a.<\/p>\n\n\n\n<p>Teraz po latach sw\u00f3j b\u0142\u0105d zrozumia\u0142a. Wo\u0142odymyra Ze\u0142enskiego, aktora komediowego pochodzenia \u017cydowskiego na prezydenta wybra\u0142a. Pod jego przyw\u00f3dztwem si\u0119 zjednoczy\u0142a, nacjonalizm\u00f3w pozby\u0142a i zwyci\u0119\u017cy\u0142a.<\/p>\n\n\n\n<p>Polska za\u015b w \u015blep\u0105 uliczk\u0119 skr\u0119ci\u0142a \u2013 na nacjonalizm postawi\u0142a.<\/p>\n\n\n\n<p>A oto jak w ostatnim tygodniu nasz klasa polityczna do zag\u0142ady kraju d\u0105\u017cy\u0142a.<\/p>\n\n\n\n<p>Tunel drogowy na zakopiance otwiera\u0142a, ale o tym, \u017ce inwestycj\u0119 w wi\u0119kszo\u015bci Unia Europejska sfinansowa\u0142a powiedzie\u0107 zapomnia\u0142a. <a href=\"http:\/\/radiomaria.com.pl\/wp-content\/uploads\/2022\/11\/14.11.Srodki-unijne.mp3\"><img loading=\"lazy\" decoding=\"async\" width=\"150\" height=\"63\" class=\"wp-image-76896\" style=\"width: 150px;\" src=\"https:\/\/htb.com.pl\/wp-content\/uploads\/2022\/11\/Otwarciedobry.jpg\" alt=\"\" srcset=\"https:\/\/htb.com.pl\/wp-content\/uploads\/2022\/11\/Otwarciedobry.jpg 729w, https:\/\/htb.com.pl\/wp-content\/uploads\/2022\/11\/Otwarciedobry-300x127.jpg 300w, https:\/\/htb.com.pl\/wp-content\/uploads\/2022\/11\/Otwarciedobry-600x253.jpg 600w\" sizes=\"auto, (max-width: 150px) 100vw, 150px\" \/><\/a><\/p>\n\n\n\n<p>Wybuch w Przewodowie, gdzie zgin\u0119\u0142o dw\u00f3ch Polak\u00f3w w swej nieustaj\u0105cej kampanii wyborczej wykorzysta\u0107 pr\u00f3bowa\u0142a &#8211; i jak si\u0119 okaza\u0142o wykorzysta\u0142a. <a href=\"http:\/\/radiomaria.com.pl\/wp-content\/uploads\/2022\/11\/16.11.Rakiety1.mp3\"><img loading=\"lazy\" decoding=\"async\" width=\"150\" height=\"113\" class=\"wp-image-76898\" style=\"width: 150px;\" src=\"https:\/\/htb.com.pl\/wp-content\/uploads\/2022\/11\/Przewodowa.jpg\" alt=\"\" srcset=\"https:\/\/htb.com.pl\/wp-content\/uploads\/2022\/11\/Przewodowa.jpg 640w, https:\/\/htb.com.pl\/wp-content\/uploads\/2022\/11\/Przewodowa-300x225.jpg 300w, https:\/\/htb.com.pl\/wp-content\/uploads\/2022\/11\/Przewodowa-600x450.jpg 600w\" sizes=\"auto, (max-width: 150px) 100vw, 150px\" \/><\/a><\/p>\n\n\n\n<p>Pozytywne jest to, \u017ce nasi ekonomi\u015bci problemy z naszym bud\u017cetem zauwa\u017cyli i jako \u201epo\u017car w burdelu\u201d ca\u0142o\u015b\u0107 okre\u015blili. <a href=\"http:\/\/radiomaria.com.pl\/wp-content\/uploads\/2022\/11\/19.11.Pozar-w-burdelu.mp3\"><img loading=\"lazy\" decoding=\"async\" width=\"150\" height=\"150\" class=\"wp-image-76900\" style=\"width: 150px;\" src=\"https:\/\/htb.com.pl\/wp-content\/uploads\/2022\/11\/p_pozarwburdelumaly.jpg\" alt=\"\" srcset=\"https:\/\/htb.com.pl\/wp-content\/uploads\/2022\/11\/p_pozarwburdelumaly.jpg 973w, https:\/\/htb.com.pl\/wp-content\/uploads\/2022\/11\/p_pozarwburdelumaly-300x300.jpg 300w, https:\/\/htb.com.pl\/wp-content\/uploads\/2022\/11\/p_pozarwburdelumaly-150x150.jpg 150w, https:\/\/htb.com.pl\/wp-content\/uploads\/2022\/11\/p_pozarwburdelumaly-768x768.jpg 768w, https:\/\/htb.com.pl\/wp-content\/uploads\/2022\/11\/p_pozarwburdelumaly-600x600.jpg 600w, https:\/\/htb.com.pl\/wp-content\/uploads\/2022\/11\/p_pozarwburdelumaly-100x100.jpg 100w\" sizes=\"auto, (max-width: 150px) 100vw, 150px\" \/><\/a><\/p>\n\n\n\n<p>Gdzie \u017ce\u015bcie kochani do tej pory byli?<\/p>\n","protected":false},"excerpt":{"rendered":"<p>W nocy z 21 na 22 kwietnia 1920 r. zosta\u0142a podpisana w Warszawie umowa o wsp\u00f3\u0142pracy pomi\u0119dzy Polsk\u0105 a Ukrain\u0105. &nbsp;J\u00f3zef Pi\u0142sudski i Symon Petlura, stworzyli plan walki z Armi\u0105 Czerwon\u0105. Kluczow\u0105 dla realizacji tego planu by\u0142a polsko-ukrai\u0144ska umowa sojusznicza, datowana 21 kwietnia 1920 r. i podpisana trzy dni p\u00f3\u017aniej konwencja wojskowa. Obydwa te pa\u0144stw [&hellip;]<\/p>\n","protected":false},"author":1,"featured_media":76902,"comment_status":"open","ping_status":"open","sticky":false,"template":"","format":"standard","meta":{"_jetpack_memberships_contains_paid_content":false,"footnotes":""},"categories":[4],"tags":[839,840],"class_list":["post-76894","post","type-post","status-publish","format-standard","has-post-thumbnail","hentry","category-daty-i-fakty-blog","tag-jak-to-z-ukraina-bylo","tag-ze-jej-nie-bylo"],"jetpack_sharing_enabled":true,"jetpack_featured_media_url":"https:\/\/htb.com.pl\/wp-content\/uploads\/2022\/11\/DymisjaP.jpg","_links":{"self":[{"href":"https:\/\/htb.com.pl\/index.php?rest_route=\/wp\/v2\/posts\/76894","targetHints":{"allow":["GET"]}}],"collection":[{"href":"https:\/\/htb.com.pl\/index.php?rest_route=\/wp\/v2\/posts"}],"about":[{"href":"https:\/\/htb.com.pl\/index.php?rest_route=\/wp\/v2\/types\/post"}],"author":[{"embeddable":true,"href":"https:\/\/htb.com.pl\/index.php?rest_route=\/wp\/v2\/users\/1"}],"replies":[{"embeddable":true,"href":"https:\/\/htb.com.pl\/index.php?rest_route=%2Fwp%2Fv2%2Fcomments&post=76894"}],"version-history":[{"count":6,"href":"https:\/\/htb.com.pl\/index.php?rest_route=\/wp\/v2\/posts\/76894\/revisions"}],"predecessor-version":[{"id":76949,"href":"https:\/\/htb.com.pl\/index.php?rest_route=\/wp\/v2\/posts\/76894\/revisions\/76949"}],"wp:featuredmedia":[{"embeddable":true,"href":"https:\/\/htb.com.pl\/index.php?rest_route=\/wp\/v2\/media\/76902"}],"wp:attachment":[{"href":"https:\/\/htb.com.pl\/index.php?rest_route=%2Fwp%2Fv2%2Fmedia&parent=76894"}],"wp:term":[{"taxonomy":"category","embeddable":true,"href":"https:\/\/htb.com.pl\/index.php?rest_route=%2Fwp%2Fv2%2Fcategories&post=76894"},{"taxonomy":"post_tag","embeddable":true,"href":"https:\/\/htb.com.pl\/index.php?rest_route=%2Fwp%2Fv2%2Ftags&post=76894"}],"curies":[{"name":"wp","href":"https:\/\/api.w.org\/{rel}","templated":true}]}}