{"id":77894,"date":"2022-12-11T08:37:14","date_gmt":"2022-12-11T08:37:14","guid":{"rendered":"https:\/\/htb.com.pl\/?p=77894"},"modified":"2022-12-11T09:18:55","modified_gmt":"2022-12-11T09:18:55","slug":"tak-dla-in-vitro","status":"publish","type":"post","link":"https:\/\/htb.com.pl\/?p=77894","title":{"rendered":"Tak dla In Vitro"},"content":{"rendered":"\n<figure class=\"wp-block-image size-thumbnail\"><a href=\"https:\/\/htb.com.pl\/wp-content\/uploads\/2022\/12\/In-Vitro-TAK.mp3\"><img loading=\"lazy\" decoding=\"async\" width=\"150\" height=\"150\" src=\"https:\/\/htb.com.pl\/wp-content\/uploads\/2018\/04\/posluchaj-150x150.jpg\" alt=\"\" class=\"wp-image-2020\" srcset=\"https:\/\/htb.com.pl\/wp-content\/uploads\/2018\/04\/posluchaj-150x150.jpg 150w, https:\/\/htb.com.pl\/wp-content\/uploads\/2018\/04\/posluchaj-300x300.jpg 300w, https:\/\/htb.com.pl\/wp-content\/uploads\/2018\/04\/posluchaj-100x100.jpg 100w\" sizes=\"auto, (max-width: 150px) 100vw, 150px\" \/><\/a><\/figure>\n\n\n\n<p>Projekt zainicjowa\u0142a Wiceprzewodnicz\u0105ca Parlamentu Europejskiego Ewa Kopacz, wspieraj\u0105c Obywateli w walce o r\u00f3wny dost\u0119p do leczenia. Jego za\u0142o\u017ceniem jest przeznaczenie \u015brodk\u00f3w na polityk\u0119 zdrowotn\u0105 w obszarze leczenia niep\u0142odno\u015bci, w tym finansowanie procedur medycznych wspomaganej prokreacji, mi\u0119dzy innymi in vitro. Ma by\u0107 to co najmniej 500 milion\u00f3w z\u0142otych rocznie.<\/p>\n\n\n\n<p>Trzeba zebra\u0107 100 tys. podpis\u00f3w i Radio MARIA si\u0119 w to zaanga\u017cowa\u0142o. <a href=\"http:\/\/radiomaria.com.pl\/wp-content\/uploads\/2022\/12\/Tak-dla-In-Vitro1.mp3\"><img loading=\"lazy\" decoding=\"async\" width=\"150\" height=\"68\" class=\"wp-image-77896\" style=\"width: 150px;\" src=\"https:\/\/htb.com.pl\/wp-content\/uploads\/2022\/12\/Starowka.jpg\" alt=\"\" srcset=\"https:\/\/htb.com.pl\/wp-content\/uploads\/2022\/12\/Starowka.jpg 968w, https:\/\/htb.com.pl\/wp-content\/uploads\/2022\/12\/Starowka-300x135.jpg 300w, https:\/\/htb.com.pl\/wp-content\/uploads\/2022\/12\/Starowka-768x346.jpg 768w, https:\/\/htb.com.pl\/wp-content\/uploads\/2022\/12\/Starowka-600x270.jpg 600w\" sizes=\"auto, (max-width: 150px) 100vw, 150px\" \/><\/a> A \u017ce naszym symbolem jest Matka Boska Hodegertia &nbsp;(wskazuj\u0105ca drog\u0119), to si\u0119 nie wszystkim spodoba\u0142o. Przeciwnicy metody in vitro si\u0119 bali, \u017ce wielu co te podpisy na moich listach sk\u0142ada\u0142o &#8211; si\u0119 nabra\u0142o. Jakoby to chrze\u015bcija\u0144stwo za tym sta\u0142o.<\/p>\n\n\n\n<p>Gdyby niepokalane pocz\u0119cie &nbsp;naukowcom wyja\u015bni\u0107 si\u0119 kaza\u0142o, to by si\u0119 okaza\u0142o, \u017ce chrze\u015bcija\u0144stwo dzi\u0119ki in vitro powsta\u0142o. Dlatego lepiej by by\u0142o, \u017ceby religii do spraw ziemskich si\u0119 nie miesza\u0142o. Jezus na S\u0105dzie Pi\u0142ata powiedzia\u0142, \u017ce jego kr\u00f3lestwo nie jest z tego \u015bwiata i lepiej, \u017ceby tak zosta\u0142o.<\/p>\n\n\n\n<p>Ostatnio Pan mi wr\u0119cz zarzuci\u0142, \u017ce jestem za zabijaniem, a jego kolejnym zdaniem by\u0142o, \u017ce gdyby to od niego zale\u017ca\u0142o, to takich jak Tusk i Sikorski powiesi\u0107 by nale\u017ca\u0142o.<\/p>\n\n\n\n<p>Ju\u017c raz jednego Sikorskiego zamordowa\u0107 si\u0119 \u201euda\u0142o\u201d. Prosz\u0119 pomy\u015ble\u0107, jakby to wszystko wtedy i dzi\u015b wygl\u0105da\u0142o, gdyby si\u0119 nie \u201euda\u0142o\u201d.<\/p>\n\n\n\n<p>Ale si\u0119 uda\u0142o \u2013 i o Polsce w Teheranie, Ja\u0142cie i Poczdamie si\u0119 zapomnia\u0142o.<\/p>\n\n\n\n<p>Dzi\u015b podobnych do tych co dzi\u0119ki nim wtedy to wszystko si\u0119 sta\u0142o, polskie spo\u0142ecze\u0144stwo na swoich przedstawicieli wybra\u0142o. (Lol). Wtedy dzi\u0119ki Ko\u015bciuszkowcom przetrwa\u0107 si\u0119 uda\u0142o \u2013 a dzi\u015b? Co dzi\u015b nam zosta\u0142o?<\/p>\n\n\n\n<p>Nasze d\u0142ugi pokolenie naszych pra, pra wnuk\u00f3w b\u0119dzie sp\u0142aca\u0142o \u2013 je\u017celi jeszcze b\u0119dzie, co\u015b co Polsk\u0105 b\u0119dzie si\u0119 nazywa\u0142o. Bo z kraju, kt\u00f3ry ze zniszcze\u0144 wojennych odbudowa\u0107 si\u0119 uda\u0142o \u2013 niewiele zosta\u0142o.<\/p>\n\n\n\n<p>Ale jest nadziej, bo si\u0119 okaza\u0142o, \u017ce to co z tego co tu napisa\u0142em by wynika\u0142o, r\u00f3wnie\u017c rz\u0105dz\u0105cym wywnioskowa\u0107 si\u0119 uda\u0142o.<\/p>\n\n\n\n<p>&nbsp;Zawsze my\u015bla\u0142em, \u017ce towarzystwo to w obliczu tragedii podobne jak ich sanacyjne wzorce b\u0119dzie ucieka\u0142o. A tu si\u0119 okaza\u0142o, \u017ce si\u0119 \u201eokopa\u0142o\u201d i swoich ludzi na w\u0142a\u015bciwe \u201esto\u0142ki\u201d b\u0119dzie wsadza\u0142o. <a href=\"http:\/\/radiomaria.com.pl\/wp-content\/uploads\/2022\/12\/0912.-Jacek-Kurski-dyrektorem-w-Banku-Swiatowym.mp3\"><img loading=\"lazy\" decoding=\"async\" width=\"150\" height=\"79\" class=\"wp-image-77900\" style=\"width: 150px;\" src=\"https:\/\/htb.com.pl\/wp-content\/uploads\/2022\/12\/000GGLQGC5NWK7AR-C411.jpg\" alt=\"\" srcset=\"https:\/\/htb.com.pl\/wp-content\/uploads\/2022\/12\/000GGLQGC5NWK7AR-C411.jpg 570w, https:\/\/htb.com.pl\/wp-content\/uploads\/2022\/12\/000GGLQGC5NWK7AR-C411-300x158.jpg 300w\" sizes=\"auto, (max-width: 150px) 100vw, 150px\" \/><\/a><\/p>\n\n\n\n<p>Ciekawe, \u017ce przyk\u0142ad prezydenta Ukrainy Wo\u0142odumyra Za\u0142enskiego, <a href=\"http:\/\/radiomaria.com.pl\/wp-content\/uploads\/2022\/12\/10.12.Prezydent.mp3\"><img loading=\"lazy\" decoding=\"async\" width=\"150\" height=\"113\" class=\"wp-image-77904\" style=\"width: 150px;\" src=\"https:\/\/htb.com.pl\/wp-content\/uploads\/2022\/12\/Prezydent.jpeg\" alt=\"\" srcset=\"https:\/\/htb.com.pl\/wp-content\/uploads\/2022\/12\/Prezydent.jpeg 360w, https:\/\/htb.com.pl\/wp-content\/uploads\/2022\/12\/Prezydent-300x225.jpeg 300w\" sizes=\"auto, (max-width: 150px) 100vw, 150px\" \/><\/a> tak przecie\u017c odmienny od post\u0119powania przyw\u00f3dc\u00f3w polskiego pa\u0144stwa sanacyjnego z roku 1939, nie spowodowa\u0142 w dzisiejszej Polsce zwrotu w kierunku czego\u015b odwrotnego od tamtego.<\/p>\n\n\n\n<p>\u017bycz\u0119 Ukrainie, \u017ceby im si\u0119 uda\u0142o. Po I wojnie \u015bwiatowej na Petlur\u0119, podobnie jak my na Pi\u0142sudskiego stawiali \u2013 jednak Polacy w decyduj\u0105cym momencie, przed bitw\u0105 warszawsk\u0105 Pi\u0142sudskiego nie s\u0142uchali \u2013 niestety, gdy t\u0105 bitw\u0119 wygrali w\u0142adz\u0119 Pi\u0142sudskiemu ponownie oddali i do zawarcia pokoju w Rydze go desygnowali. A tam o Ukrainie, jako wolnym pa\u0144stwie nie rozmawiali. Mam nadziej\u0119, \u017ce teraz, gdy Ukrai\u0144cy z Rosj\u0105 traktat pokojowy b\u0119d\u0105 podpisywali, <a href=\"http:\/\/radiomaria.com.pl\/wp-content\/uploads\/2022\/12\/07.12.Wojna-w-Ukrainie.mp3\"><img loading=\"lazy\" decoding=\"async\" width=\"150\" height=\"94\" class=\"wp-image-77898\" style=\"width: 150px;\" src=\"https:\/\/htb.com.pl\/wp-content\/uploads\/2022\/12\/Lotniska.jpg\" alt=\"\" srcset=\"https:\/\/htb.com.pl\/wp-content\/uploads\/2022\/12\/Lotniska.jpg 948w, https:\/\/htb.com.pl\/wp-content\/uploads\/2022\/12\/Lotniska-300x187.jpg 300w, https:\/\/htb.com.pl\/wp-content\/uploads\/2022\/12\/Lotniska-768x480.jpg 768w, https:\/\/htb.com.pl\/wp-content\/uploads\/2022\/12\/Lotniska-600x375.jpg 600w\" sizes=\"auto, (max-width: 150px) 100vw, 150px\" \/><\/a> nie b\u0119d\u0105 o tym pami\u0119tali.<\/p>\n","protected":false},"excerpt":{"rendered":"<p>Projekt zainicjowa\u0142a Wiceprzewodnicz\u0105ca Parlamentu Europejskiego Ewa Kopacz, wspieraj\u0105c Obywateli w walce o r\u00f3wny dost\u0119p do leczenia. Jego za\u0142o\u017ceniem jest przeznaczenie \u015brodk\u00f3w na polityk\u0119 zdrowotn\u0105 w obszarze leczenia niep\u0142odno\u015bci, w tym finansowanie procedur medycznych wspomaganej prokreacji, mi\u0119dzy innymi in vitro. Ma by\u0107 to co najmniej 500 milion\u00f3w z\u0142otych rocznie. Trzeba zebra\u0107 100 tys. podpis\u00f3w i Radio [&hellip;]<\/p>\n","protected":false},"author":1,"featured_media":77908,"comment_status":"open","ping_status":"open","sticky":false,"template":"","format":"standard","meta":{"_jetpack_memberships_contains_paid_content":false,"footnotes":""},"categories":[4],"tags":[844],"class_list":["post-77894","post","type-post","status-publish","format-standard","has-post-thumbnail","hentry","category-daty-i-fakty-blog","tag-tak-dla-in-vitro"],"jetpack_sharing_enabled":true,"jetpack_featured_media_url":"https:\/\/htb.com.pl\/wp-content\/uploads\/2022\/12\/1377287_1669298553.jpg","_links":{"self":[{"href":"https:\/\/htb.com.pl\/index.php?rest_route=\/wp\/v2\/posts\/77894","targetHints":{"allow":["GET"]}}],"collection":[{"href":"https:\/\/htb.com.pl\/index.php?rest_route=\/wp\/v2\/posts"}],"about":[{"href":"https:\/\/htb.com.pl\/index.php?rest_route=\/wp\/v2\/types\/post"}],"author":[{"embeddable":true,"href":"https:\/\/htb.com.pl\/index.php?rest_route=\/wp\/v2\/users\/1"}],"replies":[{"embeddable":true,"href":"https:\/\/htb.com.pl\/index.php?rest_route=%2Fwp%2Fv2%2Fcomments&post=77894"}],"version-history":[{"count":6,"href":"https:\/\/htb.com.pl\/index.php?rest_route=\/wp\/v2\/posts\/77894\/revisions"}],"predecessor-version":[{"id":77913,"href":"https:\/\/htb.com.pl\/index.php?rest_route=\/wp\/v2\/posts\/77894\/revisions\/77913"}],"wp:featuredmedia":[{"embeddable":true,"href":"https:\/\/htb.com.pl\/index.php?rest_route=\/wp\/v2\/media\/77908"}],"wp:attachment":[{"href":"https:\/\/htb.com.pl\/index.php?rest_route=%2Fwp%2Fv2%2Fmedia&parent=77894"}],"wp:term":[{"taxonomy":"category","embeddable":true,"href":"https:\/\/htb.com.pl\/index.php?rest_route=%2Fwp%2Fv2%2Fcategories&post=77894"},{"taxonomy":"post_tag","embeddable":true,"href":"https:\/\/htb.com.pl\/index.php?rest_route=%2Fwp%2Fv2%2Ftags&post=77894"}],"curies":[{"name":"wp","href":"https:\/\/api.w.org\/{rel}","templated":true}]}}