{"id":78243,"date":"2022-12-18T14:42:50","date_gmt":"2022-12-18T14:42:50","guid":{"rendered":"https:\/\/htb.com.pl\/?p=78243"},"modified":"2022-12-19T09:00:44","modified_gmt":"2022-12-19T09:00:44","slug":"szczescia-w-nieszczesciu","status":"publish","type":"post","link":"https:\/\/htb.com.pl\/?p=78243","title":{"rendered":"Szcz\u0119\u015bcia w nieszcz\u0119\u015bciu"},"content":{"rendered":"\n<p><\/p>\n\n\n\n<figure class=\"wp-block-image size-thumbnail\"><a href=\"https:\/\/htb.com.pl\/wp-content\/uploads\/2022\/12\/Szczescia-w-nieszczesciu.mp3\"><img loading=\"lazy\" decoding=\"async\" width=\"150\" height=\"150\" src=\"https:\/\/htb.com.pl\/wp-content\/uploads\/2018\/04\/posluchaj-150x150.jpg\" alt=\"\" class=\"wp-image-2020\" srcset=\"https:\/\/htb.com.pl\/wp-content\/uploads\/2018\/04\/posluchaj-150x150.jpg 150w, https:\/\/htb.com.pl\/wp-content\/uploads\/2018\/04\/posluchaj-300x300.jpg 300w, https:\/\/htb.com.pl\/wp-content\/uploads\/2018\/04\/posluchaj-100x100.jpg 100w\" sizes=\"auto, (max-width: 150px) 100vw, 150px\" \/><\/a><\/figure>\n\n\n\n<p>Nieszcz\u0119\u015bcie jakim jest to, co \u017ce\u015bmy z nasz\u0105 Polsk\u0105 zrobili, gdy sprawowanie rz\u0105d\u00f3w w kraju ludziom bez wyobra\u017ani \u017ce\u015bmy powierzyli, ostatnio jakby\u015bmy zmniejszyli. Zacz\u0119\u0142o si\u0119 od weta prezydenckiego w sprawie pomys\u0142u Czarnkowego, \u017ceby szko\u0142\u0119 zrobi\u0107 na podobie\u0144stwo tej z okresu zaboru rosyjskiego. Pan prezydent Andrzej Duda ustaw\u0119 \u201eLex Czarnek 2\u201d zawetowa\u0142. T\u0142umaczy\u0142, \u017ce ludzie do weta go przekonali, bo listy protestacyjne pisali. <a href=\"http:\/\/radiomaria.com.pl\/wp-content\/uploads\/2022\/12\/16.12.-Weto.mp3\"><img loading=\"lazy\" decoding=\"async\" width=\"150\" height=\"148\" class=\"wp-image-78251\" style=\"width: 150px;\" src=\"https:\/\/htb.com.pl\/wp-content\/uploads\/2022\/12\/Zablokowane.png\" alt=\"\" srcset=\"https:\/\/htb.com.pl\/wp-content\/uploads\/2022\/12\/Zablokowane.png 642w, https:\/\/htb.com.pl\/wp-content\/uploads\/2022\/12\/Zablokowane-300x295.png 300w, https:\/\/htb.com.pl\/wp-content\/uploads\/2022\/12\/Zablokowane-600x591.png 600w, https:\/\/htb.com.pl\/wp-content\/uploads\/2022\/12\/Zablokowane-100x100.png 100w\" sizes=\"auto, (max-width: 150px) 100vw, 150px\" \/><\/a> My w Radiu MARIA te\u017c zaradzi\u0107 katastrofie w szkolnictwie \u2013 i to kolejny raz \u017ce\u015bmy pr\u00f3bowali, ale prezydenta tu pod uwag\u0119 \u017ce\u015bmy nie brali. Tylko do pierwszej damy Pani Agaty Kornhauser-Dudy \u017ce\u015bmy si\u0119 zwracali. Tak czy tak, przes\u0142anie Jana Zamoyskiego o wychowaniu Polaka dobrego wygra\u0142o i na razie m\u0142odzie\u017cy chowanie tak jak jest, zosta\u0142o.<\/p>\n\n\n\n<p>W kontek\u015bcie tego weta, co\u015b tam jeszcze o praworz\u0105dno\u015bci si\u0119 gada\u0142o, \u017ce jakoby zignorowanie prerogatyw prezydenta przez rz\u0105dz\u0105cych zdecydowa\u0142o; ale to tylko takie gadania i jak chodzi o praworz\u0105dno\u015b\u0107, te\u017c wszystko tak jak jest zostanie, ale  to co kiedy\u015b by\u0142o uleg\u0142o ju\u017c \u201ddobrej\u201d zmianie i na razie Polska pieni\u0119dzy z KPO nie dostanie. <a href=\"http:\/\/radiomaria.com.pl\/wp-content\/uploads\/2022\/12\/14.12.Mafia_.mp3\"><img loading=\"lazy\" decoding=\"async\" width=\"150\" height=\"90\" class=\"wp-image-78245\" style=\"width: 150px;\" src=\"https:\/\/htb.com.pl\/wp-content\/uploads\/2022\/12\/Sek.png\" alt=\"\" srcset=\"https:\/\/htb.com.pl\/wp-content\/uploads\/2022\/12\/Sek.png 982w, https:\/\/htb.com.pl\/wp-content\/uploads\/2022\/12\/Sek-300x181.png 300w, https:\/\/htb.com.pl\/wp-content\/uploads\/2022\/12\/Sek-768x462.png 768w, https:\/\/htb.com.pl\/wp-content\/uploads\/2022\/12\/Sek-600x361.png 600w\" sizes=\"auto, (max-width: 150px) 100vw, 150px\" \/><\/a> Nawet jak zielone \u015bwiat\u0142o, kt\u00f3re tu da\u0142o kolegium unijnych komisarzy, to tak na razie zostanie.<\/p>\n\n\n\n<p>Bo to jest ruskich dzia\u0142anie!<\/p>\n\n\n\n<p>To oni te katastrofy spowodowali, bo tak podzia\u0142ali, \u017ce na ludzi bez wyobra\u017ani i to ju\u017c kilka razy pod rz\u0105d \u017ce\u015bmy zag\u0142osowali i taki w\u0142a\u015bnie rz\u0105d \u017ce\u015bmy wybrali. Nawet tak\u0105 poprawk\u0119 w Sejmie pos\u0142owie przeg\u0142osowali, przy tym jak federacj\u0119 rosyjska pa\u0144stwem wspieraj\u0105cym terroryzm nazwali. <a href=\"http:\/\/radiomaria.com.pl\/wp-content\/uploads\/2022\/12\/15.12.Katastrofy.mp3\"><img loading=\"lazy\" decoding=\"async\" width=\"150\" height=\"94\" class=\"wp-image-78247\" style=\"width: 150px;\" src=\"https:\/\/htb.com.pl\/wp-content\/uploads\/2022\/12\/teror.webp\" alt=\"\" srcset=\"https:\/\/htb.com.pl\/wp-content\/uploads\/2022\/12\/teror.webp 948w, https:\/\/htb.com.pl\/wp-content\/uploads\/2022\/12\/teror-300x187.webp 300w, https:\/\/htb.com.pl\/wp-content\/uploads\/2022\/12\/teror-768x480.webp 768w, https:\/\/htb.com.pl\/wp-content\/uploads\/2022\/12\/teror-600x375.webp 600w\" sizes=\"auto, (max-width: 150px) 100vw, 150px\" \/><\/a><\/p>\n\n\n\n<p>To w odr\u00f3\u017cnieniu od tego, co przy wecie prezydenta si\u0119 wydarzy\u0142o nieszcz\u0119\u015bciem by\u0142o. Na koniec jeszcze o jednym szcz\u0119\u015bciu napisz\u0119, kt\u00f3re w mijaj\u0105cym tygodniu si\u0119 wydarzy\u0142o. \u0179li politycy jak praworz\u0105dno\u015b\u0107 likwidowali, genera\u0142owi Szymczykowi &#8211; znaczy swojemu cz\u0142owiekowi Komendantem G\u0142\u00f3wnym Policji by\u0107 kazali. Zak\u0142adali, \u017ce on t\u0105 policj\u0119 rozwali. Ten wzi\u0105\u0142 si\u0119 za to  to dos\u0142ownie i na pocz\u0105tek stropy w budynku komendy g\u0142\u00f3wnej policji rozwali\u0142. <a href=\"http:\/\/radiomaria.com.pl\/wp-content\/uploads\/2022\/12\/17.12.Katastrofy.mp3\"><img loading=\"lazy\" decoding=\"async\" width=\"150\" height=\"84\" class=\"wp-image-78253\" style=\"width: 150px;\" src=\"https:\/\/htb.com.pl\/wp-content\/uploads\/2022\/12\/komenda-policji.png\" alt=\"\" srcset=\"https:\/\/htb.com.pl\/wp-content\/uploads\/2022\/12\/komenda-policji.png 740w, https:\/\/htb.com.pl\/wp-content\/uploads\/2022\/12\/komenda-policji-300x169.png 300w, https:\/\/htb.com.pl\/wp-content\/uploads\/2022\/12\/komenda-policji-600x337.png 600w\" sizes=\"auto, (max-width: 150px) 100vw, 150px\" \/><\/a> I gdzie jest to, co szcz\u0119\u015bciem \u017ce\u015bmy nazwali, niekt\u00f3rzy zapytali. Ot\u00f3\u017c tym razem opatrzno\u015b\u0107 uzna\u0142a, \u017ce ju\u017c swe znaki wcze\u015bnie nam da\u0142a i ofiar \u015bmiertelnych eksplozja granatnika w komendzie g\u0142\u00f3wnej policji nie spowodowa\u0142a.<\/p>\n\n\n\n<p>Hym \u2013 prosz\u0119 sobie spr\u00f3bowa\u0107 wyobrazi\u0107, jakby to by\u0142o, gdyby afery Tuska z Ann\u0105 Jaruck\u0105 przy wyborach prezydenckich z 2005 roku nie by\u0142o. Kiedy to pan Tusk, dzisiejszy obro\u0144ca demokracji, z oczywistych wg niego racji W\u0142odzimierza Cimoszewicza skompromitowa\u0142 i ten z ubiegania si\u0119 o prezydentur\u0119 zrezygnowa\u0142. Moim zadaniem, jak m\u00f3wi\u0142 klasyk; niczego by nie by\u0142o. Ja to rozumiem tak, \u017ce wszystko co z\u0142e si\u0119 wydarzy\u0142o, przy prezydenturze Cimoszewicza, na kt\u00f3r\u0105 si\u0119 zanosi\u0142o, by si\u0119 nie wydarzy\u0142o. Prezydenta Aleksandra Kwa\u015bniewskiego, bardzo do Cimoszewicza podobnego dobrze b\u0119dziemy w historii zapisywali, pomimo, \u017ce nie zawsze \u017ce\u015bmy si\u0119 z nim zgadzali.<\/p>\n\n\n\n<p>Ko\u0144cz\u0105c przypomn\u0119 s\u0142owa Marysi, kt\u00f3ra nasze Radio MARIA wymy\u015bli\u0142a. Ot\u00f3\u017c Ona w 1987 roku m\u00f3wi\u0142a, \u017ce Polska podobnie jak monarchia brytyjska b\u0119dzie si\u0119 rz\u0105dzi\u0142a. Marysia prezydenta w wyborach parlamentarnych wybiera\u0107 radzi\u0142a, \u017ceby g\u0142owa pa\u0144stwa w sporach politycznych autorytetu nie traci\u0142a. &nbsp;Wiem, \u017ce gdyby \u017cy\u0142a, Polska taka w\u0142a\u015bnie by by\u0142a.<\/p>\n","protected":false},"excerpt":{"rendered":"<p>Nieszcz\u0119\u015bcie jakim jest to, co \u017ce\u015bmy z nasz\u0105 Polsk\u0105 zrobili, gdy sprawowanie rz\u0105d\u00f3w w kraju ludziom bez wyobra\u017ani \u017ce\u015bmy powierzyli, ostatnio jakby\u015bmy zmniejszyli. Zacz\u0119\u0142o si\u0119 od weta prezydenckiego w sprawie pomys\u0142u Czarnkowego, \u017ceby szko\u0142\u0119 zrobi\u0107 na podobie\u0144stwo tej z okresu zaboru rosyjskiego. Pan prezydent Andrzej Duda ustaw\u0119 \u201eLex Czarnek 2\u201d zawetowa\u0142. T\u0142umaczy\u0142, \u017ce ludzie do [&hellip;]<\/p>\n","protected":false},"author":1,"featured_media":78255,"comment_status":"open","ping_status":"open","sticky":false,"template":"","format":"standard","meta":{"_jetpack_memberships_contains_paid_content":false,"footnotes":""},"categories":[4],"tags":[845],"class_list":["post-78243","post","type-post","status-publish","format-standard","has-post-thumbnail","hentry","category-daty-i-fakty-blog","tag-szczescia-w-nieszczesciu"],"jetpack_sharing_enabled":true,"jetpack_featured_media_url":"https:\/\/htb.com.pl\/wp-content\/uploads\/2022\/12\/Katastr.png","_links":{"self":[{"href":"https:\/\/htb.com.pl\/index.php?rest_route=\/wp\/v2\/posts\/78243","targetHints":{"allow":["GET"]}}],"collection":[{"href":"https:\/\/htb.com.pl\/index.php?rest_route=\/wp\/v2\/posts"}],"about":[{"href":"https:\/\/htb.com.pl\/index.php?rest_route=\/wp\/v2\/types\/post"}],"author":[{"embeddable":true,"href":"https:\/\/htb.com.pl\/index.php?rest_route=\/wp\/v2\/users\/1"}],"replies":[{"embeddable":true,"href":"https:\/\/htb.com.pl\/index.php?rest_route=%2Fwp%2Fv2%2Fcomments&post=78243"}],"version-history":[{"count":7,"href":"https:\/\/htb.com.pl\/index.php?rest_route=\/wp\/v2\/posts\/78243\/revisions"}],"predecessor-version":[{"id":78294,"href":"https:\/\/htb.com.pl\/index.php?rest_route=\/wp\/v2\/posts\/78243\/revisions\/78294"}],"wp:featuredmedia":[{"embeddable":true,"href":"https:\/\/htb.com.pl\/index.php?rest_route=\/wp\/v2\/media\/78255"}],"wp:attachment":[{"href":"https:\/\/htb.com.pl\/index.php?rest_route=%2Fwp%2Fv2%2Fmedia&parent=78243"}],"wp:term":[{"taxonomy":"category","embeddable":true,"href":"https:\/\/htb.com.pl\/index.php?rest_route=%2Fwp%2Fv2%2Fcategories&post=78243"},{"taxonomy":"post_tag","embeddable":true,"href":"https:\/\/htb.com.pl\/index.php?rest_route=%2Fwp%2Fv2%2Ftags&post=78243"}],"curies":[{"name":"wp","href":"https:\/\/api.w.org\/{rel}","templated":true}]}}