{"id":78573,"date":"2022-12-25T10:48:10","date_gmt":"2022-12-25T10:48:10","guid":{"rendered":"https:\/\/htb.com.pl\/?p=78573"},"modified":"2022-12-25T15:18:50","modified_gmt":"2022-12-25T15:18:50","slug":"rozmowy-przy-wigilijnym-stole","status":"publish","type":"post","link":"https:\/\/htb.com.pl\/?p=78573","title":{"rendered":"Rozmowy przy &#8220;Wigilijnym Stole&#8221;"},"content":{"rendered":"\n<figure class=\"wp-block-image size-thumbnail\"><a href=\"https:\/\/htb.com.pl\/wp-content\/uploads\/2022\/12\/Rozmowy-przy-Wigilijnym-Stole.mp3\"><img loading=\"lazy\" decoding=\"async\" width=\"150\" height=\"150\" src=\"https:\/\/htb.com.pl\/wp-content\/uploads\/2018\/04\/posluchaj-150x150.jpg\" alt=\"\" class=\"wp-image-2020\" srcset=\"https:\/\/htb.com.pl\/wp-content\/uploads\/2018\/04\/posluchaj-150x150.jpg 150w, https:\/\/htb.com.pl\/wp-content\/uploads\/2018\/04\/posluchaj-300x300.jpg 300w, https:\/\/htb.com.pl\/wp-content\/uploads\/2018\/04\/posluchaj-100x100.jpg 100w\" sizes=\"auto, (max-width: 150px) 100vw, 150px\" \/><\/a><\/figure>\n\n\n\n<figure class=\"wp-block-image size-full\"><a href=\"http:\/\/radiomaria.com.pl\/wp-content\/uploads\/2022\/12\/24.12.-Rozmowa-przy-stole.mp3\"><img loading=\"lazy\" decoding=\"async\" width=\"972\" height=\"728\" src=\"https:\/\/htb.com.pl\/wp-content\/uploads\/2022\/12\/stol-wigilijny-maly.jpg\" alt=\"\" class=\"wp-image-78580\" srcset=\"https:\/\/htb.com.pl\/wp-content\/uploads\/2022\/12\/stol-wigilijny-maly.jpg 972w, https:\/\/htb.com.pl\/wp-content\/uploads\/2022\/12\/stol-wigilijny-maly-300x225.jpg 300w, https:\/\/htb.com.pl\/wp-content\/uploads\/2022\/12\/stol-wigilijny-maly-768x575.jpg 768w, https:\/\/htb.com.pl\/wp-content\/uploads\/2022\/12\/stol-wigilijny-maly-600x449.jpg 600w\" sizes=\"auto, (max-width: 972px) 100vw, 972px\" \/><\/a><\/figure>\n\n\n\n<p>To zdj\u0119cie jest aktywne<\/p>\n\n\n\n<p>  Ewangelia \u015bw. \u0141ukasza o tym, jak to si\u0119 B\u00f3g narodzi\u0142, to przes\u0142anie. Jego zrozumienie ka\u017ce zacz\u0105\u0107 wszystko od nowa. Premier Morawiecki z wicepremierem Ziobro pr\u00f3bowali, ale si\u0119 nie dogadali i nowe jak stare b\u0119dziemy zaczynali. Normalnie obaj do dymisji by si\u0119 podali, <a href=\"http:\/\/radiomaria.com.pl\/wp-content\/uploads\/2022\/12\/24.12.Ludzkim-glosem.mp3\"><img loading=\"lazy\" decoding=\"async\" width=\"150\" height=\"116\" class=\"wp-image-78582\" style=\"width: 150px;\" src=\"https:\/\/htb.com.pl\/wp-content\/uploads\/2022\/12\/Spoptkanie.png\" alt=\"\" srcset=\"https:\/\/htb.com.pl\/wp-content\/uploads\/2022\/12\/Spoptkanie.png 852w, https:\/\/htb.com.pl\/wp-content\/uploads\/2022\/12\/Spoptkanie-300x233.png 300w, https:\/\/htb.com.pl\/wp-content\/uploads\/2022\/12\/Spoptkanie-768x596.png 768w, https:\/\/htb.com.pl\/wp-content\/uploads\/2022\/12\/Spoptkanie-600x465.png 600w\" sizes=\"auto, (max-width: 150px) 100vw, 150px\" \/><\/a> ale tak \u017ce\u015bmy wybrali, \u017ce o tym co w Polsce by\u0142o normalne, ju\u017c tylko w historii b\u0119dziemy czytali. Je\u017celi jeszcze tego historycy-politycy nie wymazali.<\/p>\n\n\n\n<p>  Wo\u0142odymyr  Za\u0142enski z Joe Bidenem te\u017c si\u0119 spotkali, ale oni przes\u0142anie, jakie p\u0142ynie z narodzenia Jezusa zawsze inaczej ni\u017c nasi politycy pojmowali i si\u0119 dogadali. Mo\u017ce by\u0107 tak, \u017ce za rok Rosjanie i Ukrai\u0144cy nie b\u0119d\u0105 do siebie strzelali. <a href=\"http:\/\/radiomaria.com.pl\/wp-content\/uploads\/2022\/12\/23.12.-Wizyta-Prezydenta-Ukrainy.mp3\"><img loading=\"lazy\" decoding=\"async\" width=\"150\" height=\"100\" class=\"wp-image-78578\" style=\"width: 150px;\" src=\"https:\/\/htb.com.pl\/wp-content\/uploads\/2022\/12\/biden-zelenski.jpeg\" alt=\"\" srcset=\"https:\/\/htb.com.pl\/wp-content\/uploads\/2022\/12\/biden-zelenski.jpeg 800w, https:\/\/htb.com.pl\/wp-content\/uploads\/2022\/12\/biden-zelenski-300x200.jpeg 300w, https:\/\/htb.com.pl\/wp-content\/uploads\/2022\/12\/biden-zelenski-768x513.jpeg 768w, https:\/\/htb.com.pl\/wp-content\/uploads\/2022\/12\/biden-zelenski-600x401.jpeg 600w\" sizes=\"auto, (max-width: 150px) 100vw, 150px\" \/><\/a><\/p>\n\n\n\n<p>Nasi jak w 2016 Trybuna\u0142 Konstytucyjny likwidowali, wszystko poki\u0107kali. Juli\u0119 Przy\u0142\u0119bsk\u0105 na czele tego trybuna\u0142u osadzili, ale Vacatio\u00a0legis w przepisach, kt\u00f3re ku temu utworzyli nie uwzgl\u0119dnili i teraz\u00a0 b\u0119d\u0105 k\u0142amali, \u017ce tak w\u0142a\u015bnie zamierzali. <a href=\"http:\/\/radiomaria.com.pl\/wp-content\/uploads\/2022\/12\/21.12.Trybynal.mp3\"><img loading=\"lazy\" decoding=\"async\" width=\"150\" height=\"100\" class=\"wp-image-78576\" style=\"width: 150px;\" src=\"https:\/\/htb.com.pl\/wp-content\/uploads\/2022\/12\/Kobiety-try.jpg\" alt=\"\" srcset=\"https:\/\/htb.com.pl\/wp-content\/uploads\/2022\/12\/Kobiety-try.jpg 780w, https:\/\/htb.com.pl\/wp-content\/uploads\/2022\/12\/Kobiety-try-300x200.jpg 300w, https:\/\/htb.com.pl\/wp-content\/uploads\/2022\/12\/Kobiety-try-768x512.jpg 768w, https:\/\/htb.com.pl\/wp-content\/uploads\/2022\/12\/Kobiety-try-600x400.jpg 600w\" sizes=\"auto, (max-width: 150px) 100vw, 150px\" \/><\/a><\/p>\n\n\n\n<p> Do rz\u0105dz\u0105cych polityk\u00f3w. <\/p>\n\n\n\n<p>  Kochani, jeszcze niczego \u017ce\u015bcie nie zrobili, \u017ceby\u015bcie si\u0119 nie pomylili. Najlepiej dla Polski by by\u0142o, gdyby\u015bcie w\u0142adz\u0119 oddali i polityk\u0119 Pi\u0142sudskiego \u2013 jak ju\u017c musicie we w\u0142asnym gronie promowali. Po tym co wam podobni w 1939 roku pokazali \u2013 gdyby nie Ko\u015bciuszkowcy dzi\u015b&#8221; \u041f\u043e-\u0440\u0443\u0441\u0441\u043a\u0438&#8221; i &#8220;Auf Deutsch &#8220;<\/p>\n\n\n\n<p>kol\u0119dy by\u015bmy \u015bpiewali.<\/p>\n\n\n\n<p>  \u017bycz\u0119 Polsce, aby\u015bmy ju\u017c nigdy takich czas\u00f3w nie doczekali, o kt\u00f3rych nikt dzi\u015b nie opowie, bo wszyscy poumierali, a historycy-politycy dla w\u0142asnych korzy\u015bci to z historii wymazali. 160 lat temu nasi dziadowie Powstanie Styczniowe zaczynali, jest okr\u0105g\u0142a rocznica. B\u0119dziemy o tym w Radiu MARIA opowiadali.<\/p>\n","protected":false},"excerpt":{"rendered":"<p>To zdj\u0119cie jest aktywne Ewangelia \u015bw. \u0141ukasza o tym, jak to si\u0119 B\u00f3g narodzi\u0142, to przes\u0142anie. Jego zrozumienie ka\u017ce zacz\u0105\u0107 wszystko od nowa. Premier Morawiecki z wicepremierem Ziobro pr\u00f3bowali, ale si\u0119 nie dogadali i nowe jak stare b\u0119dziemy zaczynali. Normalnie obaj do dymisji by si\u0119 podali, ale tak \u017ce\u015bmy wybrali, \u017ce o tym co w [&hellip;]<\/p>\n","protected":false},"author":1,"featured_media":78593,"comment_status":"open","ping_status":"open","sticky":false,"template":"","format":"standard","meta":{"_jetpack_memberships_contains_paid_content":false,"footnotes":""},"categories":[4],"tags":[846],"class_list":["post-78573","post","type-post","status-publish","format-standard","has-post-thumbnail","hentry","category-daty-i-fakty-blog","tag-rozmowy-przy-wigilijnym-stole"],"jetpack_sharing_enabled":true,"jetpack_featured_media_url":"https:\/\/htb.com.pl\/wp-content\/uploads\/2022\/12\/wigilijny_stol_2maly.jpg","_links":{"self":[{"href":"https:\/\/htb.com.pl\/index.php?rest_route=\/wp\/v2\/posts\/78573","targetHints":{"allow":["GET"]}}],"collection":[{"href":"https:\/\/htb.com.pl\/index.php?rest_route=\/wp\/v2\/posts"}],"about":[{"href":"https:\/\/htb.com.pl\/index.php?rest_route=\/wp\/v2\/types\/post"}],"author":[{"embeddable":true,"href":"https:\/\/htb.com.pl\/index.php?rest_route=\/wp\/v2\/users\/1"}],"replies":[{"embeddable":true,"href":"https:\/\/htb.com.pl\/index.php?rest_route=%2Fwp%2Fv2%2Fcomments&post=78573"}],"version-history":[{"count":8,"href":"https:\/\/htb.com.pl\/index.php?rest_route=\/wp\/v2\/posts\/78573\/revisions"}],"predecessor-version":[{"id":78603,"href":"https:\/\/htb.com.pl\/index.php?rest_route=\/wp\/v2\/posts\/78573\/revisions\/78603"}],"wp:featuredmedia":[{"embeddable":true,"href":"https:\/\/htb.com.pl\/index.php?rest_route=\/wp\/v2\/media\/78593"}],"wp:attachment":[{"href":"https:\/\/htb.com.pl\/index.php?rest_route=%2Fwp%2Fv2%2Fmedia&parent=78573"}],"wp:term":[{"taxonomy":"category","embeddable":true,"href":"https:\/\/htb.com.pl\/index.php?rest_route=%2Fwp%2Fv2%2Fcategories&post=78573"},{"taxonomy":"post_tag","embeddable":true,"href":"https:\/\/htb.com.pl\/index.php?rest_route=%2Fwp%2Fv2%2Ftags&post=78573"}],"curies":[{"name":"wp","href":"https:\/\/api.w.org\/{rel}","templated":true}]}}