{"id":7891,"date":"2019-08-24T06:05:29","date_gmt":"2019-08-24T06:05:29","guid":{"rendered":"https:\/\/htb.com.pl\/?p=7891"},"modified":"2019-09-05T14:58:56","modified_gmt":"2019-09-05T14:58:56","slug":"wstrzasnieci-i-zmieszani","status":"publish","type":"post","link":"https:\/\/htb.com.pl\/?p=7891","title":{"rendered":"Wstrz\u0105\u015bni\u0119ci i zmieszani"},"content":{"rendered":"\n<p>Tytu\u0142 to parafraza powiedzenia Jamsa Bonda odnosz\u0105ca si\u0119 do naszych dziennikarzy &#8211; wszystkich. Bond to filmowy agent Jej Kr\u00f3lewskiej Mo\u015bci z licencja na zabijanie. Nie ogl\u0105dam tych film\u00f3w, bo nie lubi\u0119 jak kto\u015b kogo\u015b zabija. Nie lubi\u0119, bo zna\u0142em kiedy\u015b Marysi\u0119, o kt\u00f3rej ci\u0105gle pisz\u0119 a ona &#8211;  by\u0142a oficerem GAL, organizacji, kt\u00f3ra w latach osiemdziesi\u0105tych zwalcza\u0142a terroryst\u00f3w z ETA w Hiszpanii i te\u017c mia\u0142a licencj\u0119 na zabijanie. Blizny na ciele Marysi, by\u0142y dla mnie jak \u015bwi\u0119to\u015b\u0107, a jej stwierdzenie, \u017ce ten nasz stan wojenny to piku\u015b sprawia\u0142o, \u017ce spuszcza\u0142em wzrok. Te\u017c by\u0142y ofiary Marysiu powiedzia\u0142em kiedy\u015b. Je\u017celi kto\u015b wyst\u0119puje przeciwko komu\u015b Jasiu, musi si\u0119 liczy\u0107 z tym, \u017ce b\u0119d\u0105 ofiary. Wa\u017cne jest aby by\u0142o ich jak najmniej. Dlatego szanuj\u0119 genera\u0142a Wojciecha Jaruzelskiego, bo on to rozumia\u0142, moi koledzy &#8211; oficerowie w Hiszpanii nie. Tam samych dziennikarzy zgin\u0119\u0142o kilkakrotnie wi\u0119cej, ni\u017c by\u0142o \u015bmiertelnych ofiar w stanie wojennym. Strzela\u0142a\u015b do dziennikarzy, zapyta\u0142em. Zawsze walcz\u0119 broni\u0105 tego, co mnie zaatakuje. Broni\u0105 dziennikarzy jest pi\u00f3ro &#8211; to do\u017co gro\u017aniejsza bro\u0144 ni\u017c pistolet. Idiotyczny tekst w gazecie, czy durny felieton w radiu, telewizji, mo\u017ce spowodowa\u0107 mn\u00f3stwo ofiar. Cz\u0119sto &#8220;pomaga\u0142am&#8221; dziennikarzom w pisaniu, obok siedzieli moi przystojniacy. Tak zwykle m\u00f3wi\u0142a o swoich ludziach &#8211; prosz\u0119 mi wierzy\u0107, w i ich obecno\u015bci nawet dziennikarz TVPiS m\u00f3wi\u0142by prawd\u0119. Napisa\u0142em dziennikarz o ludziach, kt\u00f3rzy nie maj\u0105 prawa si\u0119 tak nazywa\u0107 ale czy media prywatne &#8211; TVN, Polsat s\u0105 obiektywne? Przyjmuj\u0105c teori\u0119 Marysi, \u017ce ten co w J\u00f3zefie Pi\u0142sudskim widzi bohatera nie ma wyobra\u017ani, nie ma w Polsce dobrych dziennikarzy. To brak wyobra\u017ani u dziennikarzy sprawi\u0142, \u017ce wszystko nosi nazw\u0119 Pi\u0142sudskiego albo Kaczy\u0144skiego &#8211; z czasem nie b\u0119dzie wiadomo kt\u00f3rego. <strong>Je\u017celi jeszcze Polska b\u0119dzie.<\/strong>  Ostatnio wszystkie media pokaza\u0142y inscenizacj\u0119 Bitwy Warszawskiej, gdzie J\u00f3zef Pi\u0142sudski dowodzi\u0142 konno, co jest kompletn\u0105 bzdur\u0105&#8230; Wybuch\u0142a kolejna afera, teraz z hejtem na s\u0119dzi\u00f3w, do dymisji poda\u0142 si\u0119 wiceminister sprawiedliwo\u015bci  \u0141ukasz Piebiak. W mediach wszystko jest relacjonowane jakby\u015bmy byli normalnym demokratycznym pa\u0144stwem, z Konstytucj\u0105, Parlamentem. Nikt nie zauwa\u017cy\u0142 potwornych b\u0142\u0119d\u00f3w Prezes S\u0105du Najwy\u017cszego Ma\u0142gorzaty Gersdorf i Prezesa Trybuna\u0142u Konstytucyjnego Andrzeja Rzepli\u0144skiego, to ich b\u0142\u0119dy umo\u017cliwi\u0142y dokonanie zamachu stanu w 2015 roku. I to przez kogo? Za\u0142atwili nas byli SB-ecy, kt\u00f3rzy zmanipulowali ludzi pana Jaros\u0142awa Kaczy\u0144skiego. Dziennikarze, cz\u0119\u015b\u0107 polityk\u00f3w w prezesie widzi z\u0142o, a to nieprawda. To z\u0142o  Marysia zdefiniowa\u0142a natychmiast po powrocie do Polski. By\u0142 1986 rok, Polacy widzieli z\u0142o w Jaruzelskim, a dobro w Wa\u0142\u0119sie albo odwrotnie. Tylko Marysia walczy\u0142a ze z\u0142em, kt\u00f3re jak m\u00f3wi\u0142a <a href=\"https:\/\/htb.com.pl\/?p=2793\">jest na wschodzie i na zachodzie<\/a>. Ona na nasze sprawy patrzy\u0142a przez pryzmat swoich do\u015bwiadcze\u0144 z walki z terroryzmem w Anglii i Hiszpanii, a nie przez pryzmat propagandy polskich medi\u00f3w lub Radia Wolna Europa. Dzi\u015b  te\u017c ulegamy durnej polityce informacyjnej &#8211; wielu my\u015bli, \u017ce wojna to &#8220;Rambo&#8221; albo \u015bpiewanie &#8220;Pierwszej brygady&#8221;. Pami\u0119tam jak z Marysi\u0105 ogl\u0105dali\u015bmy felieton Zygmunta Broniarka, dziennikarza i publicysty, kt\u00f3ry wtedy (1987 rok) razem z Karolem Szyndzielorzem komentowa\u0142 sprawy zagraniczne dla telewizji polskiej. Broniarek m\u00f3wi\u0142 o <strong>Aferze Watergate<\/strong> (lata 1972-1974), o nielegalnych dzia\u0142aniach prezydenta USA Richarda Nixona, kt\u00f3re mia\u0142y mu zapewni\u0107 sukces wyborczy. Przestrzega\u0142 przed tym, co mamy dzi\u015b w Polsce. Marysia zapyta\u0142a mnie, co us\u0142ysza\u0142em w felietonie Broniarka mi\u0119dzy wierszami. Pomy\u015bla\u0142em, \u017ce chodzi jej o to, z czego \u015bmia\u0142 si\u0119 Bareja w &#8220;Misiu&#8221;. Trzeba uwa\u017ca\u0107 aby pozytywy kapitalizmu, nie przys\u0142oni\u0142y minus\u00f3w tego ustroju. Naprawd\u0119 tylko to us\u0142ysza\u0142e\u015b mi\u0119dzy wierszami Jasiu? By\u0142o jej smutno, \u017ce taki mato\u0142 jestem i da\u0142a mi wyk\u0142ad. Broniarek swym akcentowaniem, sw\u0105 dykcj\u0105, mimik\u0105 przekaza\u0142 co\u015b wa\u017cniejszego. Powiedzia\u0142, \u017ce jest mu przykro, \u017ce w publicznej telewizji, nie mo\u017ce por\u00f3wna\u0107 braku demokracji w PRL i USA. M\u00f3g\u0142by pokaza\u0107, \u017ce Radio Wolna Europa, kt\u00f3re podburza ludzi w Polsce i jest finansowane przez CIA (wywiad ameryka\u0144ski), niczym nie r\u00f3\u017cni si\u0119 od polskich medi\u00f3w re\u017cimowych. I tu i tam m\u00f3wi si\u0119  \u017ale o nieobecnych, a takie media nie s\u0105 niezale\u017cne. Tam jednak s\u0105 wolni dziennikarze, kt\u00f3rzy dr\u0105\u017cyli spraw\u0119  Watergate do ko\u0144ca i Nixon musia\u0142 ust\u0105pi\u0107. Zamierzam zrobi\u0107 cykl wyk\u0142ad\u00f3w na uczelniach, gdzie kszta\u0142c\u0105 si\u0119 przyszli dziennikarze.  Afera<strong> <\/strong>Watergate b\u0119dzie g\u0142\u00f3wnym tematem wyk\u0142adu i naprawd\u0119 trudno b\u0119dzie to u mnie zaliczy\u0107. Kompletnie nie rozumia\u0142em wtedy, czemu taka fajna dziewczyna, chce uwala\u0107 z jakiej\u015b ameryka\u0144skiej afery. Dzi\u015b to rozumiem &#8211; w pa\u0144stwie, kt\u00f3re <strong>by\u0142o<\/strong> europejskim liderem przemian polityczni-gospodarczych, nie zauwa\u017cono zamachu stanu&#8230; <\/p>\n\n\n\n<div class=\"wp-block-media-text alignwide\"><figure class=\"wp-block-media-text__media\"><img loading=\"lazy\" decoding=\"async\" width=\"200\" height=\"229\" src=\"https:\/\/htb.com.pl\/wp-content\/uploads\/2019\/08\/Tatry.jpg\" alt=\"\" class=\"wp-image-8033\"\/><\/figure><div class=\"wp-block-media-text__content\">\n<p class=\"has-medium-font-size\"><a href=\"https:\/\/htb.com.pl\/?product=tatry\">Gdy w g\u00f3rach leje &#8211; poczytaj. Tu mo\u017cesz te\u017c poogl\u0105da\u0107.<\/a><\/p>\n<\/div><\/div>\n\n\n\n<p>22.08.2019. Wielka tragedia w Tartach. Burza z piorunami zaskoczy\u0142a turyst\u00f3w. Pi\u0119\u0107 os\u00f3b nie \u017cyje w tym cztery w Polsce i jedna na S\u0142owacji, ponad sto pi\u0119\u0107dziesi\u0105t jest poszkodowana. Pisz\u0105c o Marysi nie pisz\u0119 po to, \u017ceby sprzeda\u0107 ksi\u0105\u017ck\u0119, czy kosmetyk. <a href=\"https:\/\/htb.com.pl\/?product_cat=kosmetyki-marysi\"><img loading=\"lazy\" decoding=\"async\" width=\"150\" height=\"150\" class=\"wp-image-3782\" style=\"width: 150px;\" src=\"https:\/\/htb.com.pl\/wp-content\/uploads\/2019\/06\/zestaw-lato1.gif\" alt=\"\"><\/a> Opisuj\u0119 t\u0105 nasz\u0105 histori\u0119, bo wiem, \u017ce gdyby Marysia \u017cy\u0142a, by\u0142oby inaczej. Dzi\u015b \u017ali politycy nikogo si\u0119 nie boj\u0105, a to prowadzi do tragedii. Marysia potrafi\u0142a pokaza\u0107, \u017ce jest B\u00f3g i trzeba si\u0119 go ba\u0107. Nawet taki pajac, co nie wierzy\u0142 w Boga i \u015bmia\u0142 si\u0119 z wiary Marysi, a swoje argumenty przedstawia\u0142 jako argument si\u0142y, po spotkaniu z ni\u0105 wiedzia\u0142 co to l\u0119k. Tu Marysia stosowa\u0142a metod\u0119 ze \u015bwiata zwierz\u0105t &#8211; pra\u0142a go\u015bcia w ryj. Zabawne by\u0142o to, \u017ce jak go\u015bciowi zesz\u0142a opuchlizna, traktowa\u0142 Marysi\u0119 jak \u015bwi\u0119t\u0105. Ona wierzy\u0142a w znaki jakie daje nam B\u00f3g. Twierdzi\u0142a, \u017ce nie potrafimy ich odczyta\u0107, a potem pytamy &#8211; gdzie by\u0142 B\u00f3g? Pami\u0119tam jak by\u0142em z Marysi\u0105 w Zakopanem, to by\u0142a wiosna 1987 rok. Namawia\u0142em j\u0105 aby\u015bmy poszli na Giewont, szczyt ten by\u0142o wida\u0107 z okna naszego hotelu. Dobrze Jasiu ale musz\u0119 zapyta\u0107 kosa czy nie b\u0119dzie burzy. <strong>Dzi\u015b wystarczy popatrze\u0107 w kom\u00f3rk\u0119!<\/strong> Poszli\u015bmy na spacer i Majka obserwowa\u0142a ptaki &#8211; szczeg\u00f3lnie kosy, wiedzia\u0142a o nich wszystko.  W  pewnym momencie smutnym g\u0142osem oznajmi\u0142a. P\u00f3jdziemy na piwo a nie na Giewont &#8211; b\u0119dzie burza. \u015awieci\u0142o s\u0142o\u0144ce, pomy\u015bla\u0142em, \u017ce nie chce i\u015b\u0107 w g\u00f3ry &#8211; piwo na Krup\u00f3wkach te\u017c mi si\u0119 podoba\u0142o. W restauracji posiedzieli\u015bmy do obiadu. Nagle ni st\u0105d, ni zow\u0105d zacz\u0105\u0142 la\u0107 deszcz,  a w krzy\u017c na Giewoncie uderzy\u0142 piorun. Gdy zjedli\u015bmy obiad i wylizali\u015bmy talerze, znowu za\u015bwieci\u0142o s\u0142o\u0144ce. Zawsze patrzy\u0142em na Marysi\u0119 jak na co\u015b niebia\u0144skiego ale wtedy moje ga\u0142y musia\u0142y by\u0107 wi\u0119ksze, bo opowiedzia\u0142a mi jak 50 lat temu w roku 1937 w rocznic\u0119 Bitwy Warszawskie 15 sierpnia 1937 roku, (dok\u0142adnie 17 rocznica tej bitwy), B\u00f3g da\u0142 znak, \u017ce nie mo\u017cna z J\u00f3zefa Pi\u0142sudskiego robi\u0107 bohatera tej bitwy, <a href=\"https:\/\/htb.com.pl\/?p=6994\">bo nie bra\u0142 w niej udzia\u0142u. <\/a>Wtedy te\u017c w krzy\u017c na Giewoncie uderzy\u0142 piorun, zgin\u0119\u0142o czterech turyst\u00f3w. <strong>Jak dzi\u015b<\/strong>. Marysia nienawidzi\u0142a Pi\u0142sudskiego za <a href=\"https:\/\/htb.com.pl\/?p=238\">Rze\u017a Wo\u0142y\u0144sk\u0105<\/a>, wszystko co z\u0142e przypisywa\u0142a marsza\u0142kowi. Wtedy nie do ko\u0144ca to podziela\u0142em. Zapyta\u0142em, sk\u0105d wiesz, \u017ce B\u00f3g tak chcia\u0142? Powiedzia\u0142 mi Jasiu, zacz\u0119\u0142a mnie ca\u0142owa\u0107 a\u017c kelner przylaz\u0142 i zwr\u00f3ci\u0142 nam uwag\u0119.  Dzi\u015b jednak wiem, \u017ce co\u015b w tym jest. Premier Mateusz Morawiecki po tragedii w Tatrach przyjecha\u0142 do Zakopanego jak do siebie.<\/p>\n","protected":false},"excerpt":{"rendered":"<p>Tytu\u0142 to parafraza powiedzenia Jamsa Bonda odnosz\u0105ca si\u0119 do naszych dziennikarzy &#8211; wszystkich. Bond to filmowy agent Jej Kr\u00f3lewskiej Mo\u015bci z licencja na zabijanie. Nie ogl\u0105dam tych film\u00f3w, bo nie lubi\u0119 jak kto\u015b kogo\u015b zabija. Nie lubi\u0119, bo zna\u0142em kiedy\u015b Marysi\u0119, o kt\u00f3rej ci\u0105gle pisz\u0119 a ona &#8211; by\u0142a oficerem GAL, organizacji, kt\u00f3ra w latach [&hellip;]<\/p>\n","protected":false},"author":1,"featured_media":8079,"comment_status":"open","ping_status":"open","sticky":false,"template":"","format":"standard","meta":{"_jetpack_memberships_contains_paid_content":false,"footnotes":""},"categories":[4],"tags":[485,486],"class_list":["post-7891","post","type-post","status-publish","format-standard","has-post-thumbnail","hentry","category-daty-i-fakty-blog","tag-giewont","tag-znak-bozy"],"jetpack_sharing_enabled":true,"jetpack_featured_media_url":"https:\/\/htb.com.pl\/wp-content\/uploads\/2019\/08\/Giewont.jpg","_links":{"self":[{"href":"https:\/\/htb.com.pl\/index.php?rest_route=\/wp\/v2\/posts\/7891","targetHints":{"allow":["GET"]}}],"collection":[{"href":"https:\/\/htb.com.pl\/index.php?rest_route=\/wp\/v2\/posts"}],"about":[{"href":"https:\/\/htb.com.pl\/index.php?rest_route=\/wp\/v2\/types\/post"}],"author":[{"embeddable":true,"href":"https:\/\/htb.com.pl\/index.php?rest_route=\/wp\/v2\/users\/1"}],"replies":[{"embeddable":true,"href":"https:\/\/htb.com.pl\/index.php?rest_route=%2Fwp%2Fv2%2Fcomments&post=7891"}],"version-history":[{"count":29,"href":"https:\/\/htb.com.pl\/index.php?rest_route=\/wp\/v2\/posts\/7891\/revisions"}],"predecessor-version":[{"id":8774,"href":"https:\/\/htb.com.pl\/index.php?rest_route=\/wp\/v2\/posts\/7891\/revisions\/8774"}],"wp:featuredmedia":[{"embeddable":true,"href":"https:\/\/htb.com.pl\/index.php?rest_route=\/wp\/v2\/media\/8079"}],"wp:attachment":[{"href":"https:\/\/htb.com.pl\/index.php?rest_route=%2Fwp%2Fv2%2Fmedia&parent=7891"}],"wp:term":[{"taxonomy":"category","embeddable":true,"href":"https:\/\/htb.com.pl\/index.php?rest_route=%2Fwp%2Fv2%2Fcategories&post=7891"},{"taxonomy":"post_tag","embeddable":true,"href":"https:\/\/htb.com.pl\/index.php?rest_route=%2Fwp%2Fv2%2Ftags&post=7891"}],"curies":[{"name":"wp","href":"https:\/\/api.w.org\/{rel}","templated":true}]}}