{"id":78952,"date":"2023-01-02T08:47:09","date_gmt":"2023-01-02T08:47:09","guid":{"rendered":"https:\/\/htb.com.pl\/?p=78952"},"modified":"2023-01-03T07:42:02","modified_gmt":"2023-01-03T07:42:02","slug":"tak-dla-pilsudskiego-nie-dla-paderewskiego-samorzadu-mieleckiego","status":"publish","type":"post","link":"https:\/\/htb.com.pl\/?p=78952","title":{"rendered":"104 rocznica wybuchy Powstania Wielkopolskiego"},"content":{"rendered":"\n<p>   Ten materia\u0142 Radia Marysinego ma odpowiedzie\u0107 dlaczego. Dlaczego co\u015b pozytywnego, co sprawi\u0142o, \u017ce za spraw\u0105 Paderewskiego i Sikorskiego byli\u015bmy drug\u0105 si\u0142\u0105 w koalicji antyhitlerowskiej po kl\u0119sce wrze\u015bniowej z roku 1939, kt\u00f3ra nast\u0105pi\u0142a za spraw\u0105 rz\u0105du sanacyjnego? Dlaczego dzi\u015b ta kl\u0119ska ma by\u0107 pokazywana jako co\u015b pozytywnego, natomiast co\u015b, co wtedy sprawi\u0142o, \u017ce wszystko w dobr\u0105 stron\u0119 ruszy\u0142o, ma by\u0107 zapomniane, jakby tego nie by\u0142o?<\/p>\n\n\n\n<p>Dlaczego i dlaczego &#8211; bo tak wybieramy kole\u017canko i kolego.<\/p>\n\n\n\n<p><\/p>\n\n\n\n<figure class=\"wp-block-embed is-type-video is-provider-youtube wp-block-embed-youtube wp-embed-aspect-16-9 wp-has-aspect-ratio\"><div class=\"wp-block-embed__wrapper\">\n<iframe loading=\"lazy\" title=\"104 ROCZNICA WYBUCHU POWSTANIA WIELKOPOLSKIEGO   MIELEC\" width=\"848\" height=\"477\" src=\"https:\/\/www.youtube.com\/embed\/_3IVXwtzqWo?feature=oembed\" frameborder=\"0\" allow=\"accelerometer; autoplay; clipboard-write; encrypted-media; gyroscope; picture-in-picture\" allowfullscreen><\/iframe>\n<\/div><\/figure>\n\n\n\n<p>Pytania do &#8220;Frania&#8221; &#8211; cylkiczna audycja radiowa pokazuj\u0105ca, \u017ce wi\u0119\u017aniowie w odr\u00f3\u017cnieniu od Mieleckich Samorz\u0105dowc\u00f3w pami\u0119tali, \u017ce 104 lata temu w Poznaniu z inspiracji Paderewskiego Powsta\u0144cy Wielkopolscy Niemc\u00f3w pokonali.<\/p>\n\n\n\n<figure class=\"wp-block-audio\"><audio controls src=\"https:\/\/htb.com.pl\/wp-content\/uploads\/2023\/01\/Pytania-do-Frania-zyczenie-pokoju.mp3\"><\/audio><\/figure>\n\n\n\n<p>Prosz\u0119 jeszcze obejrze\u0107 ten materia\u0142 &#8211; mo\u017ce cho\u0107 troch\u0119 wyja\u015bni, czemu to wszystko jest tak pogmatwane.<\/p>\n\n\n\n<figure class=\"wp-block-embed is-type-video is-provider-youtube wp-block-embed-youtube wp-embed-aspect-16-9 wp-has-aspect-ratio\"><div class=\"wp-block-embed__wrapper\">\n<iframe loading=\"lazy\" title=\"Tak dla Po\u0142sudskiego, nie dla Paderewskiego   Samorz\u0105du Mieleckiego\" width=\"848\" height=\"477\" src=\"https:\/\/www.youtube.com\/embed\/xiiGJ6jdYGU?feature=oembed\" frameborder=\"0\" allow=\"accelerometer; autoplay; clipboard-write; encrypted-media; gyroscope; picture-in-picture\" allowfullscreen><\/iframe>\n<\/div><\/figure>\n","protected":false},"excerpt":{"rendered":"<p>Ten materia\u0142 Radia Marysinego ma odpowiedzie\u0107 dlaczego. Dlaczego co\u015b pozytywnego, co sprawi\u0142o, \u017ce za spraw\u0105 Paderewskiego i Sikorskiego byli\u015bmy drug\u0105 si\u0142\u0105 w koalicji antyhitlerowskiej po kl\u0119sce wrze\u015bniowej z roku 1939, kt\u00f3ra nast\u0105pi\u0142a za spraw\u0105 rz\u0105du sanacyjnego? Dlaczego dzi\u015b ta kl\u0119ska ma by\u0107 pokazywana jako co\u015b pozytywnego, natomiast co\u015b, co wtedy sprawi\u0142o, \u017ce wszystko w dobr\u0105 [&hellip;]<\/p>\n","protected":false},"author":1,"featured_media":78975,"comment_status":"open","ping_status":"open","sticky":false,"template":"","format":"standard","meta":{"_jetpack_memberships_contains_paid_content":false,"footnotes":""},"categories":[528],"tags":[849],"class_list":["post-78952","post","type-post","status-publish","format-standard","has-post-thumbnail","hentry","category-rower","tag-104-rocznica-wybuchy-powstania-wielkopolskiego"],"jetpack_sharing_enabled":true,"jetpack_featured_media_url":"https:\/\/htb.com.pl\/wp-content\/uploads\/2023\/01\/166-124842_g.jpg","_links":{"self":[{"href":"https:\/\/htb.com.pl\/index.php?rest_route=\/wp\/v2\/posts\/78952","targetHints":{"allow":["GET"]}}],"collection":[{"href":"https:\/\/htb.com.pl\/index.php?rest_route=\/wp\/v2\/posts"}],"about":[{"href":"https:\/\/htb.com.pl\/index.php?rest_route=\/wp\/v2\/types\/post"}],"author":[{"embeddable":true,"href":"https:\/\/htb.com.pl\/index.php?rest_route=\/wp\/v2\/users\/1"}],"replies":[{"embeddable":true,"href":"https:\/\/htb.com.pl\/index.php?rest_route=%2Fwp%2Fv2%2Fcomments&post=78952"}],"version-history":[{"count":14,"href":"https:\/\/htb.com.pl\/index.php?rest_route=\/wp\/v2\/posts\/78952\/revisions"}],"predecessor-version":[{"id":79021,"href":"https:\/\/htb.com.pl\/index.php?rest_route=\/wp\/v2\/posts\/78952\/revisions\/79021"}],"wp:featuredmedia":[{"embeddable":true,"href":"https:\/\/htb.com.pl\/index.php?rest_route=\/wp\/v2\/media\/78975"}],"wp:attachment":[{"href":"https:\/\/htb.com.pl\/index.php?rest_route=%2Fwp%2Fv2%2Fmedia&parent=78952"}],"wp:term":[{"taxonomy":"category","embeddable":true,"href":"https:\/\/htb.com.pl\/index.php?rest_route=%2Fwp%2Fv2%2Fcategories&post=78952"},{"taxonomy":"post_tag","embeddable":true,"href":"https:\/\/htb.com.pl\/index.php?rest_route=%2Fwp%2Fv2%2Ftags&post=78952"}],"curies":[{"name":"wp","href":"https:\/\/api.w.org\/{rel}","templated":true}]}}