{"id":79251,"date":"2023-01-08T08:43:05","date_gmt":"2023-01-08T08:43:05","guid":{"rendered":"https:\/\/htb.com.pl\/?p=79251"},"modified":"2023-01-08T14:51:35","modified_gmt":"2023-01-08T14:51:35","slug":"historia-ktorej-2023-roku-nie-powtorzymy","status":"publish","type":"post","link":"https:\/\/htb.com.pl\/?p=79251","title":{"rendered":"Historia, kt\u00f3rej 2023 roku nie powt\u00f3rzymy"},"content":{"rendered":"\n<p>  <\/p>\n\n\n\n<figure class=\"wp-block-image size-thumbnail\"><a href=\"https:\/\/htb.com.pl\/wp-content\/uploads\/2023\/01\/Historia-ktorej-2023-roku-nie-powtorzymy.mp3\"><img loading=\"lazy\" decoding=\"async\" width=\"150\" height=\"150\" src=\"https:\/\/htb.com.pl\/wp-content\/uploads\/2018\/04\/posluchaj-150x150.jpg\" alt=\"\" class=\"wp-image-2020\" srcset=\"https:\/\/htb.com.pl\/wp-content\/uploads\/2018\/04\/posluchaj-150x150.jpg 150w, https:\/\/htb.com.pl\/wp-content\/uploads\/2018\/04\/posluchaj-300x300.jpg 300w, https:\/\/htb.com.pl\/wp-content\/uploads\/2018\/04\/posluchaj-100x100.jpg 100w\" sizes=\"auto, (max-width: 150px) 100vw, 150px\" \/><\/a><\/figure>\n\n\n\n<p>Od lat w Radiu Maria ostrzegamy, \u017ce jak ludzi bez wyobra\u017ani wybieramy, to jako Polska si\u0119 staczamy tam, gdzie ju\u017c kiedy\u015b byli\u015bmy. Dzi\u0119ki Ignacemu Janowi Paderewskiemu na mapy wr\u00f3cili\u015bmy, ale potem \u017ale wybrali\u015bmy i do kl\u0119ski wrze\u015bniowej doprowadzili\u015bmy\u2026 Zm\u0105drzeli\u015bmy i ponownie na Paderewskiego i jego Front Morges postawili\u015bmy. Dzi\u0119ki genera\u0142owi W\u0142adys\u0142awowi Sikorskiemu drug\u0105 si\u0142\u0105 w koalicji antyhitlerowskiej zostali\u015bmy, ale wtedy ci, na kt\u00f3rych wcze\u015bniej \u017ce\u015bmy postawili, genera\u0142a Sikorskiego w Gibraltarze zabili. W\u0142adzy jednak nie zdobyli, bo Ko\u015bciuszkowcy, kt\u00f3rzy Niemc\u00f3w od Lenino do Berlina pogonili na to nie pozwolili.<\/p>\n\n\n\n<p>  12 stycznia 1987 roku genera\u0142 Wojciech Jaruzelski i Papie\u017c Jan Pawe\u0142 II w Watykanie uzgodnili, \u017ce teraz ju\u017c demokratycznie w Polsce b\u0119dziemy si\u0119 rz\u0105dzili. To spowodowa\u0142o, \u017ce ludzie kt\u00f3rzy do kl\u0119ski wrze\u015bniowej doprowadzili, a potem w odbudowie Polski jak mogli przeszkadzali, do w\u0142adzy si\u0119 dorwali <a href=\"http:\/\/radiomaria.com.pl\/wp-content\/uploads\/2021\/02\/04.01.-Co-Oni-pili.mp3\"><img loading=\"lazy\" decoding=\"async\" width=\"150\" height=\"84\" class=\"wp-image-79256\" style=\"width: 150px;\" src=\"https:\/\/htb.com.pl\/wp-content\/uploads\/2023\/01\/oCHRONA-sopMALY.jpg\" alt=\"\" srcset=\"https:\/\/htb.com.pl\/wp-content\/uploads\/2023\/01\/oCHRONA-sopMALY.jpg 984w, https:\/\/htb.com.pl\/wp-content\/uploads\/2023\/01\/oCHRONA-sopMALY-300x169.jpg 300w, https:\/\/htb.com.pl\/wp-content\/uploads\/2023\/01\/oCHRONA-sopMALY-768x432.jpg 768w, https:\/\/htb.com.pl\/wp-content\/uploads\/2023\/01\/oCHRONA-sopMALY-600x338.jpg 600w\" sizes=\"auto, (max-width: 150px) 100vw, 150px\" \/><\/a> i do dzi\u015b z niewielkimi przerwami t\u0105 w\u0142adz\u0119 sprawowali. W czasie przesz\u0142ym \u017ce\u015bmy to napisali, bo cho\u0107 jeszcze w\u0142adzy nie oddali, \u00a0to, co teraz robi\u0105 rz\u0105dzeniem chyba sami by nie nazwali.  <a href=\"http:\/\/radiomaria.com.pl\/wp-content\/uploads\/2023\/01\/03.01.Konferencja-prasowa.mp3\"><img loading=\"lazy\" decoding=\"async\" width=\"150\" height=\"113\" class=\"wp-image-79254\" style=\"width: 150px;\" src=\"https:\/\/htb.com.pl\/wp-content\/uploads\/2023\/01\/Obajtek-konferencja.jpg\" alt=\"\" srcset=\"https:\/\/htb.com.pl\/wp-content\/uploads\/2023\/01\/Obajtek-konferencja.jpg 640w, https:\/\/htb.com.pl\/wp-content\/uploads\/2023\/01\/Obajtek-konferencja-300x225.jpg 300w, https:\/\/htb.com.pl\/wp-content\/uploads\/2023\/01\/Obajtek-konferencja-600x450.jpg 600w\" sizes=\"auto, (max-width: 150px) 100vw, 150px\" \/><\/a> <a href=\"http:\/\/radiomaria.com.pl\/wp-content\/uploads\/2021\/02\/A02.01.Black-Eyed-Peas.mp3\"><img loading=\"lazy\" decoding=\"async\" width=\"150\" height=\"119\" class=\"wp-image-79258\" style=\"width: 150px;\" src=\"https:\/\/htb.com.pl\/wp-content\/uploads\/2023\/01\/Opaski.jpg\" alt=\"\" srcset=\"https:\/\/htb.com.pl\/wp-content\/uploads\/2023\/01\/Opaski.jpg 815w, https:\/\/htb.com.pl\/wp-content\/uploads\/2023\/01\/Opaski-300x239.jpg 300w, https:\/\/htb.com.pl\/wp-content\/uploads\/2023\/01\/Opaski-768x612.jpg 768w, https:\/\/htb.com.pl\/wp-content\/uploads\/2023\/01\/Opaski-600x478.jpg 600w\" sizes=\"auto, (max-width: 150px) 100vw, 150px\" \/><\/a><\/p>\n\n\n\n<p>  Zbli\u017caj\u0105 si\u0119 wybory i mam nadziej\u0119, \u017ce teraz na ludzi z wyobra\u017ani\u0105 postawimy i Polsk\u0119 podobn\u0105 tej z czas\u00f3w Jagiellon\u00f3w uczynimy. Tego Polsce \u017byczymy!!!<\/p>\n","protected":false},"excerpt":{"rendered":"<p>Od lat w Radiu Maria ostrzegamy, \u017ce jak ludzi bez wyobra\u017ani wybieramy, to jako Polska si\u0119 staczamy tam, gdzie ju\u017c kiedy\u015b byli\u015bmy. Dzi\u0119ki Ignacemu Janowi Paderewskiemu na mapy wr\u00f3cili\u015bmy, ale potem \u017ale wybrali\u015bmy i do kl\u0119ski wrze\u015bniowej doprowadzili\u015bmy\u2026 Zm\u0105drzeli\u015bmy i ponownie na Paderewskiego i jego Front Morges postawili\u015bmy. Dzi\u0119ki genera\u0142owi W\u0142adys\u0142awowi Sikorskiemu drug\u0105 si\u0142\u0105 w [&hellip;]<\/p>\n","protected":false},"author":1,"featured_media":79260,"comment_status":"open","ping_status":"open","sticky":false,"template":"","format":"standard","meta":{"_jetpack_memberships_contains_paid_content":false,"footnotes":""},"categories":[4],"tags":[850,851],"class_list":["post-79251","post","type-post","status-publish","format-standard","has-post-thumbnail","hentry","category-daty-i-fakty-blog","tag-historia","tag-ktorej-2023-roku-nie-powtorzymy"],"jetpack_sharing_enabled":true,"jetpack_featured_media_url":"https:\/\/htb.com.pl\/wp-content\/uploads\/2023\/01\/Partitioned_Poland_in_1821maly.png","_links":{"self":[{"href":"https:\/\/htb.com.pl\/index.php?rest_route=\/wp\/v2\/posts\/79251","targetHints":{"allow":["GET"]}}],"collection":[{"href":"https:\/\/htb.com.pl\/index.php?rest_route=\/wp\/v2\/posts"}],"about":[{"href":"https:\/\/htb.com.pl\/index.php?rest_route=\/wp\/v2\/types\/post"}],"author":[{"embeddable":true,"href":"https:\/\/htb.com.pl\/index.php?rest_route=\/wp\/v2\/users\/1"}],"replies":[{"embeddable":true,"href":"https:\/\/htb.com.pl\/index.php?rest_route=%2Fwp%2Fv2%2Fcomments&post=79251"}],"version-history":[{"count":7,"href":"https:\/\/htb.com.pl\/index.php?rest_route=\/wp\/v2\/posts\/79251\/revisions"}],"predecessor-version":[{"id":79277,"href":"https:\/\/htb.com.pl\/index.php?rest_route=\/wp\/v2\/posts\/79251\/revisions\/79277"}],"wp:featuredmedia":[{"embeddable":true,"href":"https:\/\/htb.com.pl\/index.php?rest_route=\/wp\/v2\/media\/79260"}],"wp:attachment":[{"href":"https:\/\/htb.com.pl\/index.php?rest_route=%2Fwp%2Fv2%2Fmedia&parent=79251"}],"wp:term":[{"taxonomy":"category","embeddable":true,"href":"https:\/\/htb.com.pl\/index.php?rest_route=%2Fwp%2Fv2%2Fcategories&post=79251"},{"taxonomy":"post_tag","embeddable":true,"href":"https:\/\/htb.com.pl\/index.php?rest_route=%2Fwp%2Fv2%2Ftags&post=79251"}],"curies":[{"name":"wp","href":"https:\/\/api.w.org\/{rel}","templated":true}]}}