{"id":793,"date":"2018-06-12T10:29:18","date_gmt":"2018-06-12T10:29:18","guid":{"rendered":"https:\/\/htb.com.pl\/?p=793"},"modified":"2019-01-21T12:38:54","modified_gmt":"2019-01-21T12:38:54","slug":"donalde-trump-i-kim-dzong-un","status":"publish","type":"post","link":"https:\/\/htb.com.pl\/?p=793","title":{"rendered":"Donald Trump i Kim Dzong Un"},"content":{"rendered":"<p><img loading=\"lazy\" decoding=\"async\" class=\"alignnone size-medium wp-image-794\" src=\"https:\/\/htb.com.pl\/wp-content\/uploads\/2018\/06\/kim-300x169.jpg\" alt=\"\" width=\"300\" height=\"169\" srcset=\"https:\/\/htb.com.pl\/wp-content\/uploads\/2018\/06\/kim-300x169.jpg 300w, https:\/\/htb.com.pl\/wp-content\/uploads\/2018\/06\/kim-768x433.jpg 768w, https:\/\/htb.com.pl\/wp-content\/uploads\/2018\/06\/kim-600x338.jpg 600w, https:\/\/htb.com.pl\/wp-content\/uploads\/2018\/06\/kim.jpg 788w\" sizes=\"auto, (max-width: 300px) 100vw, 300px\" \/><\/p>\n<p>12 czerwca 2018 spotkanie Prezydenta USA i Przyw\u00f3dcy Korei P\u00f3\u0142nocnej. M\u00f3wi si\u0119 o nich nieprzewidywalni, nie zgadzam si\u0119. S\u0105 kontrowersyjni \u2013 przewidywanie to rz\u0105dzenie, zostawmy\u00a0 rz\u0105dz\u0105cym decyzj\u0119 co zrobi\u0107 po spotkaniu tych dw\u00f3ch polityk\u00f3w.<\/p>\n<p>Spotkanie to odbywa si\u0119 w Singapurze, my\u015bl\u0119, \u017ce jest historyczne. W dalszej cz\u0119\u015bci napisz\u0119 o tym spotkaniu, teraz chc\u0119 powr\u00f3ci\u0107 do mojego wpisu<a href=\"https:\/\/htb.com.pl\/?p=626\"> o bud\u017cecie UE<\/a>. Otrzyma\u0142em pro\u015bb\u0119 od Rodziny mojej Tancerki, aby ujawni\u0107 jej imi\u0119 i napisa\u0107 co powiedzia\u0142a w \u017barnowcu broni\u0105c elektrowni atomowej. Dobrze si\u0119 sk\u0142ada, bo to co powiedzia\u0142a moja Marysia w \u017barnowcu wi\u0105\u017ce si\u0119 z dzisiejszym spotkaniem w Singapurze.<\/p>\n<p>Gdy dojechali\u015bmy jej bia\u0142ym polonezem na miejsce demonstracji przeciwko budowie elektrowni atomowej w \u017barnowcu, ta \u00a0\u00a0trwa\u0142a w najlepsze. Oficjalna delegacja rz\u0105dowa zrezygnowa\u0142a z wyst\u0105pie\u0144, uznano, \u017ce jest to zbyt niebezpieczne. Demonstranci wiedzieli o tym i fetowali zwyci\u0119stwo. Podjechali\u015bmy\u00a0 przed czo\u0142o demonstracji, Majka bo ja tak j\u0105 nazywa\u0142em zdj\u0119\u0142a buty i boso wysz\u0142a na dach poloneza. Poprosi\u0142a o megafon. Jeden z demonstrant\u00f3w poda\u0142 go jej poniewa\u017c uzna\u0142, \u017ce jeste\u015bmy jednymi z nich. Zacz\u0119\u0142a m\u00f3wi\u0107 po francusku, m\u00f3wi\u0142a bowiem do organizator\u00f3w demonstracji a to byli Francuzi. Nie wiem co powiedzia\u0142a ale kilka samochod\u00f3w z rejestracjami firm polonijnych odjecha\u0142o. To jej francuskie przem\u00f3wienie chwil\u0119 trwa\u0142o, ja sta\u0142em z demonstrantami i nudzi\u0142em si\u0119 tak samo jak oni. Jeden z nich pokaza\u0142 mi kalendarz z aktami kobiet jaki dosta\u0142\u00a0 za udzia\u0142 w demonstracji. Gdy Majka zobaczy\u0142a, \u017ce ogl\u0105dam nagie panie powiedzia\u0142a. Jasiu poka\u017c mi ten kalendarz. Wzi\u0119\u0142a i stoj\u0105c na polonezie sama zacz\u0119\u0142a ogl\u0105da\u0107. W ko\u0144cu m\u00f3wi. Jasiu \u2013 ja mam lepsze &#8211; majtki te\u017c mam lepsze,\u00a0 poka\u017c\u0119 ci p\u00f3\u017aniej. Odda\u0142a kalendarz, rozbawi\u0142o to ludzi a Majka \u00a0zacz\u0119\u0142a m\u00f3wi\u0107 po polsku.<\/p>\n<p>Mam na imi\u0119 Maria \u2013 czy s\u0105 tu jeszcze Marie? Odezwa\u0142o si\u0119 wiele g\u0142os\u00f3w. To pi\u0119kne imi\u0119, zobowi\u0105zuj\u0105ce, imi\u0119 Matki Boga i imi\u0119 jednej z najznamienitszych Polek Marii Sk\u0142odowsciej-Curie Kobiety naukowca prekursorki chemii i radiochemii, tw\u00f3rczyni teorii promieniotw\u00f3rczo\u015bci, techniki rozszczepiania izotop\u00f3w promieniotw\u00f3rczych, odkrywczyni radu i polonu, laureatki Nagr\u00f3d Nobla w latach 1903 i 1911 i to w dw\u00f3ch r\u00f3\u017cnych dziedzinach, chemii i fizyki. To dzi\u0119ki niej nasi francuscy przyjaciele, kt\u00f3rzy jako\u015b mnie nie polubili bo odjechali, maj\u0105 energi\u0119 elektryczna z elektrowni atomowych. Maj\u0105 jej du\u017co za du\u017co, chc\u0105 j\u0105 nam sprzedawa\u0107, dlatego tak bardzo chc\u0105 zniszczenia tej naszej elektrowni atomowej. Ja pracuj\u0119 w ministerstwie g\u00f3rnictwa i energetyki. Chocia\u017c jestem dziewczyn\u0105 nie sprz\u0105tam tam. Studiowa\u0142am w Anglii atomistyk\u0119. Pami\u0119tam jak w 1981 roku umierali tam w wyniku strajku g\u0142odowego wi\u0119\u017aniowie IRA Irlandzkiej Armii Wyzwolenia Narodowego, pozna\u0142am ich problemy z g\u00f3rnictwem, nie my\u015blcie, \u017ce tam jest tak wspaniale. Gdy powr\u00f3ci\u0142am do Polski przyj\u0119li mnie do roboty w ministerstwie g\u00f3rnictwa i energetyki, bo trzeba wyremontowa\u0107 nasz reaktor atomowy w \u015awierku. Wymieniamy tam sterowanie i niekt\u00f3re zabezpieczenia. \u00a0(ta modernizacja trwa\u0142a do 1992 roku) Nazwano go imieniem naszej Noblistki. Mamy te\u017c bro\u0144 j\u0105drow\u0105 na terytoriom naszego kraju i to tu blisko, Podborsk ko\u0142o Bia\u0142ogardu, Brze\u017anica ko\u0142o Bornego Sulinowa czy w Tempelowie ko\u0142o Trzemeszna. My\u015blicie, \u017ce w NATO \u00a0o tym nie wiedz\u0105? Jak co\u015b, przypierdziel\u0105 i nic nie zostanie\u00a0 z tego naszego pi\u0119knego kraju. Bo Polska jest pi\u0119kna i nasza. Powr\u00f3ci\u0142am tu chocia\u017c wielu chce st\u0105d wyjecha\u0107. Ja mam tu swojego Jasia a on m\u00f3wi, \u017ce tu jest nasze miejsce. Ma racj\u0119 i kocham go za to. Nie dajmy si\u0119 podzieli\u0107. To prawda nie jeste\u015bmy ca\u0142kiem suwerenni, te rakiety z g\u0142owicami j\u0105drowymi, kt\u00f3re s\u0105 w Polsce obs\u0142uguj\u0105 Rosjanie. Nam nie pozwalaj\u0105 nawet dotkn\u0105\u0107 a niemiecka Bundeswehrama ma do swojej dyspozycji 10 takich \u0142adunk\u00f3w. Musimy mie\u0107 swoj\u0105 elektrowni\u0119 atomow\u0105 i bro\u0144 atomow\u0105, musimy &#8211; nie po to \u017ceby kogo\u015b atakowa\u0107. Musimy mie\u0107 \u017ceby si\u0119 nas bali. Bo inaczej b\u0119d\u0105 si\u0119 z nas \u015bmiali, jak m\u00f3wi\u0142 Micha\u0142 Wo\u0142odyjowski.<\/p>\n<p>Dobra tyle \u2013 z\u0142apcie mnie i skoczy\u0142a z dachu poloneza jak do wody, ja i wielu stoj\u0105cych obok z\u0142apali\u015bmy j\u0105. Zacz\u0119\u0142a mnie ca\u0142owa\u0107\u00a0 wszyscy zacz\u0119li bi\u0107 brawo.<\/p>\n<p><a href=\"https:\/\/htb.com.pl\/?product=donald-trump-jak-on-to-zrobil\"><img loading=\"lazy\" decoding=\"async\" class=\"size-full wp-image-799 alignleft\" src=\"https:\/\/htb.com.pl\/wp-content\/uploads\/2018\/06\/Donald.jpg\" alt=\"\" width=\"200\" height=\"282\" \/><\/a><\/p>\n<p>Dzi\u015b przypomnia\u0142y mi si\u0119 jej s\u0142owa.<\/p>\n<p>Jak widz\u0119 Przyw\u00f3dc\u0119 Korei P\u00f3\u0142nocnej, kt\u00f3rego z tak\u0105 atencj\u0105 przyjmuje Donald Trump to szlag mnie trafia. Nasz Prezydent Andrzej Duda jest traktowany jak powietrze a ten dziwak jak jaki\u015b kr\u00f3l. Ma bro\u0144 j\u0105drow\u0105, my mamy Obron\u0119 Terytorialn\u0105. To jest ta r\u00f3\u017cnica i to jest nasza tragedia. Nie pog\u0142\u0119biajmy tej tragedii.<\/p>\n<p>Ukraina w dniu odzyskania niepodleg\u0142o\u015bci (24 sierpnia 1991 rok) by\u0142a trzecim mocarstwem atomowym \u015bwiata, po USA i Rosji. Mia\u0142a wi\u0119cej g\u0142owic atomowych jak Chiny, Francja i Wielka Brytania razem wzi\u0119te. Wszyscy gwarantowali Ukrainie bezpiecze\u0144stwo jak pozb\u0119dzie si\u0119 rakiet j\u0105drowych. No i Ukraina si\u0119 pozby\u0142a. Teraz maj\u0105 zaanektowany Krym i wojn\u0119 w Dombasie. Tyle jest warte gadanie, \u017ce kto\u015b ci pomo\u017ce.<\/p>\n<p>W\u0142a\u015bnie zako\u0144czy\u0142o si\u0119 spotkanie w Singapurze, Kim obieca\u0142, \u017ce jak wr\u00f3ci do Korei P\u00f3\u0142nocnej we\u017amie si\u0119 za denuklearyzacj\u0119 a Trump powiedzia\u0142 co\u015b co powinni\u015bmy wzi\u0105\u0107 sobie do serca. Powiedzia\u0142, \u017ce nawet wrogowie mog\u0105 zosta\u0107 przyjaci\u00f3\u0142mi.<\/p>\n<p>Mo\u017ce i my powinni\u015bmy porzuci\u0107 t\u0105 sanacyjn\u0105 retoryk\u0119. \u015awiat jest teraz inny. Z Kimem da si\u0119 rozmawia\u0107. W obliczu nuklearnej katastrofy \u015bwiat zrobi\u0142 krok w ty\u0142. My mamy swoja katastrof\u0119, zr\u00f3bmy to samo. Mo\u017ce znikn\u0105 podzia\u0142y i b\u0119dzie jak na koncercie<a href=\"https:\/\/www.youtube.com\/watch?v=0PaBpeOqPSg\"> Andre Rieu<\/a><\/p>\n","protected":false},"excerpt":{"rendered":"<p>12 czerwca 2018 spotkanie Prezydenta USA i Przyw\u00f3dcy Korei P\u00f3\u0142nocnej. M\u00f3wi si\u0119 o nich nieprzewidywalni, nie zgadzam si\u0119. S\u0105 kontrowersyjni \u2013 przewidywanie to rz\u0105dzenie, zostawmy\u00a0 rz\u0105dz\u0105cym decyzj\u0119 co zrobi\u0107 po spotkaniu tych dw\u00f3ch polityk\u00f3w. Spotkanie to odbywa si\u0119 w Singapurze, my\u015bl\u0119, \u017ce jest historyczne. W dalszej cz\u0119\u015bci napisz\u0119 o tym spotkaniu, teraz chc\u0119 powr\u00f3ci\u0107 do [&hellip;]<\/p>\n","protected":false},"author":1,"featured_media":794,"comment_status":"open","ping_status":"open","sticky":false,"template":"","format":"standard","meta":{"_jetpack_memberships_contains_paid_content":false,"footnotes":""},"categories":[4],"tags":[96],"class_list":["post-793","post","type-post","status-publish","format-standard","has-post-thumbnail","hentry","category-daty-i-fakty-blog","tag-donald-trump-i-kim-dzong-un"],"jetpack_sharing_enabled":true,"jetpack_featured_media_url":"https:\/\/htb.com.pl\/wp-content\/uploads\/2018\/06\/kim.jpg","_links":{"self":[{"href":"https:\/\/htb.com.pl\/index.php?rest_route=\/wp\/v2\/posts\/793","targetHints":{"allow":["GET"]}}],"collection":[{"href":"https:\/\/htb.com.pl\/index.php?rest_route=\/wp\/v2\/posts"}],"about":[{"href":"https:\/\/htb.com.pl\/index.php?rest_route=\/wp\/v2\/types\/post"}],"author":[{"embeddable":true,"href":"https:\/\/htb.com.pl\/index.php?rest_route=\/wp\/v2\/users\/1"}],"replies":[{"embeddable":true,"href":"https:\/\/htb.com.pl\/index.php?rest_route=%2Fwp%2Fv2%2Fcomments&post=793"}],"version-history":[{"count":21,"href":"https:\/\/htb.com.pl\/index.php?rest_route=\/wp\/v2\/posts\/793\/revisions"}],"predecessor-version":[{"id":2990,"href":"https:\/\/htb.com.pl\/index.php?rest_route=\/wp\/v2\/posts\/793\/revisions\/2990"}],"wp:featuredmedia":[{"embeddable":true,"href":"https:\/\/htb.com.pl\/index.php?rest_route=\/wp\/v2\/media\/794"}],"wp:attachment":[{"href":"https:\/\/htb.com.pl\/index.php?rest_route=%2Fwp%2Fv2%2Fmedia&parent=793"}],"wp:term":[{"taxonomy":"category","embeddable":true,"href":"https:\/\/htb.com.pl\/index.php?rest_route=%2Fwp%2Fv2%2Fcategories&post=793"},{"taxonomy":"post_tag","embeddable":true,"href":"https:\/\/htb.com.pl\/index.php?rest_route=%2Fwp%2Fv2%2Ftags&post=793"}],"curies":[{"name":"wp","href":"https:\/\/api.w.org\/{rel}","templated":true}]}}