{"id":79597,"date":"2023-01-15T13:19:43","date_gmt":"2023-01-15T13:19:43","guid":{"rendered":"https:\/\/htb.com.pl\/?p=79597"},"modified":"2023-01-15T14:00:07","modified_gmt":"2023-01-15T14:00:07","slug":"co-oni-pili","status":"publish","type":"post","link":"https:\/\/htb.com.pl\/?p=79597","title":{"rendered":"Co oni pili?"},"content":{"rendered":"\n<p><\/p>\n\n\n\n<figure class=\"wp-block-image size-thumbnail\"><a href=\"https:\/\/htb.com.pl\/wp-content\/uploads\/2023\/01\/Co-oni-pili.mp3\"><img loading=\"lazy\" decoding=\"async\" width=\"150\" height=\"150\" src=\"https:\/\/htb.com.pl\/wp-content\/uploads\/2018\/04\/posluchaj-150x150.jpg\" alt=\"\" class=\"wp-image-2020\" srcset=\"https:\/\/htb.com.pl\/wp-content\/uploads\/2018\/04\/posluchaj-150x150.jpg 150w, https:\/\/htb.com.pl\/wp-content\/uploads\/2018\/04\/posluchaj-300x300.jpg 300w, https:\/\/htb.com.pl\/wp-content\/uploads\/2018\/04\/posluchaj-100x100.jpg 100w\" sizes=\"auto, (max-width: 150px) 100vw, 150px\" \/><\/a><\/figure>\n\n\n\n<p>Tytu\u0142 to pytanie, kt\u00f3re ci\u0105gle sobie zadaj\u0119, jak kolejne dzia\u0142ania rz\u0105dz\u0105cych poznaj\u0119. Zacz\u0119\u0142o si\u0119 od tego, \u017ce Michnik z Rywinem \u201epochlali\u201d i politycy pod wodz\u0105 Tomasza Na\u0142\u0119cza zlikwidowali porz\u0105dek, o kt\u00f3rym my wyborcy \u017ce\u015bmy zdecydowali. Komisja Rywina jednak nie wyja\u015bni\u0142a, jaka w\u00f3dka sprawi\u0142a, \u017ce Polska w z\u0142\u0105 stron\u0119 skr\u0119ci\u0142a &#8211; bo rz\u0105d premiera Millera obali\u0142a. Cho\u0107 jego ekipa z Rywinem i Michnikiem nie pi\u0142a. <a href=\"http:\/\/radiomaria.com.pl\/wp-content\/uploads\/2023\/01\/09.01.Wszystko-sie-wali.mp3\"><img loading=\"lazy\" decoding=\"async\" width=\"150\" height=\"97\" class=\"wp-image-79602\" style=\"width: 150px;\" src=\"https:\/\/htb.com.pl\/wp-content\/uploads\/2023\/01\/FuzjaO.png\" alt=\"\" srcset=\"https:\/\/htb.com.pl\/wp-content\/uploads\/2023\/01\/FuzjaO.png 982w, https:\/\/htb.com.pl\/wp-content\/uploads\/2023\/01\/FuzjaO-300x194.png 300w, https:\/\/htb.com.pl\/wp-content\/uploads\/2023\/01\/FuzjaO-768x497.png 768w, https:\/\/htb.com.pl\/wp-content\/uploads\/2023\/01\/FuzjaO-600x389.png 600w\" sizes=\"auto, (max-width: 150px) 100vw, 150px\" \/><\/a><\/p>\n\n\n\n<p>&nbsp; Od tego dnia wr\u00f3ci\u0142a polityka, kt\u00f3ra w 1943 roku genera\u0142a W\u0142adys\u0142awa Sikorskiego w Gibraltarze zabi\u0142a. Na razie, tylko prezydenta Gda\u0144ska Paw\u0142a Adamowicza zabi\u0142a, <a href=\"http:\/\/radiomaria.com.pl\/wp-content\/uploads\/2023\/01\/A14.01.Modlitwa-o-wschodzie-slonca.mp3\"><img loading=\"lazy\" decoding=\"async\" width=\"150\" height=\"91\" class=\"wp-image-79611\" style=\"width: 150px;\" src=\"https:\/\/htb.com.pl\/wp-content\/uploads\/2023\/01\/Rocznicamaly.png\" alt=\"\" srcset=\"https:\/\/htb.com.pl\/wp-content\/uploads\/2023\/01\/Rocznicamaly.png 976w, https:\/\/htb.com.pl\/wp-content\/uploads\/2023\/01\/Rocznicamaly-300x183.png 300w, https:\/\/htb.com.pl\/wp-content\/uploads\/2023\/01\/Rocznicamaly-768x467.png 768w, https:\/\/htb.com.pl\/wp-content\/uploads\/2023\/01\/Rocznicamaly-600x365.png 600w\" sizes=\"auto, (max-width: 150px) 100vw, 150px\" \/><\/a> cho\u0107 generalnie na Donalda Tuska si\u0119 zasadzi\u0142a. Nie wiem, czy to w\u00f3dka sprawi\u0142a, \u017ce si\u0119 do tego nie przy\u0142o\u017cy\u0142a i jaka\u015b menda doTuska jeszcze nie strzeli\u0142a, ale wiem, i\u017c to w\u0142a\u015bnie w\u00f3dka sprawi\u0142a, \u017ce ta ekipa stropy w Komendzie G\u0142\u00f3wnej Policji rozwali\u0142a i \u017ceby tzw. przez nich \u201dbanda dziennikarzy\u201d si\u0119 od nich odczepi\u0142a, rz\u0105dow\u0105 ochron\u0119 Tuskowi przydzieli\u0142a.<\/p>\n\n\n\n<p>&nbsp; Do dziennikarzy, kt\u00f3rzy tego o czym tu pisz\u0119 nie zauwa\u017cyli mam pro\u015bb\u0119 \u2013 kole\u017canki i koledzy, mo\u017ce by\u015bcie teraz wyja\u015bnili, co oni pili. Natomiast do s\u0142uchaczy Radia MARIA prosz\u0119 tylko o jedno. Kochani, jak b\u0119dziecie polityk\u00f3w, czy samorz\u0105dowc\u00f3w wybierali, wybierajcie tych, kt\u00f3rzy \u201eMy Pierwsza Brygada\u201d nie \u015bpiewali. <a href=\"http:\/\/radiomaria.com.pl\/wp-content\/uploads\/2023\/01\/13.01.-KPO.mp3\"><img loading=\"lazy\" decoding=\"async\" width=\"150\" height=\"94\" class=\"wp-image-79608\" style=\"width: 150px;\" src=\"https:\/\/htb.com.pl\/wp-content\/uploads\/2023\/01\/Uchwalamala.png\" alt=\"\" srcset=\"https:\/\/htb.com.pl\/wp-content\/uploads\/2023\/01\/Uchwalamala.png 991w, https:\/\/htb.com.pl\/wp-content\/uploads\/2023\/01\/Uchwalamala-300x188.png 300w, https:\/\/htb.com.pl\/wp-content\/uploads\/2023\/01\/Uchwalamala-768x480.png 768w, https:\/\/htb.com.pl\/wp-content\/uploads\/2023\/01\/Uchwalamala-600x375.png 600w\" sizes=\"auto, (max-width: 150px) 100vw, 150px\" \/><\/a> Znikn\u0105 wtedy ci, kt\u00f3rzy za wz\u00f3r sobie obrali tych, co genera\u0142a Sikorskiego w Gibraltarze zamordowali. To klucz do drzwi, kt\u00f3re do wolnej Europy si\u0119 przed nami zamkn\u0119\u0142y. <a href=\"http:\/\/radiomaria.com.pl\/wp-content\/uploads\/2023\/01\/10.01.Praqorzadnosc.mp3\"><img loading=\"lazy\" decoding=\"async\" width=\"150\" height=\"100\" class=\"wp-image-79604\" style=\"width: 150px;\" src=\"https:\/\/htb.com.pl\/wp-content\/uploads\/2023\/01\/Praworzadnosc-maly.jpg\" alt=\"\" srcset=\"https:\/\/htb.com.pl\/wp-content\/uploads\/2023\/01\/Praworzadnosc-maly.jpg 972w, https:\/\/htb.com.pl\/wp-content\/uploads\/2023\/01\/Praworzadnosc-maly-300x200.jpg 300w, https:\/\/htb.com.pl\/wp-content\/uploads\/2023\/01\/Praworzadnosc-maly-768x512.jpg 768w, https:\/\/htb.com.pl\/wp-content\/uploads\/2023\/01\/Praworzadnosc-maly-600x400.jpg 600w\" sizes=\"auto, (max-width: 150px) 100vw, 150px\" \/><\/a> Teraz mo\u017cna je jeszcze otworzy\u0107, jeszcze si\u0119 nie zatrzasn\u0119\u0142y. Jeszcze korki na Kremlu nie wystrzeli\u0142y, a szampana, kt\u00f3rego Ruscy z okazji otwarcia toru\u0144skiej geotermii otworzyli, go\u015bcie ju\u017c wypili.  Tu &nbsp;przynajmniej wiem, \u017ce szampana \u201e<em>Sowietskoje Igristoje\u201d<\/em> nie pili, tylko zdobycznego \u017bytomira, co im Wagnerowcy &nbsp;podrzucili. Bo &nbsp;tego w\u0142a\u015bnie \u017bytomira &nbsp;u ministra Mariusza Kami\u0144skiego <a href=\"http:\/\/radiomaria.com.pl\/wp-content\/uploads\/2021\/02\/11.01.Co-oni-pili.mp3\"><img loading=\"lazy\" decoding=\"async\" width=\"150\" height=\"111\" class=\"wp-image-79606\" style=\"width: 150px;\" src=\"https:\/\/htb.com.pl\/wp-content\/uploads\/2023\/01\/Pijanstwo.png\" alt=\"\" srcset=\"https:\/\/htb.com.pl\/wp-content\/uploads\/2023\/01\/Pijanstwo.png 642w, https:\/\/htb.com.pl\/wp-content\/uploads\/2023\/01\/Pijanstwo-300x223.png 300w, https:\/\/htb.com.pl\/wp-content\/uploads\/2023\/01\/Pijanstwo-600x446.png 600w\" sizes=\"auto, (max-width: 150px) 100vw, 150px\" \/><\/a> ludzie &nbsp;Jaros\u0142aw Szymczyka, \u201epolicjanta najwa\u017cniejszego\u201d posmakowali i potem w prezentach od Ukrai\u0144c\u00f3w szukali.<\/p>\n\n\n\n<p>&nbsp;Zrozumieli (\u043f\u043e\u043d\u044f\u043b\u0438) &#8211; no to uwa\u017cajcie, bo i wasz dom &nbsp;kto\u015b rozwali.<\/p>\n","protected":false},"excerpt":{"rendered":"<p>Tytu\u0142 to pytanie, kt\u00f3re ci\u0105gle sobie zadaj\u0119, jak kolejne dzia\u0142ania rz\u0105dz\u0105cych poznaj\u0119. Zacz\u0119\u0142o si\u0119 od tego, \u017ce Michnik z Rywinem \u201epochlali\u201d i politycy pod wodz\u0105 Tomasza Na\u0142\u0119cza zlikwidowali porz\u0105dek, o kt\u00f3rym my wyborcy \u017ce\u015bmy zdecydowali. Komisja Rywina jednak nie wyja\u015bni\u0142a, jaka w\u00f3dka sprawi\u0142a, \u017ce Polska w z\u0142\u0105 stron\u0119 skr\u0119ci\u0142a &#8211; bo rz\u0105d premiera Millera obali\u0142a. [&hellip;]<\/p>\n","protected":false},"author":1,"featured_media":79608,"comment_status":"open","ping_status":"open","sticky":false,"template":"","format":"standard","meta":{"_jetpack_memberships_contains_paid_content":false,"footnotes":""},"categories":[4],"tags":[852],"class_list":["post-79597","post","type-post","status-publish","format-standard","has-post-thumbnail","hentry","category-daty-i-fakty-blog","tag-co-oni-pili"],"jetpack_sharing_enabled":true,"jetpack_featured_media_url":"https:\/\/htb.com.pl\/wp-content\/uploads\/2023\/01\/Uchwalamala.png","_links":{"self":[{"href":"https:\/\/htb.com.pl\/index.php?rest_route=\/wp\/v2\/posts\/79597","targetHints":{"allow":["GET"]}}],"collection":[{"href":"https:\/\/htb.com.pl\/index.php?rest_route=\/wp\/v2\/posts"}],"about":[{"href":"https:\/\/htb.com.pl\/index.php?rest_route=\/wp\/v2\/types\/post"}],"author":[{"embeddable":true,"href":"https:\/\/htb.com.pl\/index.php?rest_route=\/wp\/v2\/users\/1"}],"replies":[{"embeddable":true,"href":"https:\/\/htb.com.pl\/index.php?rest_route=%2Fwp%2Fv2%2Fcomments&post=79597"}],"version-history":[{"count":10,"href":"https:\/\/htb.com.pl\/index.php?rest_route=\/wp\/v2\/posts\/79597\/revisions"}],"predecessor-version":[{"id":79618,"href":"https:\/\/htb.com.pl\/index.php?rest_route=\/wp\/v2\/posts\/79597\/revisions\/79618"}],"wp:featuredmedia":[{"embeddable":true,"href":"https:\/\/htb.com.pl\/index.php?rest_route=\/wp\/v2\/media\/79608"}],"wp:attachment":[{"href":"https:\/\/htb.com.pl\/index.php?rest_route=%2Fwp%2Fv2%2Fmedia&parent=79597"}],"wp:term":[{"taxonomy":"category","embeddable":true,"href":"https:\/\/htb.com.pl\/index.php?rest_route=%2Fwp%2Fv2%2Fcategories&post=79597"},{"taxonomy":"post_tag","embeddable":true,"href":"https:\/\/htb.com.pl\/index.php?rest_route=%2Fwp%2Fv2%2Ftags&post=79597"}],"curies":[{"name":"wp","href":"https:\/\/api.w.org\/{rel}","templated":true}]}}