{"id":79932,"date":"2023-01-22T14:04:05","date_gmt":"2023-01-22T14:04:05","guid":{"rendered":"https:\/\/htb.com.pl\/?p=79932"},"modified":"2023-01-22T14:40:29","modified_gmt":"2023-01-22T14:40:29","slug":"co-bylo-lub-bedzie-a-nie-jest-nie-pisze-sie-w-rejestr","status":"publish","type":"post","link":"https:\/\/htb.com.pl\/?p=79932","title":{"rendered":"Co by\u0142o lub b\u0119dzie &#8211; a nie jest, nie pisze si\u0119 w rejestr"},"content":{"rendered":"\n<p>&nbsp; <\/p>\n\n\n\n<figure class=\"wp-block-image size-thumbnail\"><a href=\"https:\/\/htb.com.pl\/wp-content\/uploads\/2023\/01\/Co-bylo-lub-bedzie-\u2013-a-nie-jest-nie-pisze-sie-w-rejestr.mp3\"><img loading=\"lazy\" decoding=\"async\" width=\"150\" height=\"150\" src=\"https:\/\/htb.com.pl\/wp-content\/uploads\/2018\/04\/posluchaj-150x150.jpg\" alt=\"\" class=\"wp-image-2020\" srcset=\"https:\/\/htb.com.pl\/wp-content\/uploads\/2018\/04\/posluchaj-150x150.jpg 150w, https:\/\/htb.com.pl\/wp-content\/uploads\/2018\/04\/posluchaj-300x300.jpg 300w, https:\/\/htb.com.pl\/wp-content\/uploads\/2018\/04\/posluchaj-100x100.jpg 100w\" sizes=\"auto, (max-width: 150px) 100vw, 150px\" \/><\/a><\/figure>\n\n\n\n<figure class=\"wp-block-image size-full\"><img loading=\"lazy\" decoding=\"async\" width=\"752\" height=\"495\" src=\"https:\/\/htb.com.pl\/wp-content\/uploads\/2023\/01\/Zamachy.jpg\" alt=\"\" class=\"wp-image-79938\" srcset=\"https:\/\/htb.com.pl\/wp-content\/uploads\/2023\/01\/Zamachy.jpg 752w, https:\/\/htb.com.pl\/wp-content\/uploads\/2023\/01\/Zamachy-300x197.jpg 300w, https:\/\/htb.com.pl\/wp-content\/uploads\/2023\/01\/Zamachy-600x395.jpg 600w\" sizes=\"auto, (max-width: 752px) 100vw, 752px\" \/><\/figure>\n\n\n\n<p>Tytu\u0142 to parafraza znanego powiedzenia, kt\u00f3re dzi\u015b na u\u017cytek polityk\u00f3w opozycji Radio MARIA nieco zmienia. Ostatnio bowiem \u017ce\u015bmy zauwa\u017cyli, \u017ce politycy opozycji <a href=\"http:\/\/radiomaria.com.pl\/wp-content\/uploads\/2023\/01\/20.01.Opozycja-a-nie-koalicja.mp3\"><img loading=\"lazy\" decoding=\"async\" width=\"150\" height=\"100\" class=\"wp-image-79942\" style=\"width: 150px;\" src=\"https:\/\/htb.com.pl\/wp-content\/uploads\/2023\/01\/Opozycja-mala.jpg\" alt=\"\" srcset=\"https:\/\/htb.com.pl\/wp-content\/uploads\/2023\/01\/Opozycja-mala.jpg 984w, https:\/\/htb.com.pl\/wp-content\/uploads\/2023\/01\/Opozycja-mala-300x200.jpg 300w, https:\/\/htb.com.pl\/wp-content\/uploads\/2023\/01\/Opozycja-mala-768x512.jpg 768w, https:\/\/htb.com.pl\/wp-content\/uploads\/2023\/01\/Opozycja-mala-600x400.jpg 600w\" sizes=\"auto, (max-width: 150px) 100vw, 150px\" \/><\/a> do swej pozycji si\u0119 przyzwyczaili i ch\u0119tnie status ten na nast\u0119pn\u0105 kadencj\u0119 by sobie zostawili. W gruncie rzeczy to zrozumia\u0142e. Politycy kiedy\u015b zjednoczonej, a dzi\u015b niezjednoczonej prawicy tak porz\u0105dzili, \u017ce dzi\u015b ci, co po nich przejm\u0105 w\u0142adz\u0119, d\u0142ugo nie b\u0119d\u0105 rz\u0105dzili.<\/p>\n\n\n\n<p>Ale to misi si\u0119 sta\u0107! <a href=\"http:\/\/radiomaria.com.pl\/wp-content\/uploads\/2023\/01\/22.01.Tauron-Rafako.mp3\"><img loading=\"lazy\" decoding=\"async\" width=\"150\" height=\"113\" class=\"wp-image-79948\" style=\"width: 150px;\" src=\"https:\/\/htb.com.pl\/wp-content\/uploads\/2023\/01\/IMG_1969.jpg\" alt=\"\" srcset=\"https:\/\/htb.com.pl\/wp-content\/uploads\/2023\/01\/IMG_1969.jpg 640w, https:\/\/htb.com.pl\/wp-content\/uploads\/2023\/01\/IMG_1969-300x225.jpg 300w, https:\/\/htb.com.pl\/wp-content\/uploads\/2023\/01\/IMG_1969-600x450.jpg 600w\" sizes=\"auto, (max-width: 150px) 100vw, 150px\" \/><\/a><\/p>\n\n\n\n<p>Bo znowu jako Polska na mapach b\u0119dziemy niebyli. Wiem, \u017ce tu ogl\u0105daj\u0105cy TVP si\u0119 zdziwili. Tam jeste\u015bmy pokazywani, jakby\u015bmy \u015bwiatem rz\u0105dzili. <a href=\"http:\/\/radiomaria.com.pl\/wp-content\/uploads\/2023\/01\/19.01.To-co-bylo.mp3\"><img loading=\"lazy\" decoding=\"async\" width=\"150\" height=\"100\" class=\"wp-image-79946\" style=\"width: 150px;\" src=\"https:\/\/htb.com.pl\/wp-content\/uploads\/2023\/01\/Leopard.png\" alt=\"\" srcset=\"https:\/\/htb.com.pl\/wp-content\/uploads\/2023\/01\/Leopard.png 643w, https:\/\/htb.com.pl\/wp-content\/uploads\/2023\/01\/Leopard-300x199.png 300w, https:\/\/htb.com.pl\/wp-content\/uploads\/2023\/01\/Leopard-600x398.png 600w\" sizes=\"auto, (max-width: 150px) 100vw, 150px\" \/><\/a> W epoce Gierka te\u017c sz\u00f3st\u0105 gospodark\u0105 \u015bwiata \u017ce\u015bmy byli \u2013 w\u0142a\u015bnie tamte d\u0142ugi \u017ce\u015bmy sp\u0142acili. Niestety, sto razy wi\u0119kszych \u017ce\u015bmy narobili. Pomy\u015blmy o naszych dzieciach, wnukach i prawnukach. Oni za ten \u201edzisiejszy dobrobyt\u201d b\u0119d\u0105 p\u0142acili.<\/p>\n\n\n\n<p>&nbsp;&nbsp;A oto, co jeszcze w ostatnim tygodniu zrobili ci, co tak potwornie Polsk\u0119 zad\u0142u\u017cyli.<\/p>\n\n\n\n<p>Czwart\u0105 rocznic\u0119 \u015bmierci prezydenta Gda\u0144ska Paw\u0142a Adamowicza \u017ce\u015bmy obchodzili, ale bez refleksji, \u017ce ci co do tego doprowadzili, opieraj\u0105 si\u0119 na wzorcach przedwojennej sanacji. <a href=\"http:\/\/radiomaria.com.pl\/wp-content\/uploads\/2023\/01\/18.01.Katastrofa-smiglowca-w-Browarach.mp3\"><img loading=\"lazy\" decoding=\"async\" width=\"150\" height=\"86\" class=\"wp-image-79944\" style=\"width: 150px;\" src=\"https:\/\/htb.com.pl\/wp-content\/uploads\/2023\/01\/Browary.png\" alt=\"\" srcset=\"https:\/\/htb.com.pl\/wp-content\/uploads\/2023\/01\/Browary.png 957w, https:\/\/htb.com.pl\/wp-content\/uploads\/2023\/01\/Browary-300x171.png 300w, https:\/\/htb.com.pl\/wp-content\/uploads\/2023\/01\/Browary-768x438.png 768w, https:\/\/htb.com.pl\/wp-content\/uploads\/2023\/01\/Browary-600x342.png 600w\" sizes=\"auto, (max-width: 150px) 100vw, 150px\" \/><\/a> Ich wzorce poprzez zamachy w\u0142adz\u0119 zdobywa\u0142y, lub jak w przypadku katastrofy gibraltarskiej zdoby\u0107 pr\u00f3bowa\u0142y. Dobrze by by\u0142o, jakby\u015bmy o tym pami\u0119tali, gdy teraz w wyborach do Sejmu b\u0119dziemy g\u0142osowali.<\/p>\n\n\n\n<p>&nbsp; To nieprawda, \u017ce porz\u0105dni ludzie do sejmu nie b\u0119d\u0105 kandydowali. B\u0119d\u0105 np. tacy, co Pani\u0105 dr . Hann\u0119 Machi\u0144sk\u0105 na Uniwersytecie Warszawskim oklaskiwali. <a href=\"http:\/\/radiomaria.com.pl\/wp-content\/uploads\/2023\/01\/18.01.Hanna-Machinska.mp3\"><img loading=\"lazy\" decoding=\"async\" width=\"150\" height=\"83\" class=\"wp-image-79940\" style=\"width: 150px;\" src=\"https:\/\/htb.com.pl\/wp-content\/uploads\/2023\/01\/Machinska.png\" alt=\"\" srcset=\"https:\/\/htb.com.pl\/wp-content\/uploads\/2023\/01\/Machinska.png 747w, https:\/\/htb.com.pl\/wp-content\/uploads\/2023\/01\/Machinska-300x166.png 300w, https:\/\/htb.com.pl\/wp-content\/uploads\/2023\/01\/Machinska-600x332.png 600w\" sizes=\"auto, (max-width: 150px) 100vw, 150px\" \/><\/a> Gdyby\u015bmy takich wybrali, inni by si\u0119 z nas nie \u015bmiali.<\/p>\n\n\n\n<p>&nbsp; A gdyby\u015bcie si\u0119 z tym, co tu \u017ce\u015bcie us\u0142yszeli lub przeczytali nie zgadzali, zmienicie zdanie, jak Radia MARIA&nbsp; b\u0119dziecie s\u0142uchali.<\/p>\n","protected":false},"excerpt":{"rendered":"<p>&nbsp; Tytu\u0142 to parafraza znanego powiedzenia, kt\u00f3re dzi\u015b na u\u017cytek polityk\u00f3w opozycji Radio MARIA nieco zmienia. Ostatnio bowiem \u017ce\u015bmy zauwa\u017cyli, \u017ce politycy opozycji do swej pozycji si\u0119 przyzwyczaili i ch\u0119tnie status ten na nast\u0119pn\u0105 kadencj\u0119 by sobie zostawili. W gruncie rzeczy to zrozumia\u0142e. Politycy kiedy\u015b zjednoczonej, a dzi\u015b niezjednoczonej prawicy tak porz\u0105dzili, \u017ce dzi\u015b ci, [&hellip;]<\/p>\n","protected":false},"author":1,"featured_media":79951,"comment_status":"open","ping_status":"open","sticky":false,"template":"","format":"standard","meta":{"_jetpack_memberships_contains_paid_content":false,"footnotes":""},"categories":[4],"tags":[853],"class_list":["post-79932","post","type-post","status-publish","format-standard","has-post-thumbnail","hentry","category-daty-i-fakty-blog","tag-co-bylo-lub-bedzie-a-nie-jest"],"jetpack_sharing_enabled":true,"jetpack_featured_media_url":"https:\/\/htb.com.pl\/wp-content\/uploads\/2023\/01\/Rejestr.png","_links":{"self":[{"href":"https:\/\/htb.com.pl\/index.php?rest_route=\/wp\/v2\/posts\/79932","targetHints":{"allow":["GET"]}}],"collection":[{"href":"https:\/\/htb.com.pl\/index.php?rest_route=\/wp\/v2\/posts"}],"about":[{"href":"https:\/\/htb.com.pl\/index.php?rest_route=\/wp\/v2\/types\/post"}],"author":[{"embeddable":true,"href":"https:\/\/htb.com.pl\/index.php?rest_route=\/wp\/v2\/users\/1"}],"replies":[{"embeddable":true,"href":"https:\/\/htb.com.pl\/index.php?rest_route=%2Fwp%2Fv2%2Fcomments&post=79932"}],"version-history":[{"count":10,"href":"https:\/\/htb.com.pl\/index.php?rest_route=\/wp\/v2\/posts\/79932\/revisions"}],"predecessor-version":[{"id":79957,"href":"https:\/\/htb.com.pl\/index.php?rest_route=\/wp\/v2\/posts\/79932\/revisions\/79957"}],"wp:featuredmedia":[{"embeddable":true,"href":"https:\/\/htb.com.pl\/index.php?rest_route=\/wp\/v2\/media\/79951"}],"wp:attachment":[{"href":"https:\/\/htb.com.pl\/index.php?rest_route=%2Fwp%2Fv2%2Fmedia&parent=79932"}],"wp:term":[{"taxonomy":"category","embeddable":true,"href":"https:\/\/htb.com.pl\/index.php?rest_route=%2Fwp%2Fv2%2Fcategories&post=79932"},{"taxonomy":"post_tag","embeddable":true,"href":"https:\/\/htb.com.pl\/index.php?rest_route=%2Fwp%2Fv2%2Ftags&post=79932"}],"curies":[{"name":"wp","href":"https:\/\/api.w.org\/{rel}","templated":true}]}}