{"id":80277,"date":"2023-01-29T14:30:42","date_gmt":"2023-01-29T14:30:42","guid":{"rendered":"https:\/\/htb.com.pl\/?p=80277"},"modified":"2023-01-30T09:10:56","modified_gmt":"2023-01-30T09:10:56","slug":"powstanie","status":"publish","type":"post","link":"https:\/\/htb.com.pl\/?p=80277","title":{"rendered":"Powstanie"},"content":{"rendered":"\n<figure class=\"wp-block-image size-thumbnail\"><a href=\"https:\/\/htb.com.pl\/wp-content\/uploads\/2023\/01\/Powstanie.mp3\"><img loading=\"lazy\" decoding=\"async\" width=\"150\" height=\"150\" src=\"https:\/\/htb.com.pl\/wp-content\/uploads\/2018\/04\/posluchaj-150x150.jpg\" alt=\"\" class=\"wp-image-2020\" srcset=\"https:\/\/htb.com.pl\/wp-content\/uploads\/2018\/04\/posluchaj-150x150.jpg 150w, https:\/\/htb.com.pl\/wp-content\/uploads\/2018\/04\/posluchaj-300x300.jpg 300w, https:\/\/htb.com.pl\/wp-content\/uploads\/2018\/04\/posluchaj-100x100.jpg 100w\" sizes=\"auto, (max-width: 150px) 100vw, 150px\" \/><\/a><\/figure>\n\n\n\n<p>To s\u0142owo, kt\u00f3re w j\u0119zyku polskim jest moim zdaniem nadinterpretowane. Czyli b\u0142\u0119dnie postrzegane \u2013 jako co\u015b, co w dany<em>m czasie by\u0142o wymagane, bo wszystko by\u0142oby przegrane. Niestety<\/em>, zwykle powstanie by\u0142o przegrane, ale to te\u017c jako co\u015b pozytywnego by\u0142o potem przedstawiane. Tak doszli\u015bmy do tego, \u017ce w z\u0142ym post\u0119powaniu polityk\u00f3w, widzimy co\u015b dobrego. <a href=\"http:\/\/radiomaria.com.pl\/wp-content\/uploads\/2023\/01\/24.01.Powstanie-Styczniowe.mp3\"><img loading=\"lazy\" decoding=\"async\" width=\"150\" height=\"112\" class=\"wp-image-80279\" style=\"width: 150px;\" src=\"https:\/\/htb.com.pl\/wp-content\/uploads\/2023\/01\/Powstanie-Zmaly.jpg\" alt=\"\" srcset=\"https:\/\/htb.com.pl\/wp-content\/uploads\/2023\/01\/Powstanie-Zmaly.jpg 983w, https:\/\/htb.com.pl\/wp-content\/uploads\/2023\/01\/Powstanie-Zmaly-300x225.jpg 300w, https:\/\/htb.com.pl\/wp-content\/uploads\/2023\/01\/Powstanie-Zmaly-768x576.jpg 768w, https:\/\/htb.com.pl\/wp-content\/uploads\/2023\/01\/Powstanie-Zmaly-600x450.jpg 600w\" sizes=\"auto, (max-width: 150px) 100vw, 150px\" \/><\/a><\/p>\n\n\n\n<p>&nbsp; Odmawia si\u0119 pomocy zgwa\u0142conej niepe\u0142nosprawnej dziewczynce, podpuszcza si\u0119 ludzi, \u017ceby byli przeciwni wiatrakom, a prezesa Jaros\u0142awa Kaczy\u0144skiego uwalnia si\u0119 od odpowiedzialno\u015bci za obra\u017canie Rados\u0142awa Sikorskiego. Cho\u0107 pan Kaczy\u0144ski wiedzia\u0142, \u017ce Sikorski nie dopu\u015bci\u0142 si\u0119 zdrady zasad korpusu dyplomatycznego, to w swej narracji doprowadzi\u0142 a\u017c do prawomocnego wyroku s\u0105dowego. Tu zosta\u0142 zaskoczony postaw\u0105 \u015brodowiska s\u0119dziowskiego, kt\u00f3re w odr\u00f3\u017cnieniu od politycznego nie uleg\u0142o zasadom okresu romantyzmu polskiego, pomimo roku romantyzmu, jakim ustanowiono czas roku 2022. To wszystko jest robota cz\u0119\u015bci \u015brodowiska kremlowskiego, kt\u00f3re sobie wymy\u015bli\u0142o, \u017ce dzi\u0119ki Polakom nadal dobrze b\u0119dzie sobie \u017cy\u0142o; ot, cho\u0107by z toru\u0144skiej geotermii. Przypomn\u0119, \u017ce pa\u0144stwo polskie si\u0119 zgodzi\u0142o, \u017ce za nadwy\u017ck\u0119 w cenie ciep\u0142a, kt\u00f3re ta geotermia b\u0119dzie dostarcza\u0142a, b\u0119dzie p\u0142aci\u0142o. Cho\u0107 wcze\u015bniej p\u0142aci\u0142o, \u017ceby ciep\u0142o tam wytwarzane tanie by\u0142o.<\/p>\n\n\n\n<p>Obchodzili\u015bmy 78 rocznic\u0119 wyzwolenie Niemieckiego Obozu Koncentracyjnego w O\u015bwi\u0119cimiu. <a href=\"http:\/\/radiomaria.com.pl\/wp-content\/uploads\/2023\/01\/27.01.-Wyzwolenie-Auschwitz-Birkenau.mp3\"><img loading=\"lazy\" decoding=\"async\" width=\"150\" height=\"94\" class=\"wp-image-80284\" style=\"width: 150px;\" src=\"https:\/\/htb.com.pl\/wp-content\/uploads\/2023\/01\/Oswieciu.jpg\" alt=\"\" srcset=\"https:\/\/htb.com.pl\/wp-content\/uploads\/2023\/01\/Oswieciu.jpg 800w, https:\/\/htb.com.pl\/wp-content\/uploads\/2023\/01\/Oswieciu-300x188.jpg 300w, https:\/\/htb.com.pl\/wp-content\/uploads\/2023\/01\/Oswieciu-768x480.jpg 768w, https:\/\/htb.com.pl\/wp-content\/uploads\/2023\/01\/Oswieciu-600x375.jpg 600w\" sizes=\"auto, (max-width: 150px) 100vw, 150px\" \/><\/a> Wyzwolili go Rosjanie. I jak mo\u017cna dzi\u015b o politykach mie\u0107 dobre zdanie, skoro doprowadzili do tego, \u017ce dzi\u015b w Ukrainie dawni wyzwoliciele O\u015bwi\u0119cimia zrobili co\u015b podobnego \u2013 na wz\u00f3r agresora niemieckiego. Ma\u0142o tego \u2013 w\u0142a\u015bnie Niemc\u00f3w pos\u0105dza si\u0119 o pr\u00f3b\u0119 eskalowania konfliktu Rosyjsko- Ukrai\u0144skiego, bo maj\u0105 w\u0105tpliwo\u015bci, czy wojna to co\u015b dobrego.<\/p>\n\n\n\n<p>Tydzie\u0144 zako\u0144czy\u0142 si\u0119 dobrze. Gra\u0142a Wielka Orkiestra \u015awi\u0105tecznej Pomocy, <a href=\"http:\/\/radiomaria.com.pl\/wp-content\/uploads\/2023\/01\/A29.01Orkiestra.mp3\"><img loading=\"lazy\" decoding=\"async\" width=\"150\" height=\"113\" class=\"wp-image-80289\" style=\"width: 150px;\" src=\"https:\/\/htb.com.pl\/wp-content\/uploads\/2023\/01\/Orkiestra.jpg\" alt=\"\" srcset=\"https:\/\/htb.com.pl\/wp-content\/uploads\/2023\/01\/Orkiestra.jpg 640w, https:\/\/htb.com.pl\/wp-content\/uploads\/2023\/01\/Orkiestra-300x225.jpg 300w, https:\/\/htb.com.pl\/wp-content\/uploads\/2023\/01\/Orkiestra-600x450.jpg 600w\" sizes=\"auto, (max-width: 150px) 100vw, 150px\" \/><\/a> kt\u00f3ra o polskim romantyzmie zapomnia\u0142a, a w Czechach na prezydenta wybrano Petra Pavela, <a href=\"http:\/\/radiomaria.com.pl\/wp-content\/uploads\/2023\/01\/29.01.-Peter-Pavel.mp3\"><img loading=\"lazy\" decoding=\"async\" width=\"150\" height=\"84\" class=\"wp-image-80287\" style=\"width: 150px;\" src=\"https:\/\/htb.com.pl\/wp-content\/uploads\/2023\/01\/prezydentCz.png\" alt=\"\" srcset=\"https:\/\/htb.com.pl\/wp-content\/uploads\/2023\/01\/prezydentCz.png 977w, https:\/\/htb.com.pl\/wp-content\/uploads\/2023\/01\/prezydentCz-300x168.png 300w, https:\/\/htb.com.pl\/wp-content\/uploads\/2023\/01\/prezydentCz-768x430.png 768w, https:\/\/htb.com.pl\/wp-content\/uploads\/2023\/01\/prezydentCz-600x336.png 600w\" sizes=\"auto, (max-width: 150px) 100vw, 150px\" \/><\/a> emerytowanego genera\u0142a. Czesi maj\u0105 doskona\u0142e s\u0142u\u017cby specjalne. Mo\u017ce by\u0107 tak, \u017ce ju\u017c wkr\u00f3tce Toru\u0144ska Geotermia nie b\u0119dzie dzia\u0142a\u0142a, bo na Kremlu swoich mocodawc\u00f3w nie b\u0119dzie mia\u0142a. Tak by to Marysia widzia\u0142a. Ta, kt\u00f3ra Radio MARIA wymy\u015bli\u0142a, jednak uruchomi\u0107 go nie zd\u0105\u017cy\u0142a. Zanim w 1987 roku \u201eanio\u0142kiem\u201d&nbsp; zosta\u0142a, Elektrowni\u0119 J\u0105drow\u0105 w \u017barnowcu doko\u0144czy\u0107 pr\u00f3bowa\u0142a. Mo\u017cliwe, \u017ce dzi\u015b Ona na czele Polskiej Energetyki by sta\u0142a i poprawk\u0119 Jacka Sasina dotycz\u0105c\u0105 wiatrak\u00f3w\u2026 Gdzie by mu wepcha\u0142a, wie ta cz\u0119\u015b\u0107 Polak\u00f3w, kt\u00f3ra na \u201epolaku\u201d, jak by\u0142o o romantyzmie, nie uwa\u017ca\u0142a.<\/p>\n","protected":false},"excerpt":{"rendered":"<p>To s\u0142owo, kt\u00f3re w j\u0119zyku polskim jest moim zdaniem nadinterpretowane. Czyli b\u0142\u0119dnie postrzegane \u2013 jako co\u015b, co w danym czasie by\u0142o wymagane, bo wszystko by\u0142oby przegrane. Niestety, zwykle powstanie by\u0142o przegrane, ale to te\u017c jako co\u015b pozytywnego by\u0142o potem przedstawiane. Tak doszli\u015bmy do tego, \u017ce w z\u0142ym post\u0119powaniu polityk\u00f3w, widzimy co\u015b dobrego. &nbsp; Odmawia si\u0119 [&hellip;]<\/p>\n","protected":false},"author":1,"featured_media":61856,"comment_status":"open","ping_status":"open","sticky":false,"template":"","format":"standard","meta":{"_jetpack_memberships_contains_paid_content":false,"footnotes":""},"categories":[4],"tags":[855],"class_list":["post-80277","post","type-post","status-publish","format-standard","has-post-thumbnail","hentry","category-daty-i-fakty-blog","tag-powstanie"],"jetpack_sharing_enabled":true,"jetpack_featured_media_url":"https:\/\/htb.com.pl\/wp-content\/uploads\/2021\/10\/kosynierzy-powstanie-styczniowe.jpg","_links":{"self":[{"href":"https:\/\/htb.com.pl\/index.php?rest_route=\/wp\/v2\/posts\/80277","targetHints":{"allow":["GET"]}}],"collection":[{"href":"https:\/\/htb.com.pl\/index.php?rest_route=\/wp\/v2\/posts"}],"about":[{"href":"https:\/\/htb.com.pl\/index.php?rest_route=\/wp\/v2\/types\/post"}],"author":[{"embeddable":true,"href":"https:\/\/htb.com.pl\/index.php?rest_route=\/wp\/v2\/users\/1"}],"replies":[{"embeddable":true,"href":"https:\/\/htb.com.pl\/index.php?rest_route=%2Fwp%2Fv2%2Fcomments&post=80277"}],"version-history":[{"count":8,"href":"https:\/\/htb.com.pl\/index.php?rest_route=\/wp\/v2\/posts\/80277\/revisions"}],"predecessor-version":[{"id":80330,"href":"https:\/\/htb.com.pl\/index.php?rest_route=\/wp\/v2\/posts\/80277\/revisions\/80330"}],"wp:featuredmedia":[{"embeddable":true,"href":"https:\/\/htb.com.pl\/index.php?rest_route=\/wp\/v2\/media\/61856"}],"wp:attachment":[{"href":"https:\/\/htb.com.pl\/index.php?rest_route=%2Fwp%2Fv2%2Fmedia&parent=80277"}],"wp:term":[{"taxonomy":"category","embeddable":true,"href":"https:\/\/htb.com.pl\/index.php?rest_route=%2Fwp%2Fv2%2Fcategories&post=80277"},{"taxonomy":"post_tag","embeddable":true,"href":"https:\/\/htb.com.pl\/index.php?rest_route=%2Fwp%2Fv2%2Ftags&post=80277"}],"curies":[{"name":"wp","href":"https:\/\/api.w.org\/{rel}","templated":true}]}}