{"id":81678,"date":"2023-02-27T08:22:43","date_gmt":"2023-02-27T08:22:43","guid":{"rendered":"https:\/\/htb.com.pl\/?p=81678"},"modified":"2023-02-27T09:14:45","modified_gmt":"2023-02-27T09:14:45","slug":"rok-walk-w-ukrainie","status":"publish","type":"post","link":"https:\/\/htb.com.pl\/?p=81678","title":{"rendered":"Rok walk w Ukrainie"},"content":{"rendered":"\n<figure class=\"wp-block-image size-thumbnail\"><a href=\"https:\/\/htb.com.pl\/wp-content\/uploads\/2023\/02\/Rok-walk-w-Ukrainie.mp3\"><img loading=\"lazy\" decoding=\"async\" width=\"150\" height=\"150\" src=\"https:\/\/htb.com.pl\/wp-content\/uploads\/2018\/04\/posluchaj-150x150.jpg\" alt=\"\" class=\"wp-image-2020\" srcset=\"https:\/\/htb.com.pl\/wp-content\/uploads\/2018\/04\/posluchaj-150x150.jpg 150w, https:\/\/htb.com.pl\/wp-content\/uploads\/2018\/04\/posluchaj-300x300.jpg 300w, https:\/\/htb.com.pl\/wp-content\/uploads\/2018\/04\/posluchaj-100x100.jpg 100w\" sizes=\"auto, (max-width: 150px) 100vw, 150px\" \/><\/a><\/figure>\n\n\n\n<figure class=\"wp-block-image size-full\"><a href=\"http:\/\/radiomaria.com.pl\/wp-content\/uploads\/2023\/02\/Rocznica-walk-w-Ukrainie-Bazar-Mielec.mp3\"><img loading=\"lazy\" decoding=\"async\" width=\"567\" height=\"706\" src=\"https:\/\/htb.com.pl\/wp-content\/uploads\/2023\/02\/Honorrok-2.jpg\" alt=\"\" class=\"wp-image-81688\" srcset=\"https:\/\/htb.com.pl\/wp-content\/uploads\/2023\/02\/Honorrok-2.jpg 567w, https:\/\/htb.com.pl\/wp-content\/uploads\/2023\/02\/Honorrok-2-241x300.jpg 241w\" sizes=\"auto, (max-width: 567px) 100vw, 567px\" \/><\/a><\/figure>\n\n\n\n<p>Min\u0105\u0142 rok, jak rozpocz\u0119\u0142a si\u0119 &nbsp;eskalacja walk w Ukrainie, w wojnie, kt\u00f3ra trwa tam &nbsp;od&nbsp; lutego 2014. W Radiu Maria nazywali\u015bmy to kolejnymi dniami, oznaczali\u015bmy liczbami i opisywali\u015bmy wydarzenia, kt\u00f3re jeszcze rok temu by\u0142y nie do uwierzenia.&nbsp; Dalej b\u0119dziemy to robili z nadziej\u0105, \u017ce kolejnej rocznicy nie b\u0119dziemy obchodzili. <\/p>\n\n\n\n<figure class=\"wp-block-image size-full\"><a href=\"http:\/\/radiomaria.com.pl\/wp-content\/uploads\/2023\/02\/U21.02.Hymn_.mp3\"><img loading=\"lazy\" decoding=\"async\" width=\"682\" height=\"448\" src=\"https:\/\/htb.com.pl\/wp-content\/uploads\/2023\/02\/WpisBidena.png\" alt=\"\" class=\"wp-image-81684\" srcset=\"https:\/\/htb.com.pl\/wp-content\/uploads\/2023\/02\/WpisBidena.png 682w, https:\/\/htb.com.pl\/wp-content\/uploads\/2023\/02\/WpisBidena-300x197.png 300w, https:\/\/htb.com.pl\/wp-content\/uploads\/2023\/02\/WpisBidena-600x394.png 600w\" sizes=\"auto, (max-width: 682px) 100vw, 682px\" \/><\/a><figcaption class=\"wp-element-caption\"><strong>Wpis Joe Bidena do ksi\u0119gi go\u015bci Pa\u0142acu Mary\u0144skiego, oficjalnej rezydencji prezydenta Ukrainy.<\/strong><\/figcaption><\/figure>\n\n\n\n<p>&nbsp; Nasi rz\u0105dz\u0105cy niewiele w tym celu zrobili, cho\u0107 w swoich mediach propagandowych tak to przedstawiali, \u017ce mo\u017cna by\u0142o odnie\u015b\u0107 wra\u017cenie, \u017ce t\u0119 wojn\u0119 z Putinem to <strong>nasi politycy<\/strong> ju\u017c wygrali\u2026 Rusk\u0105 rop\u0119 ruroci\u0105giem \u201ePrzyja\u017a\u0144\u201d dopiero teraz importowa\u0107 przestali i to dlatego, \u017ce Rosjanie tak zdecydowali. <a href=\"http:\/\/radiomaria.com.pl\/wp-content\/uploads\/2023\/02\/25..02.Doskonale-wyniki-Orlenu1.mp3\"><img loading=\"lazy\" decoding=\"async\" width=\"150\" height=\"86\" class=\"wp-image-81692\" style=\"width: 150px;\" src=\"https:\/\/htb.com.pl\/wp-content\/uploads\/2023\/02\/infohmacja.jpg\" alt=\"\" srcset=\"https:\/\/htb.com.pl\/wp-content\/uploads\/2023\/02\/infohmacja.jpg 599w, https:\/\/htb.com.pl\/wp-content\/uploads\/2023\/02\/infohmacja-300x172.jpg 300w\" sizes=\"auto, (max-width: 150px) 100vw, 150px\" \/><\/a> A innych pouczali, \u017ceby z Putinem nie wsp\u00f3\u0142pracowali. Je\u017celi tych ludzi nadal b\u0119dziemy s\u0142uchali i na nich g\u0142osowali \u2013 Putin i nasz dom rozwali. Przypomn\u0119, \u017ce ju\u017c wielokrotnie b\u0142\u0105d ten \u017ce\u015bmy pope\u0142niali.<\/p>\n\n\n\n<p>Teraz nawet \u017ce\u015bmy nie zauwa\u017cyli, jak \u201eRuscy\u201d w nasze granice wkroczyli. Religi\u0119 nam zmienili, przykazanie o mi\u0142o\u015bci bli\u017aniego&nbsp; od nowa napisali; \u017ce chodzi o swojego bli\u017aniego dodali, a politycy i duchowni, kt\u00f3rzy na narodowych obsesjach J\u00f3zefa Pi\u0142sudskiego si\u0119 wzorowali, to zaakceptowali. Dlatego Donalda Trumpa, a nie Joe Bidena jako prezydenta Ameryki popierali i d\u0142ugo wyboru Amerykan\u00f3w nie akceptowali. A teraz pan Jaros\u0142aw Kaczy\u0144ski si\u0119 dziwi, \u017ce Joe Biden ich nie chwali <a href=\"http:\/\/radiomaria.com.pl\/wp-content\/uploads\/2023\/02\/22.02.Joe-Biden-w-Polsce1.mp3\"><img loading=\"lazy\" decoding=\"async\" width=\"150\" height=\"79\" class=\"wp-image-81680\" style=\"width: 150px;\" src=\"https:\/\/htb.com.pl\/wp-content\/uploads\/2023\/02\/Spotkania-K.png\" alt=\"\" srcset=\"https:\/\/htb.com.pl\/wp-content\/uploads\/2023\/02\/Spotkania-K.png 1182w, https:\/\/htb.com.pl\/wp-content\/uploads\/2023\/02\/Spotkania-K-300x158.png 300w, https:\/\/htb.com.pl\/wp-content\/uploads\/2023\/02\/Spotkania-K-1024x539.png 1024w, https:\/\/htb.com.pl\/wp-content\/uploads\/2023\/02\/Spotkania-K-768x404.png 768w, https:\/\/htb.com.pl\/wp-content\/uploads\/2023\/02\/Spotkania-K-850x450.png 850w, https:\/\/htb.com.pl\/wp-content\/uploads\/2023\/02\/Spotkania-K-600x316.png 600w\" sizes=\"auto, (max-width: 150px) 100vw, 150px\" \/><\/a> &#8211; by\u0142 w Arkadach Kubickiego, gdzie Joe Biden spotka\u0142 si\u0119 z Polakami. By\u0142o to przy okazji jego historycznej wizyty w Ukrainie.   <a href=\"http:\/\/radiomaria.com.pl\/wp-content\/uploads\/2023\/02\/24.02.Pokonac-Putina.mp3\"><img loading=\"lazy\" decoding=\"async\" width=\"150\" height=\"113\" class=\"wp-image-81682\" style=\"width: 150px;\" src=\"https:\/\/htb.com.pl\/wp-content\/uploads\/2023\/02\/Biden-w-Kijowie.jpg\" alt=\"\" srcset=\"https:\/\/htb.com.pl\/wp-content\/uploads\/2023\/02\/Biden-w-Kijowie.jpg 640w, https:\/\/htb.com.pl\/wp-content\/uploads\/2023\/02\/Biden-w-Kijowie-300x225.jpg 300w, https:\/\/htb.com.pl\/wp-content\/uploads\/2023\/02\/Biden-w-Kijowie-600x450.jpg 600w\" sizes=\"auto, (max-width: 150px) 100vw, 150px\" \/><\/a> <\/p>\n\n\n\n<p>&nbsp; W naszej propagandzie tak to pokazali, jakby\u015bmy to my prezydenta Bidena przyjmowali. On tu tylko przenocowa\u0142, a w Niemczech zatankowa\u0142. Ciekawe co go do tego sk\u0142oni\u0142o \u2013 mo\u017ce tam taniej by\u0142o?<\/p>\n\n\n\n<p>&nbsp; I to jest kolejne z\u0142o, kt\u00f3re za spraw\u0105 \u201eRuskich\u201d si\u0119 nam przytrafi\u0142o. Z gospodarki rynkowej \u017ce\u015bmy zrezygnowali i ich system oligarchiczny zastosowali. Nasi oligarchowie jeszcze ca\u0142ej Polski nie porozkradali, ale jak dalej tak b\u0119dziemy wybierali \u2013 wszystko si\u0119 zawali.<\/p>\n","protected":false},"excerpt":{"rendered":"<p>Min\u0105\u0142 rok, jak rozpocz\u0119\u0142a si\u0119 &nbsp;eskalacja walk w Ukrainie, w wojnie, kt\u00f3ra trwa tam &nbsp;od&nbsp; lutego 2014. W Radiu Maria nazywali\u015bmy to kolejnymi dniami, oznaczali\u015bmy liczbami i opisywali\u015bmy wydarzenia, kt\u00f3re jeszcze rok temu by\u0142y nie do uwierzenia.&nbsp; Dalej b\u0119dziemy to robili z nadziej\u0105, \u017ce kolejnej rocznicy nie b\u0119dziemy obchodzili. &nbsp; Nasi rz\u0105dz\u0105cy niewiele w tym [&hellip;]<\/p>\n","protected":false},"author":1,"featured_media":81695,"comment_status":"open","ping_status":"open","sticky":false,"template":"","format":"standard","meta":{"_jetpack_memberships_contains_paid_content":false,"footnotes":""},"categories":[4],"tags":[860],"class_list":["post-81678","post","type-post","status-publish","format-standard","has-post-thumbnail","hentry","category-daty-i-fakty-blog","tag-rok-walk-w-ukrainie"],"jetpack_sharing_enabled":true,"jetpack_featured_media_url":"https:\/\/htb.com.pl\/wp-content\/uploads\/2023\/02\/22311366.jpg","_links":{"self":[{"href":"https:\/\/htb.com.pl\/index.php?rest_route=\/wp\/v2\/posts\/81678","targetHints":{"allow":["GET"]}}],"collection":[{"href":"https:\/\/htb.com.pl\/index.php?rest_route=\/wp\/v2\/posts"}],"about":[{"href":"https:\/\/htb.com.pl\/index.php?rest_route=\/wp\/v2\/types\/post"}],"author":[{"embeddable":true,"href":"https:\/\/htb.com.pl\/index.php?rest_route=\/wp\/v2\/users\/1"}],"replies":[{"embeddable":true,"href":"https:\/\/htb.com.pl\/index.php?rest_route=%2Fwp%2Fv2%2Fcomments&post=81678"}],"version-history":[{"count":10,"href":"https:\/\/htb.com.pl\/index.php?rest_route=\/wp\/v2\/posts\/81678\/revisions"}],"predecessor-version":[{"id":81700,"href":"https:\/\/htb.com.pl\/index.php?rest_route=\/wp\/v2\/posts\/81678\/revisions\/81700"}],"wp:featuredmedia":[{"embeddable":true,"href":"https:\/\/htb.com.pl\/index.php?rest_route=\/wp\/v2\/media\/81695"}],"wp:attachment":[{"href":"https:\/\/htb.com.pl\/index.php?rest_route=%2Fwp%2Fv2%2Fmedia&parent=81678"}],"wp:term":[{"taxonomy":"category","embeddable":true,"href":"https:\/\/htb.com.pl\/index.php?rest_route=%2Fwp%2Fv2%2Fcategories&post=81678"},{"taxonomy":"post_tag","embeddable":true,"href":"https:\/\/htb.com.pl\/index.php?rest_route=%2Fwp%2Fv2%2Ftags&post=81678"}],"curies":[{"name":"wp","href":"https:\/\/api.w.org\/{rel}","templated":true}]}}