{"id":81984,"date":"2023-03-05T14:28:22","date_gmt":"2023-03-05T14:28:22","guid":{"rendered":"https:\/\/htb.com.pl\/?p=81984"},"modified":"2023-03-07T08:56:40","modified_gmt":"2023-03-07T08:56:40","slug":"klamstwo-2","status":"publish","type":"post","link":"https:\/\/htb.com.pl\/?p=81984","title":{"rendered":"K\u0142amstwo"},"content":{"rendered":"\n<p><\/p>\n\n\n\n<figure class=\"wp-block-image size-thumbnail\"><a href=\"https:\/\/htb.com.pl\/wp-content\/uploads\/2023\/03\/Klamstwo.mp3\"><img loading=\"lazy\" decoding=\"async\" width=\"150\" height=\"150\" src=\"https:\/\/htb.com.pl\/wp-content\/uploads\/2018\/04\/posluchaj-150x150.jpg\" alt=\"\" class=\"wp-image-2020\" srcset=\"https:\/\/htb.com.pl\/wp-content\/uploads\/2018\/04\/posluchaj-150x150.jpg 150w, https:\/\/htb.com.pl\/wp-content\/uploads\/2018\/04\/posluchaj-300x300.jpg 300w, https:\/\/htb.com.pl\/wp-content\/uploads\/2018\/04\/posluchaj-100x100.jpg 100w\" sizes=\"auto, (max-width: 150px) 100vw, 150px\" \/><\/a><\/figure>\n\n\n\n<p>K\u0142amstwo jest fundamentem obecnego naszego rz\u0105du \u201episowskiego\u201d. Zacz\u0119\u0142o si\u0119 od dwudziestolecia mi\u0119dzywojennego, kiedy J\u00f3zefa Pi\u0142sudskiego uznano za zwyci\u0119zc\u0119 w Bitwie Warszawskiej z roku 1920 &#8211; w\u00f3wczas zdymisjonowanego. Potem by\u0142a kl\u0119ska wrze\u015bniowa, ucieczka rz\u0105du sanacyjnego i powr\u00f3t za spraw\u0105 zamachu w Gibraltarze na genera\u0142a W\u0142adys\u0142awa Sikorskiego.<\/p>\n\n\n\n<p>Po II wojnie \u015bwiatowej nasta\u0142 czas rz\u0105d\u00f3w ludzi, kt\u00f3rzy nie wierzyli w geniusz Pi\u0142sudskiego i by\u0142o tak a\u017c do roku 1980. Wtedy za spraw\u0105 Papie\u017ca Jana Paw\u0142a II i genera\u0142a Wojciecha Jaruzelskiego popr\u00f3bowali\u015bmy dobrodziejstw \u015bwiata demokratycznego. Katastrofa Smole\u0144ska z roku 2010, nazwana zamachem przez podobnych tym, co dokonali zamachu na genera\u0142a Sikorskiego sprawi\u0142a, \u017ce wr\u00f3cili\u015bmy do starego \u201edobrego\u201d pa\u0144stwa sanacyjnego, czyli zak\u0142amanego.<\/p>\n\n\n\n<p>&nbsp;A oto k\u0142amstwa rz\u0105du \u201episowskiego\u201d z tygodnia ostatniego.<\/p>\n\n\n\n<p>Zapad\u0142 wyrok w sprawie rozwalenie samochodu rz\u0105dowego z pani\u0105 premier Beat\u0105 Szyd\u0142o w \u015brodku przez Seicento Sebastiana Ko\u015bcielniaka. Tu tylko nazwiska by\u0142y prawdziwe. <a href=\"http:\/\/radiomaria.com.pl\/wp-content\/uploads\/2021\/02\/27.02.Sebastian-Koscielnik-z-Seicento-kontra-Beata-Szydlo.mp3\"><img loading=\"lazy\" decoding=\"async\" width=\"150\" height=\"100\" class=\"wp-image-81985\" style=\"width: 150px;\" src=\"https:\/\/htb.com.pl\/wp-content\/uploads\/2023\/03\/gf-pEgZ-o4jw-nTfM_wypadek-premier-664x442-1.jpg\" alt=\"\" srcset=\"https:\/\/htb.com.pl\/wp-content\/uploads\/2023\/03\/gf-pEgZ-o4jw-nTfM_wypadek-premier-664x442-1.jpg 664w, https:\/\/htb.com.pl\/wp-content\/uploads\/2023\/03\/gf-pEgZ-o4jw-nTfM_wypadek-premier-664x442-1-300x200.jpg 300w, https:\/\/htb.com.pl\/wp-content\/uploads\/2023\/03\/gf-pEgZ-o4jw-nTfM_wypadek-premier-664x442-1-600x399.jpg 600w\" sizes=\"auto, (max-width: 150px) 100vw, 150px\" \/><\/a><\/p>\n\n\n\n<p>Mieleckie organizacje pozarz\u0105dowe \u017cyj\u0105 z tego, \u017ce przekazuj\u0105 m\u0142odzie\u017cy histori\u0119 napisan\u0105 z punktu widzenia pa\u0144stwa \u201episowskiego\u201d. <a href=\"http:\/\/radiomaria.com.pl\/wp-content\/uploads\/2023\/02\/A27.02.Powstanie-AK-w-ZSB-w-Mielcu.mp3\"><img loading=\"lazy\" decoding=\"async\" width=\"150\" height=\"112\" class=\"wp-image-81987\" style=\"width: 150px;\" src=\"https:\/\/htb.com.pl\/wp-content\/uploads\/2023\/03\/Akademiamala.jpg\" alt=\"\" srcset=\"https:\/\/htb.com.pl\/wp-content\/uploads\/2023\/03\/Akademiamala.jpg 963w, https:\/\/htb.com.pl\/wp-content\/uploads\/2023\/03\/Akademiamala-300x225.jpg 300w, https:\/\/htb.com.pl\/wp-content\/uploads\/2023\/03\/Akademiamala-768x576.jpg 768w, https:\/\/htb.com.pl\/wp-content\/uploads\/2023\/03\/Akademiamala-600x450.jpg 600w\" sizes=\"auto, (max-width: 150px) 100vw, 150px\" \/><\/a> To nie jest edukacja, tylko indoktrynacja. W Szczecinie, w po\u0142\u0105czeniu z propagand\u0105 i hejtem doprowadzi\u0142o to do samob\u00f3jczej \u015bmierci m\u0142odego cz\u0142owieka. <a href=\"http:\/\/radiomaria.com.pl\/wp-content\/uploads\/2023\/03\/05.03.-Kondolencje-dla-Magdaleny-Filiks.mp3\"><img loading=\"lazy\" decoding=\"async\" width=\"150\" height=\"150\" class=\"wp-image-81990\" style=\"width: 150px;\" src=\"https:\/\/htb.com.pl\/wp-content\/uploads\/2023\/03\/czarna-wstazka.png\" alt=\"\" srcset=\"https:\/\/htb.com.pl\/wp-content\/uploads\/2023\/03\/czarna-wstazka.png 472w, https:\/\/htb.com.pl\/wp-content\/uploads\/2023\/03\/czarna-wstazka-300x300.png 300w, https:\/\/htb.com.pl\/wp-content\/uploads\/2023\/03\/czarna-wstazka-150x150.png 150w, https:\/\/htb.com.pl\/wp-content\/uploads\/2023\/03\/czarna-wstazka-100x100.png 100w\" sizes=\"auto, (max-width: 150px) 100vw, 150px\" \/><\/a> Dla propagandyst\u00f3w pa\u0144stwa \u201episowskiego\u201d, to by\u0142o co\u015b zabawnego\u2026<\/p>\n\n\n\n<p>Na koniec b\u0119dzie jednak co\u015b zabawnego. Pos\u0105dzono Rafa\u0142a Trzaskowskiego, \u017ce chce wprowadzi\u0107 robale do menu polskiego, <a href=\"http:\/\/radiomaria.com.pl\/wp-content\/uploads\/2023\/03\/05.03.-Robale.mp3\"><img loading=\"lazy\" decoding=\"async\" width=\"150\" height=\"99\" class=\"wp-image-81992\" style=\"width: 150px;\" src=\"https:\/\/htb.com.pl\/wp-content\/uploads\/2023\/03\/Robaki.png\" alt=\"\" srcset=\"https:\/\/htb.com.pl\/wp-content\/uploads\/2023\/03\/Robaki.png 722w, https:\/\/htb.com.pl\/wp-content\/uploads\/2023\/03\/Robaki-300x198.png 300w, https:\/\/htb.com.pl\/wp-content\/uploads\/2023\/03\/Robaki-600x396.png 600w\" sizes=\"auto, (max-width: 150px) 100vw, 150px\" \/><\/a> a prawda jest taka, \u017ce te robale to projekt rz\u0105du \u201episowskiego\u201d- dawniej sanacyjnego i zawsze zak\u0142amanego.<\/p>\n","protected":false},"excerpt":{"rendered":"<p>K\u0142amstwo jest fundamentem obecnego naszego rz\u0105du \u201episowskiego\u201d. Zacz\u0119\u0142o si\u0119 od dwudziestolecia mi\u0119dzywojennego, kiedy J\u00f3zefa Pi\u0142sudskiego uznano za zwyci\u0119zc\u0119 w Bitwie Warszawskiej z roku 1920 &#8211; w\u00f3wczas zdymisjonowanego. Potem by\u0142a kl\u0119ska wrze\u015bniowa, ucieczka rz\u0105du sanacyjnego i powr\u00f3t za spraw\u0105 zamachu w Gibraltarze na genera\u0142a W\u0142adys\u0142awa Sikorskiego. Po II wojnie \u015bwiatowej nasta\u0142 czas rz\u0105d\u00f3w ludzi, kt\u00f3rzy nie [&hellip;]<\/p>\n","protected":false},"author":1,"featured_media":81994,"comment_status":"open","ping_status":"open","sticky":false,"template":"","format":"standard","meta":{"_jetpack_memberships_contains_paid_content":false,"footnotes":""},"categories":[4],"tags":[],"class_list":["post-81984","post","type-post","status-publish","format-standard","has-post-thumbnail","hentry","category-daty-i-fakty-blog"],"jetpack_sharing_enabled":true,"jetpack_featured_media_url":"https:\/\/htb.com.pl\/wp-content\/uploads\/2023\/03\/Klamstwo.png","_links":{"self":[{"href":"https:\/\/htb.com.pl\/index.php?rest_route=\/wp\/v2\/posts\/81984","targetHints":{"allow":["GET"]}}],"collection":[{"href":"https:\/\/htb.com.pl\/index.php?rest_route=\/wp\/v2\/posts"}],"about":[{"href":"https:\/\/htb.com.pl\/index.php?rest_route=\/wp\/v2\/types\/post"}],"author":[{"embeddable":true,"href":"https:\/\/htb.com.pl\/index.php?rest_route=\/wp\/v2\/users\/1"}],"replies":[{"embeddable":true,"href":"https:\/\/htb.com.pl\/index.php?rest_route=%2Fwp%2Fv2%2Fcomments&post=81984"}],"version-history":[{"count":5,"href":"https:\/\/htb.com.pl\/index.php?rest_route=\/wp\/v2\/posts\/81984\/revisions"}],"predecessor-version":[{"id":82077,"href":"https:\/\/htb.com.pl\/index.php?rest_route=\/wp\/v2\/posts\/81984\/revisions\/82077"}],"wp:featuredmedia":[{"embeddable":true,"href":"https:\/\/htb.com.pl\/index.php?rest_route=\/wp\/v2\/media\/81994"}],"wp:attachment":[{"href":"https:\/\/htb.com.pl\/index.php?rest_route=%2Fwp%2Fv2%2Fmedia&parent=81984"}],"wp:term":[{"taxonomy":"category","embeddable":true,"href":"https:\/\/htb.com.pl\/index.php?rest_route=%2Fwp%2Fv2%2Fcategories&post=81984"},{"taxonomy":"post_tag","embeddable":true,"href":"https:\/\/htb.com.pl\/index.php?rest_route=%2Fwp%2Fv2%2Ftags&post=81984"}],"curies":[{"name":"wp","href":"https:\/\/api.w.org\/{rel}","templated":true}]}}