{"id":8218,"date":"2019-08-30T11:01:19","date_gmt":"2019-08-30T11:01:19","guid":{"rendered":"https:\/\/htb.com.pl\/?p=8218"},"modified":"2019-09-04T04:38:37","modified_gmt":"2019-09-04T04:38:37","slug":"nie-stanie-sie-nam-nic","status":"publish","type":"post","link":"https:\/\/htb.com.pl\/?p=8218","title":{"rendered":"Nie stanie si\u0119 nam nic&#8230;"},"content":{"rendered":"\n<p><\/p>\n\n\n\n<div class=\"wp-block-media-text alignwide\"><figure class=\"wp-block-media-text__media\"><img loading=\"lazy\" decoding=\"async\" width=\"448\" height=\"310\" src=\"https:\/\/htb.com.pl\/wp-content\/uploads\/2019\/08\/bitwa_bzura1.jpg\" alt=\"\" class=\"wp-image-8424\" srcset=\"https:\/\/htb.com.pl\/wp-content\/uploads\/2019\/08\/bitwa_bzura1.jpg 448w, https:\/\/htb.com.pl\/wp-content\/uploads\/2019\/08\/bitwa_bzura1-300x208.jpg 300w\" sizes=\"auto, (max-width: 448px) 100vw, 448px\" \/><\/figure><div class=\"wp-block-media-text__content\">\n<p class=\"has-medium-font-size\">Bitwa nad Bzur\u0105                9 wrze\u015bnia 1939 rok&#8230;<\/p>\n<\/div><\/div>\n\n\n\n<p>Bo jest z nami \u015amig\u0142y Rydz \u015bpiewano pod koniec wakacji 1939 roku. &#8220;Marsza\u0142ek&#8221; Edward Rydz-\u015amig\u0142y, to W\u00f3dz Naczelny w chwili napa\u015bci Niemiec na Polsk\u0119. Czemu cudzys\u0142\u00f3w wyja\u015bni\u0119 &#8211; <a href=\"https:\/\/htb.com.pl\/?p=1575\">wyja\u015bnia\u0142em te\u017c wcze\u015bniej<\/a>. Zima 1987 rok, Marysia (poprzednie wpisy) mia\u0142a problem. Pokaza\u0142y si\u0119 ulotki, \u017ce jest funkcjonariuszem Samodzielnej Grupa \u201eD\u201d Departamentu IV MSW do zwalczania Ko\u015bcio\u0142a Katolickiego. Ona walczy\u0142a z SB-kami, kt\u00f3rzy pr\u00f3bowali za\u0142atwi\u0107 Jaruzelskiego i Kani\u0119 I sekretarzem zrobi\u0107, ulotki by\u0142y prowokacj\u0105 jej przeciwnik\u00f3w. W tej sprawie, w swoim mieszkaniu, spotka\u0142a si\u0119 z lud\u017ami Jaruzelskiego. Panowie byli po cywilnemu ale ja wiedzia\u0142em, \u017ce to oficerowie i to starsi, jak si\u0119 okaza\u0142o by\u0142 nawet genera\u0142. Marysia poprosi\u0142a, \u017cebym zrobi\u0142 piecze\u0144 wo\u0142ow\u0105 z grzybami i przypilnowa\u0142, aby sos nie by\u0142 za g\u0119sty. To oznacza\u0142o, \u017ce mam w kuchni siedzie\u0107. Poda\u0142em jedynie sa\u0142atk\u0119 z hiszpa\u0144skich pomidor\u00f3w, co ludzie Majki z urlop\u00f3w przywie\u017ali. By\u0142a tam jeszcze cebula, czosnek, natka pietruszki, s\u0142odka papryka, bazylia i kawa\u0142ki jajek na twardo. To wszystko pola\u0142em niezwyk\u0142ym olejem, kt\u00f3ry Majka sk\u0105d\u015b wytrzasn\u0119\u0142a. Przypomina\u0142 konopny, <a href=\"https:\/\/htb.com.pl\/?product=olej-konopny-250ml\"><img loading=\"lazy\" decoding=\"async\" width=\"150\" height=\"150\" class=\"wp-image-8349\" style=\"width: 150px;\" src=\"https:\/\/htb.com.pl\/wp-content\/uploads\/2019\/08\/sa\u0142atkowy.png\" alt=\"\" srcset=\"https:\/\/htb.com.pl\/wp-content\/uploads\/2019\/08\/sa\u0142atkowy.png 800w, https:\/\/htb.com.pl\/wp-content\/uploads\/2019\/08\/sa\u0142atkowy-150x150.png 150w, https:\/\/htb.com.pl\/wp-content\/uploads\/2019\/08\/sa\u0142atkowy-300x300.png 300w, https:\/\/htb.com.pl\/wp-content\/uploads\/2019\/08\/sa\u0142atkowy-768x768.png 768w, https:\/\/htb.com.pl\/wp-content\/uploads\/2019\/08\/sa\u0142atkowy-600x600.png 600w, https:\/\/htb.com.pl\/wp-content\/uploads\/2019\/08\/sa\u0142atkowy-100x100.png 100w\" sizes=\"auto, (max-width: 150px) 100vw, 150px\" \/><\/a> w\u0119dlin nie mieli\u015bmy. Ani Majka, ani jej ludzie nie mieli kartek \u017cywno\u015bciowych, to co przywioz\u0142em na \u015bwi\u0119ta dawno zjedli\u015bmy, a konserwy, kt\u00f3re Majka mia\u0142a, za\u0142atwiali jej nasi go\u015bcie.  Pomidory z nutk\u0105 \u015br\u00f3dziemnomorsk\u0105 bardzo im smakowa\u0142y. Wszystko wyjedli widelcem a sos co zosta\u0142 na talerzyku, wyskrobali ma\u0142\u0105 \u0142y\u017ceczk\u0105 do herbaty. Do tego by\u0142y grzanki i niezwyk\u0142a herbata z kardamonem. <a href=\"https:\/\/htb.com.pl\/?product=herbatka-konopna-20g-cbd-wystepujaca-naturalnie-w-roslinie\"><img loading=\"lazy\" decoding=\"async\" width=\"150\" height=\"150\" class=\"wp-image-8360\" style=\"width: 150px;\" src=\"https:\/\/htb.com.pl\/wp-content\/uploads\/2019\/08\/herbcbd.png\" alt=\"\" srcset=\"https:\/\/htb.com.pl\/wp-content\/uploads\/2019\/08\/herbcbd.png 1024w, https:\/\/htb.com.pl\/wp-content\/uploads\/2019\/08\/herbcbd-150x150.png 150w, https:\/\/htb.com.pl\/wp-content\/uploads\/2019\/08\/herbcbd-300x300.png 300w, https:\/\/htb.com.pl\/wp-content\/uploads\/2019\/08\/herbcbd-768x768.png 768w, https:\/\/htb.com.pl\/wp-content\/uploads\/2019\/08\/herbcbd-600x600.png 600w, https:\/\/htb.com.pl\/wp-content\/uploads\/2019\/08\/herbcbd-100x100.png 100w\" sizes=\"auto, (max-width: 150px) 100vw, 150px\" \/><\/a> Specjalnie doda\u0142em kardamonu, panowie mieli swoje lata, a grzybowy sos do pieczeni by\u0142 na zasma\u017cce. Ko\u0142o Chorzelowa, gdzie wtedy mieszka\u0142em jest pot\u0119\u017cna wie\u015b, Padew Narodowa. Sadz\u0105 tan najlepsze ziemniaki na \u015bwiecie. Worek &#8220;Lord\u00f3w&#8221; przywioz\u0142em Majce, teraz wybra\u0142em takie \u015brednie i ugotowa\u0142em w mundurkach &#8211; przecie\u017c go\u015bcie mundurowi. &#8220;Herbatka&#8221; z kardamonem zrobi\u0142a swoje, panowie mieli taki apetyt, \u017ce wylizali talerze. Nieobrane ziemniaki, by\u0142y stare i sk\u00f3ra nie by\u0142a jadalna ale panowie doskonale sobie poradzili, znowu przy pomocy \u0142y\u017ceczki do herbaty. To by\u0142a taka nasza metoda na fajn\u0105 atmosfer\u0119 przy stole, trzeba si\u0119 by\u0142o nie\u017ale pom\u0119czy\u0107, \u017ceby nasze danie zje\u015b\u0107. Ostrygi czy mule, (ma\u0142\u017ce) zawsze by\u0142y na surowo w muszlach.Te ziemniaki przypomina\u0142y naszym go\u015bciom dzieci\u0144stwo, opowiadali jak na wsi, z sagana gdzie gotowa\u0142y si\u0119 kartofle dla \u015bwi\u0144, wyci\u0105gali takie mniejsze &#8211; to ten sam smak. Przypnktowa\u0142em, jeden z go\u015bci, najstarszy &#8211; jak si\u0119 okaza\u0142o nie tylko wiekiem poprosi\u0142, \u017cebym nimi usiad\u0142. Do Majki za\u015b powiedzia\u0142 tak. Pani major, my wiemy czym by\u0142a Sanacja, my jeste\u015bmy po pani stronie, zrobimy wszystko, aby ta przykra sytuacja z ulotkami, ju\u017c si\u0119 nie powt\u00f3rzy\u0142a. Doceniam to obywatelu generale, ja zrobi\u0119 wszystko, \u017cebym mog\u0142a m\u00f3wi\u0107 do was panie a nie obywatelu, to nie b\u0119dzie Sanacja, tylko <strong>My Polski Nar\u00f3d<\/strong>. Taki co siedzia\u0142 ko\u0142o mnie z teczki flaszk\u0119 zacz\u0105\u0142 wyci\u0105ga\u0107 ale ja zaprotestowa\u0142am &#8211; najpierw nasza i postawi\u0142em <a href=\"https:\/\/htb.com.pl\/?p=866\"> bimber &#8220;Majdan&#8221;<\/a> na st\u00f3\u0142. Pola\u0142em i za spotkanie. Wypili\u015bmy ale nie by\u0142o czym przegry\u017a\u0107. Majka przeprosi\u0142a i poszli\u015bmy do kuchni, jak zobaczy\u0142a ile skwark\u00f3w dla niej zostawi\u0142em, a\u017c mnie uca\u0142owa\u0142a.  Z lod\u00f3wki wyci\u0105gn\u0119\u0142a kolejny kawa\u0142 wo\u0142owiny, teraz by\u0142a to  <img loading=\"lazy\" decoding=\"async\" width=\"150\" height=\"150\" class=\"wp-image-8417\" style=\"width: 150px;\" src=\"https:\/\/htb.com.pl\/wp-content\/uploads\/2019\/08\/pol\u0119dwiczka.png\" alt=\"\" srcset=\"https:\/\/htb.com.pl\/wp-content\/uploads\/2019\/08\/pol\u0119dwiczka.png 159w, https:\/\/htb.com.pl\/wp-content\/uploads\/2019\/08\/pol\u0119dwiczka-150x150.png 150w, https:\/\/htb.com.pl\/wp-content\/uploads\/2019\/08\/pol\u0119dwiczka-100x100.png 100w\" sizes=\"auto, (max-width: 150px) 100vw, 150px\" \/>pol\u0119dwica, zr\u00f3b tara Jasiu ale siekanego, a nie z maszynki. Popatrzy\u0142em na konserwy co sta\u0142y na p\u00f3\u0142ce, Jasiu nie b\u0119dziemy im dawa\u0107 ich konserw, to  mi\u0119so moi ludzie z Francji przywie\u017ali. By\u0142o zapakowane w folii, przeci\u0105\u0142em i odruchowo pow\u0105cha\u0142em. To Majk\u0119 rozbawi\u0142o &#8211; Francja to nie Polska Jasiu. Rzeczywi\u015bcie mi\u0119so by\u0142o niezwyk\u0142e, ju\u017c jak kroi\u0142em poprzednie,  <img loading=\"lazy\" decoding=\"async\" width=\"150\" height=\"111\" class=\"wp-image-8419\" style=\"width: 150px;\" src=\"https:\/\/htb.com.pl\/wp-content\/uploads\/2019\/08\/piecze\u0144.jpg\" alt=\"\" srcset=\"https:\/\/htb.com.pl\/wp-content\/uploads\/2019\/08\/piecze\u0144.jpg 420w, https:\/\/htb.com.pl\/wp-content\/uploads\/2019\/08\/piecze\u0144-300x221.jpg 300w\" sizes=\"auto, (max-width: 150px) 100vw, 150px\" \/>pieczeniowe, co\u015b podejrzewa\u0142em. Poda\u0142em tatara, kolejny toast wzni\u00f3s\u0142 genera\u0142 &#8211; strasznie mnie zaskoczy\u0142. Za zdrowie Prymasa kardyna\u0142a J\u00f3zefa Glempa, bo to on nas tu przys\u0142a\u0142  z odsiecz\u0105. Da\u0142 nam amunicj\u0119, na stole stan\u0119\u0142a w\u00f3dka z teczki.  Powiedzia\u0142 &#8211; polejcie Pani Marii, \u017ceby nie pola\u0142a si\u0119 krew, bo lepiej \u017ceby la\u0142a si\u0119 polska w\u00f3dka, ni\u017c polska krew. Teraz wypili\u015bmy na stoj\u0105co i atmosfera zrobi\u0142a si\u0119  lu\u017aniejsza. Panowie  zacz\u0119li si\u0119 czu\u0107,  jakby dowodzili w NATO a nie Uk\u0142adzie Warszawskim. Marysia &#8211; my tych &#8220;twoich&#8221; terroryst\u00f3w, to by w tri miaga rozpidzdili, b\u0119dziesz mia\u0142a akcj\u0119 w Libanie &#8211; daj zna\u0107, pomo\u017cemy. Zrobi\u0142o si\u0119 niemi\u0142o jak jeden zaproponowa\u0142, \u017ce genera\u0142a Wojciech Jaruzelskiego, marsza\u0142kiem trzeba mianowa\u0107. Majka waln\u0119\u0142a pi\u0119\u015bci\u0105 w st\u00f3\u0142 i m\u00f3wi. Wybijcie sobie to z \u0142b\u00f3w, dw\u00f3ch ostatnich marsza\u0142k\u00f3w, Pi\u0142sudski i Rydz-\u015amig\u0142y do kl\u0119ski Polsk\u0119 doprowadzi\u0142o. Je\u017celi chcecie Jaruzelskiego uhonorowa\u0107, to niech b\u0119dzie genera\u0142em, a nie genera\u0142em armii &#8211; kto to k..wa wymy\u015bli\u0142!? Tak jest &#8211; pani  major odpowiedzieli nasi go\u015bcie ale teraz w ich g\u0142osie by\u0142 strach. Ba\u0142em si\u0119, \u017ce impreza si\u0119 sko\u0144czy, a zacz\u0119\u0142a mi si\u0119 podoba\u0107. Da\u0142em Majce mandolin\u0119, a ona za\u015bpiewa\u0142a <a href=\"https:\/\/www.youtube.com\/watch?v=1EePNUc5X10\">&#8220;Po\u017cegnanie S\u0142owianki&#8221;.<\/a> Znowu zrobi\u0142o si\u0119 mi\u0142o. Po\u015bpiewali\u015bmy &#8211; a<a href=\"https:\/\/www.youtube.com\/watch?v=4Y3Oqzz8sx8&amp;feature=share\"> &#8220;Szar\u0105 piechot\u0119&#8221; <\/a>pie\u015b\u0144, kt\u00f3ra ko\u0144czy\u0142a imprez\u0119, \u015bpiewali z nami ludzie przed blokiem. By\u0142 1987 rok, zima stulecia, &#8220;komuna&#8221;, kryzys ale czuli\u015bmy, \u017ce mamy oficer\u00f3w, kt\u00f3rzy jakby co, stan\u0105 do walki a nie spieprz\u0105 jak tamci w 1939 roku. Dzi\u015b nie mam tej pewno\u015bci. Mam wra\u017cenie, \u017ce nasza sytuacja przypomina rz\u0105dy Sanacji. Jeste\u015bmy sk\u0142\u00f3ceni ze sob\u0105 i ze wszystkimi s\u0105siadami, agentura sowiecka hula jak u siebie i znowu nie ma kto waln\u0105\u0107 pi\u0119\u015bci\u0105 w st\u00f3\u0142. &#8220;M\u0105dro\u015b\u0107&#8221; Pi\u0142sudskiego, \u017ce bro\u0144 pancerna jest jedynie dodatkiem do kawalerii, zosta\u0142a nieco zmodyfikowana. Teraz stawia si\u0119 na Obron\u0119 Terytorialn\u0105 a czo\u0142gi maj\u0105 s\u0142u\u017cy\u0107 jedynie do defilad. Premier Mateusz Morawiecki obieca\u0142, \u017ce troch\u0119 je przesmaruj\u0105 i podczyszcz\u0105 w Gliwickim Bumarze \u0141ab\u0119dy, gdzie dawno, dawno temu je wyprodukowano.  To tak \u017ceby ludzie mieli robot\u0119 i zag\u0142osowali na niego, bo premier ze \u015al\u0105ska do Sejmu kandyduje.  Nasi genera\u0142owie z Amerykanami poluj\u0105 &#8211; jak Rydz- \u015amig\u0142y z  Hermannem G\u00f6ringiem w 1937 roku, zamiast z francuskim genera\u0142em \u00a0Maurice Gamelinem. Rydz- \u015amig\u0142y nie lubi\u0142 Francuza, bo ten 12 sierpnia 1936 roku zaproponowa\u0142 mu sojusz radziecko-polski przeciwko Niemcom. Mnie zastanawia analogia do dzisiejszej sytuacji i data ich spotkania, znowu rocznica Bitwy Warszawskiej &#8211; <a href=\"https:\/\/htb.com.pl\/?p=7891\">co\u015b jest na rzeczy z tymi Boskimi znakami.<\/a> W tym roku te\u017c w rocznic\u0119 tej bitwy pioruny na Giewoncie ostrzega\u0142y ale w to tylko niekt\u00f3rzy wierz\u0105. Rz\u0105dz\u0105cy maja swoj\u0105 wiar\u0119 i je\u017celi kogo\u015b si\u0119 boj\u0105, to ojca Tadeusza Rydzyka. Marysia by was wystraszy\u0142a wy pajace. Mam nadziej\u0119, \u017ce znajdzie si\u0119 kto\u015b, albo co\u015b, co sprawi, \u017ce rz\u0105dz\u0105cy zaczn\u0105 si\u0119 ba\u0107. Bo jak nie &#8211; kl\u0119ska wrze\u015bniowa powt\u00f3rzy si\u0119, a my znowu b\u0119dziemy pyta\u0107, gdzie by\u0142 B\u00f3g?<\/p>\n\n\n\n<p>Byli\u015bmy ju\u017c w takiej sytuacji, gdy sami tej naszej Polsce zacz\u0119li\u015bmy zagra\u017ca\u0107. Wtedy genera\u0142 Wojciech Jaruzelski waln\u0105\u0142 pi\u0119\u015bci\u0105 w st\u00f3\u0142.  13 grudnia 1981 rok &#8211; stan wojenny. To zaskoczy\u0142o tych co chcieli wojn\u0119 domow\u0105 wywo\u0142a\u0107 ale  zaskoczenie nie mo\u017ce trwa\u0107 wiecznie. Trzeba by\u0142o zapobiec podburzaniu ludzi i tu wspomniany wcze\u015bniej Prymas Polski kardyna\u0142 J\u00f3zef Glemp pom\u00f3g\u0142. W kazaniu w Ko\u015bciele Matki Bo\u017cej \u0141askawej w Warszawie, w dniu og\u0142oszenia stanu wojennego,  prosi\u0142 zaskoczonych i przera\u017conych wiernych o zachowanie spokoju. W nocy z 16 na 17 grudnia 1981 roku, zablokowa\u0142 publikacj\u0119 komunikatu ko\u015bcielnych hierarch\u00f3w, pot\u0119piaj\u0105cych stan wojenny. Marysia bardzo ceni\u0142a J\u00f3zefa Glempa &#8211; m\u00f3wi\u0142a, \u017ce im obojgu Jaruzelski \u017cycie uratowa\u0142, bo kaza\u0142 ich umie\u015bci\u0107 w Rz\u0105dowej Klinice na Wo\u0142owskiej w Warszawie, jak zachorowali. <a href=\"https:\/\/htb.com.pl\/?product=olej-konopny-cbd\"><img loading=\"lazy\" decoding=\"async\" width=\"150\" height=\"150\" class=\"wp-image-4125\" style=\"width: 150px;\" src=\"https:\/\/htb.com.pl\/wp-content\/uploads\/2019\/06\/cbd.png\" alt=\"\" srcset=\"https:\/\/htb.com.pl\/wp-content\/uploads\/2019\/06\/cbd.png 800w, https:\/\/htb.com.pl\/wp-content\/uploads\/2019\/06\/cbd-150x150.png 150w, https:\/\/htb.com.pl\/wp-content\/uploads\/2019\/06\/cbd-300x300.png 300w, https:\/\/htb.com.pl\/wp-content\/uploads\/2019\/06\/cbd-768x768.png 768w, https:\/\/htb.com.pl\/wp-content\/uploads\/2019\/06\/cbd-600x600.png 600w, https:\/\/htb.com.pl\/wp-content\/uploads\/2019\/06\/cbd-100x100.png 100w\" sizes=\"auto, (max-width: 150px) 100vw, 150px\" \/><\/a> My\u015bl\u0119, \u017ce wsp\u00f3\u0142pracowa\u0142a z nim przy tworzeniu <a href=\"https:\/\/htb.com.pl\/?p=2699\">Rady Gabinetowej<\/a>, kt\u00f3ra by\u0142a pocz\u0105tkiem Okr\u0105g\u0142ego Sto\u0142u. Kardyna\u0142 Glemp popiera\u0142 jego idee, mianowa\u0142 Bronis\u0142awa Dembowskiego&nbsp;i&nbsp;Alojzego Orszulika jako przedstawicieli ko\u015bcio\u0142a do tych obrad. Marysia chwali\u0142a si\u0119, \u017ce studiowa\u0142a w Rzymie filozofi\u0119 na tej samej uczelni, co Glemp, na Papieskim Uniwersytecie Latera\u0144skim. Glemp zrobi\u0142 tam doktorat z obojga praw, cywilnego i kanonicznego. Ucz\u0105 tam Jasiu rzymskiej zasady prawniczej &#8220;Dura lex, sed lex&#8221; (\u0142ac. Twarde&nbsp;<strong>prawo, ale prawo<\/strong>). My Polacy nie mo\u017cemy tego poj\u0105\u0107, winne s\u0105 uwarunkowania historyczne, 123 lata byli\u015bmy pod zaborami, \u0142amanie prawa by\u0142o oznaka patriotyzmu ale musimy si\u0119 nauczy\u0107 szanowa\u0107 prawo. Glemp naucza s\u0142owem, ja podobnie ale gdy kto\u015b na moje argumenty wytacza swoje &#8211; argumenty si\u0142y, nauczam organoleptycznie. Wykorzystuj\u0119 zmys\u0142 dotyku i wzroku. Wal\u0119 w pysk i potem taki ucze\u0144 jak zobaczy pi\u0119\u015b\u0107 wie, \u017ce nie wolno robi\u0107 \u017ale, jak nauczymy wi\u0119kszo\u015b\u0107, b\u0119dzie dobrze. Nie nauczyli. Marysia zmar\u0142a w pa\u017adzierniku 1987 roku, UB-ecy, kt\u00f3rych naucza\u0142a szanowa\u0107 prawo zacz\u0119li podnosi\u0107 \u0142by, Papie\u017c Jan Pawe\u0142 II zacz\u0105\u0142 otrzymywa\u0107 z\u0142e informacje, Prymas Glemp zacz\u0105\u0142 traci\u0107, opozycja solidarno\u015bciowa zacz\u0119\u0142a go atakowa\u0107 za jego postaw\u0119 w stanie wojennym. To by\u0142 moim zdaniem jeden z kluczowych moment\u00f3w naszej historii, tu posz\u0142o w z\u0142\u0105 stron\u0119 &#8211; z Gniezna do Torunia. Prymas Polski kardyna\u0142 J\u00f3zef Glemp zmar\u0142 23 stycznia 2013 roku. Dzi\u015b gdy patrz\u0119 co wyrabia Zbigniew Ziobro jako minister sprawiedliwo\u015bci, rozumiem  organoleptyczn\u0105 metod\u0119 nauczania prawa, kt\u00f3r\u0105 Marysia stosowa\u0142a. Gdzie dzi\u015b jest Prymas Polski abp Wojciech Polak? Okazuje si\u0119, \u017ce na swoim miejscu, na rubie\u017cy walki dobra ze z\u0142em. 26 sierpnia 2019 roku na Jasnej G\u00f3rze podczas  uroczysto\u015bci Naj\u015bwi\u0119tszej Marii Panny Cz\u0119stochowskiej  powiedzia\u0142;  <em>&#8220;Zaprzesta\u0144my tych bratob\u00f3jczych wa\u015bni, zaprzesta\u0144my podsycania spor\u00f3w i podzia\u0142\u00f3w. Nie prowokujmy jedni drugich. Na nienawi\u015b\u0107 i pogard\u0119 odpowiedzmy mi\u0142o\u015bci\u0105, odpowiedzmy nasz\u0105 wierno\u015bci\u0105 Chrystusowej Ewangelii.<\/em> <strong>Nasi rz\u0105dz\u0105cy<\/strong> nie widz\u0105 potrzeby uczestniczenia w tych uroczysto\u015bciach, oni ju\u017c mieli swoj\u0105 Pielgrzymk\u0119 Radia Maryja na Jasn\u0105 G\u00f3r\u0119. Podobnie wolne media &#8211; przes\u0142anie Prymasa Polski przegra\u0142o z premierem Mateuszem Morawieckim. Katarzyna Werner w TVN 24 uzna\u0142a, \u017ce wizyta w kancelarii premiera i wywiad z nim, du\u017co lepiej zadowoli reklamodawc\u00f3w, ni\u017c nawo\u0142ywanie Prymasa do zgody narodowej. Do naszego premiera ju\u017c na zawsze przylgn\u0119\u0142o okre\u015blenie Mateuszek k\u0142amczusze &#8211; to w zwi\u0105zku z wyrokami S\u0105dowymi za k\u0142amstwa. S\u0142uchaj\u0105c jego wywiadu dla TVN 24 rozkmini\u0142em kiedy m\u00f3wi prawd\u0119, a kiedy k\u0142amie. Ot\u00f3\u017c jak premier m\u00f3wi prawd\u0119, m\u00f3wi normalnie, jak k\u0142amie charczy. Z bada\u0144 &#8220;ameryka\u0144skich naukowc\u00f3w&#8221; wynika, \u017ce wolimy s\u0142ucha\u0107 k\u0142amstw.  Ameryka\u0144ski Discovery Communications przej\u0105\u0142 udzia\u0142y TVN od Scripps Networks, mam w\u0105tpliwo\u015bci, czy teraz nadal <strong>nie b\u0119dzie si\u0119 tam m\u00f3wi\u0142o \u017ale o nieobecnych.<\/strong> Tak o wolnych mediach w 1976 roku m\u00f3wi\u0142a Pani Maria, gdy wyja\u015bnia\u0142a mi<a href=\"https:\/\/htb.com.pl\/?p=243\"> jaka b\u0119dzie Polska jak b\u0119dzie wolna.<\/a> Ona by je przywr\u00f3ci\u0142a &#8211; s\u0142owem albo organoleptycznie. <\/p>\n\n\n\n<div class=\"wp-block-media-text alignwide\"><figure class=\"wp-block-media-text__media\"><img loading=\"lazy\" decoding=\"async\" width=\"200\" height=\"324\" src=\"https:\/\/htb.com.pl\/wp-content\/uploads\/2019\/08\/Monia.jpg\" alt=\"\" class=\"wp-image-8339\" srcset=\"https:\/\/htb.com.pl\/wp-content\/uploads\/2019\/08\/Monia.jpg 200w, https:\/\/htb.com.pl\/wp-content\/uploads\/2019\/08\/Monia-185x300.jpg 185w\" sizes=\"auto, (max-width: 200px) 100vw, 200px\" \/><\/figure><div class=\"wp-block-media-text__content\">\n<p class=\"has-medium-font-size\"><a href=\"https:\/\/htb.com.pl\/?product=towarzyszka-panienka\">O tamtych czasach mo\u017cna poczyta\u0107 w ksi\u0105\u017cce c\u00f3rki Prezydenta RP Wojciecha Jaruzelskiego.<\/a><\/p>\n<\/div><\/div>\n\n\n\n<p>Jest nadzieja &#8211; ta ma\u0142a dziewczynka na ok\u0142adce ksi\u0105\u017cki, to jej autorka, Monika Jaruzelska &#8211; startuje do Senatu, Ona mo\u017ce sprawi\u0107, \u017ce znowu b\u0119dziemy si\u0119 do siebie u\u015bmiecha\u0107. Wiem, \u017ce  Pani ta rozumie jak wa\u017cne s\u0105 wolne media w walce o ten u\u015bmiech. Potem b\u0119dzie z g\u00f3rki i odzyskamy demokracj\u0119. Powodzenia Pani Moniko &#8211; b\u0119dzie potrzebne.<\/p>\n","protected":false},"excerpt":{"rendered":"<p>Bitwa nad Bzur\u0105 9 wrze\u015bnia 1939 rok&#8230; Bo jest z nami \u015amig\u0142y Rydz \u015bpiewano pod koniec wakacji 1939 roku. &#8220;Marsza\u0142ek&#8221; Edward Rydz-\u015amig\u0142y, to W\u00f3dz Naczelny w chwili napa\u015bci Niemiec na Polsk\u0119. Czemu cudzys\u0142\u00f3w wyja\u015bni\u0119 &#8211; wyja\u015bnia\u0142em te\u017c wcze\u015bniej. Zima 1987 rok, Marysia (poprzednie wpisy) mia\u0142a problem. Pokaza\u0142y si\u0119 ulotki, \u017ce jest funkcjonariuszem Samodzielnej Grupa \u201eD\u201d [&hellip;]<\/p>\n","protected":false},"author":1,"featured_media":8424,"comment_status":"open","ping_status":"open","sticky":false,"template":"","format":"standard","meta":{"_jetpack_memberships_contains_paid_content":false,"footnotes":""},"categories":[4],"tags":[491],"class_list":["post-8218","post","type-post","status-publish","format-standard","has-post-thumbnail","hentry","category-daty-i-fakty-blog","tag-kleska-wrzesniowa"],"jetpack_sharing_enabled":true,"jetpack_featured_media_url":"https:\/\/htb.com.pl\/wp-content\/uploads\/2019\/08\/bitwa_bzura1.jpg","_links":{"self":[{"href":"https:\/\/htb.com.pl\/index.php?rest_route=\/wp\/v2\/posts\/8218","targetHints":{"allow":["GET"]}}],"collection":[{"href":"https:\/\/htb.com.pl\/index.php?rest_route=\/wp\/v2\/posts"}],"about":[{"href":"https:\/\/htb.com.pl\/index.php?rest_route=\/wp\/v2\/types\/post"}],"author":[{"embeddable":true,"href":"https:\/\/htb.com.pl\/index.php?rest_route=\/wp\/v2\/users\/1"}],"replies":[{"embeddable":true,"href":"https:\/\/htb.com.pl\/index.php?rest_route=%2Fwp%2Fv2%2Fcomments&post=8218"}],"version-history":[{"count":51,"href":"https:\/\/htb.com.pl\/index.php?rest_route=\/wp\/v2\/posts\/8218\/revisions"}],"predecessor-version":[{"id":8678,"href":"https:\/\/htb.com.pl\/index.php?rest_route=\/wp\/v2\/posts\/8218\/revisions\/8678"}],"wp:featuredmedia":[{"embeddable":true,"href":"https:\/\/htb.com.pl\/index.php?rest_route=\/wp\/v2\/media\/8424"}],"wp:attachment":[{"href":"https:\/\/htb.com.pl\/index.php?rest_route=%2Fwp%2Fv2%2Fmedia&parent=8218"}],"wp:term":[{"taxonomy":"category","embeddable":true,"href":"https:\/\/htb.com.pl\/index.php?rest_route=%2Fwp%2Fv2%2Fcategories&post=8218"},{"taxonomy":"post_tag","embeddable":true,"href":"https:\/\/htb.com.pl\/index.php?rest_route=%2Fwp%2Fv2%2Ftags&post=8218"}],"curies":[{"name":"wp","href":"https:\/\/api.w.org\/{rel}","templated":true}]}}