{"id":82330,"date":"2023-03-12T15:46:01","date_gmt":"2023-03-12T15:46:01","guid":{"rendered":"https:\/\/htb.com.pl\/?p=82330"},"modified":"2023-03-13T08:57:44","modified_gmt":"2023-03-13T08:57:44","slug":"ruszyla-kampania-wyborcza","status":"publish","type":"post","link":"https:\/\/htb.com.pl\/?p=82330","title":{"rendered":"Ruszy\u0142a kampania wyborcza"},"content":{"rendered":"\n<p>\u00a0 <\/p>\n\n\n\n<figure class=\"wp-block-image size-thumbnail\"><a href=\"https:\/\/htb.com.pl\/wp-content\/uploads\/2023\/03\/Ruszyla-kampania-wyborcza.mp3\"><img loading=\"lazy\" decoding=\"async\" width=\"150\" height=\"150\" src=\"https:\/\/htb.com.pl\/wp-content\/uploads\/2018\/04\/posluchaj-150x150.jpg\" alt=\"\" class=\"wp-image-2020\" srcset=\"https:\/\/htb.com.pl\/wp-content\/uploads\/2018\/04\/posluchaj-150x150.jpg 150w, https:\/\/htb.com.pl\/wp-content\/uploads\/2018\/04\/posluchaj-300x300.jpg 300w, https:\/\/htb.com.pl\/wp-content\/uploads\/2018\/04\/posluchaj-100x100.jpg 100w\" sizes=\"auto, (max-width: 150px) 100vw, 150px\" \/><\/a><\/figure>\n\n\n\n<p>Wybory to co\u015b, co teoretycznie powinno spowodowa\u0107, \u017ce wybierzemy w\u0142a\u015bciwych ludzi, kt\u00f3rzy b\u0119d\u0105 na reprezentowa\u0107. Marysia, kt\u00f3ra nasze Radio MARIA wymy\u015bli\u0142a, w demokracj\u0119 nie wierzy\u0142a. Bardziej wolnych medi\u00f3w pilnowa\u0107 radzi\u0142a, bo jak m\u00f3wi\u0142a, to jest si\u0142a, kt\u00f3ra na zachodzie do dobrobytu doprowadzi\u0142a. Afer\u0119 Watergate jako przyk\u0142ad dawa\u0142a \u2013 ta afera rezygnacj\u0119 prezydenta Stan\u00f3w Zjednoczonych Richarda Nixona spowodowa\u0142a. Jego sztab pr\u00f3bowa\u0142 zainstalowa\u0107 pods\u0142uch w siedzibie partii demokratycznej, w budynku Watergate\u2026 I cho\u0107 do ko\u0144ca tego nie zrobili, to dziennikarze tak \u00a0si\u0119 do tego przyczepili, \u017ce Republikanie z decyzj\u0105 o dymisji swojego prezydenta si\u0119 zgodzili.<\/p>\n\n\n\n<p>&nbsp; Polscy dziennikarze afer\u0119 pods\u0142uchow\u0105 Pegasus wykryli, a politycy Zjednoczonej Prawicy, kt\u00f3rzy przy pomocy Pegasusa swoich przeciwnik\u00f3w politycznych pods\u0142uchiwali, a nie jak tam tylko pr\u00f3bowali, dziennikarzy wy\u015bmiali. Zawsze tak robili, jak dziennikarze co\u015b, co ich kompromitowa\u0142o wykryli. A troch\u0119 tego by\u0142o &#8211; my\u015bl\u0119, \u017ce tylko w internecie by si\u0119 zmie\u015bci\u0142o, bo jak panu Jaros\u0142awowi Kaczy\u0144skiemu internet przepisywali, to o aferach Zjednoczonej Prawicy nie wspominali.<\/p>\n\n\n\n<p>&nbsp; Dziennikarze si\u0119 za\u0142amali \u2013 uznali, \u017ce nie ma sposobu na to co rz\u0105dz\u0105cy, jak chodzi o propagand\u0119 zorganizowali. Straszny b\u0142\u0105d pope\u0142nili. Ostatni autorytet, jakiego politycy Zjednoczonej Prawicy do ko\u0144ca nie zniszczyli &#8211; zaatakowali. <a href=\"http:\/\/radiomaria.com.pl\/wp-content\/uploads\/2023\/03\/07.03.Bronimy-J.P.II_.mp3\"><img loading=\"lazy\" decoding=\"async\" width=\"150\" height=\"101\" class=\"wp-image-145\" style=\"width: 150px;\" src=\"https:\/\/htb.com.pl\/wp-content\/uploads\/2018\/04\/Papie\u017c.jpg\" alt=\"\"><\/a> Podali, \u017ce Karol Wojty\u0142a, potem Papie\u017c Jan Pawe\u0142 II na przypadki pedofilii w\u015br\u00f3d kleru nie reagowa\u0142. Politycy Zjednoczonej Prawicy to wykorzystali tak, \u017ce &nbsp;niezwykle pozytywny wizerunek Papie\u017ca Polaka, Polacy w w\u0105tpliwo\u015b\u0107 poddali. <a href=\"http:\/\/radiomaria.com.pl\/wp-content\/uploads\/2023\/03\/10.03.Autorytet.mp3\"><img loading=\"lazy\" decoding=\"async\" width=\"150\" height=\"97\" class=\"wp-image-2089\" style=\"width: 150px;\" src=\"https:\/\/htb.com.pl\/wp-content\/uploads\/2018\/10\/Jaruzelski-i-Papie\u017c.jpg\" alt=\"\" srcset=\"https:\/\/htb.com.pl\/wp-content\/uploads\/2018\/10\/Jaruzelski-i-Papie\u017c.jpg 960w, https:\/\/htb.com.pl\/wp-content\/uploads\/2018\/10\/Jaruzelski-i-Papie\u017c-300x193.jpg 300w, https:\/\/htb.com.pl\/wp-content\/uploads\/2018\/10\/Jaruzelski-i-Papie\u017c-768x494.jpg 768w, https:\/\/htb.com.pl\/wp-content\/uploads\/2018\/10\/Jaruzelski-i-Papie\u017c-600x386.jpg 600w\" sizes=\"auto, (max-width: 150px) 100vw, 150px\" \/><\/a><\/p>\n\n\n\n<p>&nbsp; Dziennikarze TVN, bo o nich m\u00f3wi\u0119 si\u0119 zreflektowali, film \u201eNawalny\u201d, kt\u00f3ry jest nominowany do Oscara pokazali. Jutro zobaczymy, czy jurorzy przyznaj\u0105cy Oscary film ten ogl\u0105dali. <a href=\"http:\/\/radiomaria.com.pl\/wp-content\/uploads\/2023\/03\/12.03.Nawalny1.mp3\"><img loading=\"lazy\" decoding=\"async\" width=\"150\" height=\"98\" class=\"wp-image-82340\" style=\"width: 150px;\" src=\"https:\/\/htb.com.pl\/wp-content\/uploads\/2023\/03\/Nawalny-protest.png\" alt=\"\" srcset=\"https:\/\/htb.com.pl\/wp-content\/uploads\/2023\/03\/Nawalny-protest.png 752w, https:\/\/htb.com.pl\/wp-content\/uploads\/2023\/03\/Nawalny-protest-300x196.png 300w, https:\/\/htb.com.pl\/wp-content\/uploads\/2023\/03\/Nawalny-protest-600x393.png 600w\" sizes=\"auto, (max-width: 150px) 100vw, 150px\" \/><\/a><\/p>\n\n\n\n<p>&nbsp; Warto by by\u0142o, \u017ceby i u naszych rz\u0105dz\u0105cych ostrzegawcze \u015bwiate\u0142ko si\u0119 zapali\u0142o. Bo wprawdzie z ropy Putina zrezygnowali, ale teraz od innych terroryst\u00f3w b\u0119d\u0105 j\u0105 kupowali. <a href=\"http:\/\/radiomaria.com.pl\/wp-content\/uploads\/2023\/03\/06.03.Tak-cy-tal-lezymy.mp3\"><img loading=\"lazy\" decoding=\"async\" width=\"150\" height=\"200\" class=\"wp-image-82336\" style=\"width: 150px;\" src=\"https:\/\/htb.com.pl\/wp-content\/uploads\/2023\/03\/Jemen-rotated-1.jpg\" alt=\"\" srcset=\"https:\/\/htb.com.pl\/wp-content\/uploads\/2023\/03\/Jemen-rotated-1.jpg 480w, https:\/\/htb.com.pl\/wp-content\/uploads\/2023\/03\/Jemen-rotated-1-225x300.jpg 225w\" sizes=\"auto, (max-width: 150px) 100vw, 150px\" \/><\/a> Ciekawe tylko, czy Sa\u0142dowie, z kt\u00f3rymi wsp\u00f3\u0142prac\u0119 tu nawi\u0105zali, rzeczywi\u015bcie rop\u0119 z &nbsp;P\u00f3\u0142wyspu Arabskiego b\u0119d\u0105 nam dostarczali, czy od swojego przyjaciela Putina b\u0119d\u0105 j\u0105 dla nas kupowali?.<\/p>\n\n\n\n<p>Na koniec podpowiem o co bym chcia\u0142, \u017ceby Polacy premiera Morawieckiego na spotkaniach z wyborcami zapytali. Chwali si\u0119 tam, \u017ce jego ministrowie ogromne pieni\u0105dze nam porozdawali. Zapomina, \u017ce je\u017celi ju\u017c nam co\u015b dali, to pieni\u0105dze, co \u017ce\u015bmy wypracowali, a oni je\u017celi co\u015b tu zrobili, to do inflacji i ogromnego deficytu doprowadzili. <a href=\"http:\/\/radiomaria.com.pl\/wp-content\/uploads\/2023\/03\/12.03.Deficyt-budrzetowy.mp3\"><img loading=\"lazy\" decoding=\"async\" width=\"150\" height=\"98\" class=\"wp-image-82338\" style=\"width: 150px;\" src=\"https:\/\/htb.com.pl\/wp-content\/uploads\/2023\/03\/Deficyt.png\" alt=\"\" srcset=\"https:\/\/htb.com.pl\/wp-content\/uploads\/2023\/03\/Deficyt.png 741w, https:\/\/htb.com.pl\/wp-content\/uploads\/2023\/03\/Deficyt-300x196.png 300w, https:\/\/htb.com.pl\/wp-content\/uploads\/2023\/03\/Deficyt-600x391.png 600w\" sizes=\"auto, (max-width: 150px) 100vw, 150px\" \/><\/a> Mo\u017ce by\u015bmy ich \u201ekacze\u201d zmienili?<\/p>\n","protected":false},"excerpt":{"rendered":"<p>\u00a0 Wybory to co\u015b, co teoretycznie powinno spowodowa\u0107, \u017ce wybierzemy w\u0142a\u015bciwych ludzi, kt\u00f3rzy b\u0119d\u0105 na reprezentowa\u0107. Marysia, kt\u00f3ra nasze Radio MARIA wymy\u015bli\u0142a, w demokracj\u0119 nie wierzy\u0142a. Bardziej wolnych medi\u00f3w pilnowa\u0107 radzi\u0142a, bo jak m\u00f3wi\u0142a, to jest si\u0142a, kt\u00f3ra na zachodzie do dobrobytu doprowadzi\u0142a. Afer\u0119 Watergate jako przyk\u0142ad dawa\u0142a \u2013 ta afera rezygnacj\u0119 prezydenta Stan\u00f3w Zjednoczonych [&hellip;]<\/p>\n","protected":false},"author":1,"featured_media":43227,"comment_status":"open","ping_status":"open","sticky":false,"template":"","format":"standard","meta":{"_jetpack_memberships_contains_paid_content":false,"footnotes":""},"categories":[4],"tags":[865],"class_list":["post-82330","post","type-post","status-publish","format-standard","has-post-thumbnail","hentry","category-daty-i-fakty-blog","tag-ruszyla-kampania-wyborcza"],"jetpack_sharing_enabled":true,"jetpack_featured_media_url":"https:\/\/htb.com.pl\/wp-content\/uploads\/2021\/04\/Album-dla-Papie\u017ca.png","_links":{"self":[{"href":"https:\/\/htb.com.pl\/index.php?rest_route=\/wp\/v2\/posts\/82330","targetHints":{"allow":["GET"]}}],"collection":[{"href":"https:\/\/htb.com.pl\/index.php?rest_route=\/wp\/v2\/posts"}],"about":[{"href":"https:\/\/htb.com.pl\/index.php?rest_route=\/wp\/v2\/types\/post"}],"author":[{"embeddable":true,"href":"https:\/\/htb.com.pl\/index.php?rest_route=\/wp\/v2\/users\/1"}],"replies":[{"embeddable":true,"href":"https:\/\/htb.com.pl\/index.php?rest_route=%2Fwp%2Fv2%2Fcomments&post=82330"}],"version-history":[{"count":12,"href":"https:\/\/htb.com.pl\/index.php?rest_route=\/wp\/v2\/posts\/82330\/revisions"}],"predecessor-version":[{"id":82379,"href":"https:\/\/htb.com.pl\/index.php?rest_route=\/wp\/v2\/posts\/82330\/revisions\/82379"}],"wp:featuredmedia":[{"embeddable":true,"href":"https:\/\/htb.com.pl\/index.php?rest_route=\/wp\/v2\/media\/43227"}],"wp:attachment":[{"href":"https:\/\/htb.com.pl\/index.php?rest_route=%2Fwp%2Fv2%2Fmedia&parent=82330"}],"wp:term":[{"taxonomy":"category","embeddable":true,"href":"https:\/\/htb.com.pl\/index.php?rest_route=%2Fwp%2Fv2%2Fcategories&post=82330"},{"taxonomy":"post_tag","embeddable":true,"href":"https:\/\/htb.com.pl\/index.php?rest_route=%2Fwp%2Fv2%2Ftags&post=82330"}],"curies":[{"name":"wp","href":"https:\/\/api.w.org\/{rel}","templated":true}]}}