{"id":82669,"date":"2023-03-19T10:42:33","date_gmt":"2023-03-19T10:42:33","guid":{"rendered":"https:\/\/htb.com.pl\/?p=82669"},"modified":"2023-03-19T13:02:59","modified_gmt":"2023-03-19T13:02:59","slug":"miedzynarodowy-trybunal-karny","status":"publish","type":"post","link":"https:\/\/htb.com.pl\/?p=82669","title":{"rendered":"<strong>Mi\u0119dzynarodowy Trybuna\u0142 Karny<\/strong>"},"content":{"rendered":"\n<p>\u00a0<\/p>\n\n\n\n<figure class=\"wp-block-image size-thumbnail\"><a href=\"https:\/\/htb.com.pl\/wp-content\/uploads\/2023\/03\/Miedzynarodowy-Trybunal-Karny.mp3\"><img loading=\"lazy\" decoding=\"async\" width=\"150\" height=\"150\" src=\"https:\/\/htb.com.pl\/wp-content\/uploads\/2018\/04\/posluchaj-150x150.jpg\" alt=\"\" class=\"wp-image-2020\" srcset=\"https:\/\/htb.com.pl\/wp-content\/uploads\/2018\/04\/posluchaj-150x150.jpg 150w, https:\/\/htb.com.pl\/wp-content\/uploads\/2018\/04\/posluchaj-300x300.jpg 300w, https:\/\/htb.com.pl\/wp-content\/uploads\/2018\/04\/posluchaj-100x100.jpg 100w\" sizes=\"auto, (max-width: 150px) 100vw, 150px\" \/><\/a><\/figure>\n\n\n\n<p><strong>MTK<\/strong>\u00a0to pierwszy w historii sta\u0142y S\u0105d Mi\u0119dzynarodowy powo\u0142any do s\u0105dzenia\u00a0<a href=\"https:\/\/pl.wikipedia.org\/wiki\/Osoba_fizyczna\">os\u00f3b fizycznych<\/a>,\u00a0oskar\u017canych o pope\u0142nienie najci\u0119\u017cszych\u00a0<a href=\"https:\/\/pl.wikipedia.org\/wiki\/Zbrodnia\">zbrodni<\/a>; jak\u00a0<a href=\"https:\/\/pl.wikipedia.org\/wiki\/Ludob%C3%B3jstwo\">zbrodnie ludob\u00f3jstwa<\/a>,\u00a0<a href=\"https:\/\/pl.wikipedia.org\/wiki\/Zbrodnia_przeciwko_ludzko%C5%9Bci\">zbrodnie przeciwko ludzko\u015bci<\/a>,\u00a0<a href=\"https:\/\/pl.wikipedia.org\/wiki\/Zbrodnia_wojenna\">zbrodnie wojenne<\/a>\u00a0i\u00a0<a href=\"https:\/\/pl.wikipedia.org\/wiki\/Agresja_(prawo)\">agresje<\/a>, kt\u00f3re mia\u0142y miejsce po 1 lipca 2002 roku. Siedzib\u0105 Trybuna\u0142u jest\u00a0<a href=\"https:\/\/pl.wikipedia.org\/wiki\/Haga\">Haga<\/a>.<\/p>\n\n\n\n<p>&nbsp; Polska to ratyfikowa\u0142a, cho\u0107 o poprawce dotycz\u0105cej agresji zapomnia\u0142a. Natomiast z wielu podobnych mi\u0119dzynarodowych organizacji &#8211; jak Prokuratura Europejska si\u0119 wycofa\u0142a lub ich nie ratyfikowa\u0142a\u2026 No ale dobrze, \u017ce w MTK zosta\u0142a, a polski s\u0119dzia Piotr Hofman jest tam nawet prezesem.<\/p>\n\n\n\n<p>&nbsp; Gdyby w 2015 roku Polska inaczej wybra\u0142a, r\u00f3wnie\u017c w innych organizacjach zajmuj\u0105cych si\u0119 prawami cz\u0142owieka pr\u0119\u017cnie by dzia\u0142a\u0142a, a tak &#8211; na kultur\u0119 bizantyjsk\u0105 postawi\u0142a, a \u0142aci\u0144sk\u0105 odstawi\u0142a i autorytety zmieni\u0142a \u2013 naukowe na betonowe. Wiele pot\u0119\u017cnych budowli powsta\u0142o w nadziei, \u017ce to m\u0105dro\u015b\u0107 ich w\u0142a\u015bcicieli b\u0119dzie wyra\u017ca\u0142o. Ale si\u0119 nie uda\u0142o. Ich Putina za zbrodnie w Ukrainie Prawo Rzymskie aresztowa\u0107 kaza\u0142o.<\/p>\n\n\n\n<p>&nbsp; Ciekawe co nasza prokuratura by zrobi\u0142a, jakby frakcja zwi\u0105zana z Januszem Korwinem-Mikke, lub pos\u0142em Grzegorzem Braunem, Putina do Polski zaprosi\u0142a. <a href=\"http:\/\/radiomaria.com.pl\/wp-content\/uploads\/2023\/03\/18.03.Nakaz-aresztowania-Putina.mp3\"><img loading=\"lazy\" decoding=\"async\" width=\"150\" height=\"84\" class=\"wp-image-82681\" style=\"width: 150px;\" src=\"https:\/\/htb.com.pl\/wp-content\/uploads\/2023\/03\/Wladimir-Putin.png\" alt=\"\" srcset=\"https:\/\/htb.com.pl\/wp-content\/uploads\/2023\/03\/Wladimir-Putin.png 983w, https:\/\/htb.com.pl\/wp-content\/uploads\/2023\/03\/Wladimir-Putin-300x168.png 300w, https:\/\/htb.com.pl\/wp-content\/uploads\/2023\/03\/Wladimir-Putin-768x431.png 768w, https:\/\/htb.com.pl\/wp-content\/uploads\/2023\/03\/Wladimir-Putin-600x337.png 600w\" sizes=\"auto, (max-width: 150px) 100vw, 150px\" \/><\/a> Niemiecka oznajmi\u0142a, \u017ce by go ju\u017c nie wypu\u015bci\u0142a.<\/p>\n\n\n\n<p>&nbsp; A oto co jeszcze nasza klasa polityczna, co na bizancjum, a nie kultur\u0119 \u0142aci\u0144sk\u0105 i prawo rzymskie &nbsp;postawi\u0142a, w ostatnim tygodniu zrobi\u0142a.<\/p>\n\n\n\n<p>W nieustaj\u0105cej kampanii wyborczej poinformowali, \u017ce wprawdzie miliona mieszka\u0144 jak obiecali nie wybudowali, ale nadal pieni\u0105dze b\u0119d\u0105 po\u017cyczali i rozdawali. Boj\u0119 si\u0119, \u017ce to jak te ich mieszkania si\u0119 zawali.  <a href=\"http:\/\/radiomaria.com.pl\/wp-content\/uploads\/2021\/02\/15.03.Mieszkanie-plus.mp3\"><img loading=\"lazy\" decoding=\"async\" width=\"150\" height=\"184\" class=\"wp-image-82675\" style=\"width: 150px;\" src=\"https:\/\/htb.com.pl\/wp-content\/uploads\/2023\/03\/Mieszkanie.png\" alt=\"\" srcset=\"https:\/\/htb.com.pl\/wp-content\/uploads\/2023\/03\/Mieszkanie.png 728w, https:\/\/htb.com.pl\/wp-content\/uploads\/2023\/03\/Mieszkanie-245x300.png 245w, https:\/\/htb.com.pl\/wp-content\/uploads\/2023\/03\/Mieszkanie-600x735.png 600w\" sizes=\"auto, (max-width: 150px) 100vw, 150px\" \/><\/a> <\/p>\n\n\n\n<p>S\u0105d Okr\u0119gowy w Gda\u0144sku, po trwaj\u0105cym niemal rok procesie i 25 rozprawach \u2013 wyda\u0142 wyrok w sprawie Stefana Wilmonta, oskar\u017conego o zab\u00f3jstwo prezydenta Gda\u0144ska Paw\u0142a Adamowicza.&nbsp; Morderc\u0119 prezydenta Gda\u0144ska skazano na do\u017cywocie. <a href=\"http:\/\/radiomaria.com.pl\/wp-content\/uploads\/2023\/03\/16.03.Wyrok-w-sprawie-zabojstwa-Adamowicza.mp3\"><img loading=\"lazy\" decoding=\"async\" width=\"150\" height=\"90\" class=\"wp-image-82677\" style=\"width: 150px;\" src=\"https:\/\/htb.com.pl\/wp-content\/uploads\/2023\/03\/wilmontmaly.png\" alt=\"\" srcset=\"https:\/\/htb.com.pl\/wp-content\/uploads\/2023\/03\/wilmontmaly.png 990w, https:\/\/htb.com.pl\/wp-content\/uploads\/2023\/03\/wilmontmaly-300x180.png 300w, https:\/\/htb.com.pl\/wp-content\/uploads\/2023\/03\/wilmontmaly-768x462.png 768w, https:\/\/htb.com.pl\/wp-content\/uploads\/2023\/03\/wilmontmaly-600x361.png 600w\" sizes=\"auto, (max-width: 150px) 100vw, 150px\" \/><\/a> Podobni tym, kt\u00f3rych w 2015 roku \u017ce\u015bmy wybrali, w 1922 roku, w podobny spos\u00f3b prezydenta Polski Gabriela Narutowicza zamordowali. Poprzez hejt, wtedy nagonk\u0105 to nazywali. Pomy\u015blmy, czy dobrze \u017ce\u015bmy wybrali, bo wkr\u00f3tce znowu b\u0119dziemy wybierali.<\/p>\n\n\n\n<p>Ostatnio Czesi swego nowego prezydenta wybrali. Na Petera Pavela postawili, czym azymut na kultur\u0119 \u0142aci\u0144sk\u0105 i prawo rzymskie ustawili. Wida\u0107 to by\u0142o podczas spotkania naszego prezydenta Andrzeja Dudy z Peterem Pavelem. <a href=\"http:\/\/radiomaria.com.pl\/wp-content\/uploads\/2023\/03\/17.03.-Afera-szpiegowska.mp3\"><img loading=\"lazy\" decoding=\"async\" width=\"150\" height=\"92\" class=\"wp-image-82679\" style=\"width: 150px;\" src=\"https:\/\/htb.com.pl\/wp-content\/uploads\/2023\/03\/Pavelmaly.png\" alt=\"\" srcset=\"https:\/\/htb.com.pl\/wp-content\/uploads\/2023\/03\/Pavelmaly.png 985w, https:\/\/htb.com.pl\/wp-content\/uploads\/2023\/03\/Pavelmaly-300x185.png 300w, https:\/\/htb.com.pl\/wp-content\/uploads\/2023\/03\/Pavelmaly-768x473.png 768w, https:\/\/htb.com.pl\/wp-content\/uploads\/2023\/03\/Pavelmaly-600x370.png 600w\" sizes=\"auto, (max-width: 150px) 100vw, 150px\" \/><\/a> Je\u017celi \u017ce\u015bcie tego nie widzieli, to i nic z tego co tu mi\u0119dzy wierszami napisa\u0142em, \u017ce\u015bcie nie zrozumieli. Gdyby\u015bcie Radia MARIA s\u0142uchali, mi\u0119dzy wierszami mojego bloga by\u015bcie czytali.<\/p>\n\n\n\n<p>To mo\u017ce by\u015bcie spr\u00f3bowali !?<\/p>\n","protected":false},"excerpt":{"rendered":"<p>\u00a0 MTK\u00a0to pierwszy w historii sta\u0142y S\u0105d Mi\u0119dzynarodowy powo\u0142any do s\u0105dzenia\u00a0os\u00f3b fizycznych,\u00a0oskar\u017canych o pope\u0142nienie najci\u0119\u017cszych\u00a0zbrodni; jak\u00a0zbrodnie ludob\u00f3jstwa,\u00a0zbrodnie przeciwko ludzko\u015bci,\u00a0zbrodnie wojenne\u00a0i\u00a0agresje, kt\u00f3re mia\u0142y miejsce po 1 lipca 2002 roku. Siedzib\u0105 Trybuna\u0142u jest\u00a0Haga. &nbsp; Polska to ratyfikowa\u0142a, cho\u0107 o poprawce dotycz\u0105cej agresji zapomnia\u0142a. Natomiast z wielu podobnych mi\u0119dzynarodowych organizacji &#8211; jak Prokuratura Europejska si\u0119 wycofa\u0142a lub ich [&hellip;]<\/p>\n","protected":false},"author":1,"featured_media":82686,"comment_status":"open","ping_status":"open","sticky":false,"template":"","format":"standard","meta":{"_jetpack_memberships_contains_paid_content":false,"footnotes":""},"categories":[1],"tags":[],"class_list":["post-82669","post","type-post","status-publish","format-standard","has-post-thumbnail","hentry","category-uncategorized"],"jetpack_sharing_enabled":true,"jetpack_featured_media_url":"https:\/\/htb.com.pl\/wp-content\/uploads\/2023\/03\/Miedzynarodowy.png","_links":{"self":[{"href":"https:\/\/htb.com.pl\/index.php?rest_route=\/wp\/v2\/posts\/82669","targetHints":{"allow":["GET"]}}],"collection":[{"href":"https:\/\/htb.com.pl\/index.php?rest_route=\/wp\/v2\/posts"}],"about":[{"href":"https:\/\/htb.com.pl\/index.php?rest_route=\/wp\/v2\/types\/post"}],"author":[{"embeddable":true,"href":"https:\/\/htb.com.pl\/index.php?rest_route=\/wp\/v2\/users\/1"}],"replies":[{"embeddable":true,"href":"https:\/\/htb.com.pl\/index.php?rest_route=%2Fwp%2Fv2%2Fcomments&post=82669"}],"version-history":[{"count":7,"href":"https:\/\/htb.com.pl\/index.php?rest_route=\/wp\/v2\/posts\/82669\/revisions"}],"predecessor-version":[{"id":82693,"href":"https:\/\/htb.com.pl\/index.php?rest_route=\/wp\/v2\/posts\/82669\/revisions\/82693"}],"wp:featuredmedia":[{"embeddable":true,"href":"https:\/\/htb.com.pl\/index.php?rest_route=\/wp\/v2\/media\/82686"}],"wp:attachment":[{"href":"https:\/\/htb.com.pl\/index.php?rest_route=%2Fwp%2Fv2%2Fmedia&parent=82669"}],"wp:term":[{"taxonomy":"category","embeddable":true,"href":"https:\/\/htb.com.pl\/index.php?rest_route=%2Fwp%2Fv2%2Fcategories&post=82669"},{"taxonomy":"post_tag","embeddable":true,"href":"https:\/\/htb.com.pl\/index.php?rest_route=%2Fwp%2Fv2%2Ftags&post=82669"}],"curies":[{"name":"wp","href":"https:\/\/api.w.org\/{rel}","templated":true}]}}