{"id":83019,"date":"2023-03-26T14:01:06","date_gmt":"2023-03-26T14:01:06","guid":{"rendered":"https:\/\/htb.com.pl\/?p=83019"},"modified":"2023-03-27T06:40:18","modified_gmt":"2023-03-27T06:40:18","slug":"ta-koalicja-mac-nie-ma-trwac","status":"publish","type":"post","link":"https:\/\/htb.com.pl\/?p=83019","title":{"rendered":"Ta koalicja ma\u0107, nie ma trwa\u0107"},"content":{"rendered":"\n<p><\/p>\n\n\n\n<figure class=\"wp-block-image size-thumbnail\"><a href=\"https:\/\/htb.com.pl\/wp-content\/uploads\/2023\/03\/Ta-koalicja-mac-nie-ma-trwac.mp3\"><img loading=\"lazy\" decoding=\"async\" width=\"150\" height=\"150\" src=\"https:\/\/htb.com.pl\/wp-content\/uploads\/2018\/04\/posluchaj-150x150.jpg\" alt=\"\" class=\"wp-image-2020\" srcset=\"https:\/\/htb.com.pl\/wp-content\/uploads\/2018\/04\/posluchaj-150x150.jpg 150w, https:\/\/htb.com.pl\/wp-content\/uploads\/2018\/04\/posluchaj-300x300.jpg 300w, https:\/\/htb.com.pl\/wp-content\/uploads\/2018\/04\/posluchaj-100x100.jpg 100w\" sizes=\"auto, (max-width: 150px) 100vw, 150px\" \/><\/a><\/figure>\n\n\n\n<p>Tytu\u0142 to parafraza s\u0142ynnego powiedzenia Waldemara Pawlaka, najwa\u017cniejszego w 2012 roku stra\u017caka polskiego, kt\u00f3re wtedy ugasi\u0142o po\u017car w koalicji samorz\u0105dowej wojew\u00f3dztwa opolskiego.<\/p>\n\n\n\n<p>Mo\u017ce dzi\u015b odwr\u00f3cenie powiedzenia Pawlakowego, ugasi po\u017car Pa\u0144stwa Polskiego? <a href=\"http:\/\/radiomaria.com.pl\/wp-content\/uploads\/2023\/03\/23.03.Koalicja-mac-nie-ma-trwac.mp3\"><img loading=\"lazy\" decoding=\"async\" width=\"150\" height=\"116\" class=\"wp-image-79252\" style=\"width: 150px;\" src=\"https:\/\/htb.com.pl\/wp-content\/uploads\/2023\/01\/Spoptkanie.png\" alt=\"\" srcset=\"https:\/\/htb.com.pl\/wp-content\/uploads\/2023\/01\/Spoptkanie.png 852w, https:\/\/htb.com.pl\/wp-content\/uploads\/2023\/01\/Spoptkanie-300x233.png 300w, https:\/\/htb.com.pl\/wp-content\/uploads\/2023\/01\/Spoptkanie-768x596.png 768w, https:\/\/htb.com.pl\/wp-content\/uploads\/2023\/01\/Spoptkanie-600x465.png 600w\" sizes=\"auto, (max-width: 150px) 100vw, 150px\" \/><\/a><\/p>\n\n\n\n<p>Co si\u0119 pali \u2013 pewnie zapytasz kole\u017canko i kolego?<\/p>\n\n\n\n<p>No to pos\u0142uchaj tego.<\/p>\n\n\n\n<figure class=\"wp-block-image size-full\"><a href=\"http:\/\/radiomaria.com.pl\/wp-content\/uploads\/2023\/03\/20.03.-Demografia.mp3\"><img loading=\"lazy\" decoding=\"async\" width=\"862\" height=\"528\" src=\"https:\/\/htb.com.pl\/wp-content\/uploads\/2019\/10\/\u015arednia-\u017cycia.png\" alt=\"\" class=\"wp-image-11655\" srcset=\"https:\/\/htb.com.pl\/wp-content\/uploads\/2019\/10\/\u015arednia-\u017cycia.png 862w, https:\/\/htb.com.pl\/wp-content\/uploads\/2019\/10\/\u015arednia-\u017cycia-300x184.png 300w, https:\/\/htb.com.pl\/wp-content\/uploads\/2019\/10\/\u015arednia-\u017cycia-768x470.png 768w, https:\/\/htb.com.pl\/wp-content\/uploads\/2019\/10\/\u015arednia-\u017cycia-600x368.png 600w\" sizes=\"auto, (max-width: 862px) 100vw, 862px\" \/><\/a><\/figure>\n\n\n\n<p>Po zamachu stanu z roku 2015, Polska zacz\u0119\u0142a znika\u0107 &#8211; tak jakby kto\u015b j\u0105 podpali\u0142. D\u0142ugo\u015b\u0107 \u017cycia Polaka sze\u015b\u0107dziesi\u0119cioletniego, kt\u00f3ra ros\u0142a od roku 1950, nagle zacz\u0119\u0142a spada\u0107, zanim jeszcze dopad\u0142a nas pandemia. Ta tylko do ko\u0144ca obna\u017cy\u0142a niekompetencje rz\u0105du PiS-owskiego. Jedynie, jak chodzi o wyprowadzanie nas z Unii Europejskiej, mo\u017cna go okre\u015bli\u0107, jako co\u015b niezwykle skutecznego. Z niezwyk\u0142\u0105 wytrwa\u0142o\u015bci\u0105 obrzydzaj\u0105 Polakom to, co by\u0142o naszym marzeniem z przed przemian roku 1990. Je\u017celi nie pami\u0119tasz tego, popatrz gdzie byli\u015bmy wtedy, jak chodzi o d\u0142ugo\u015b\u0107 \u017cycia Polaka sze\u015b\u0107dziesi\u0119cioletniego, (wykres w ram\u00f3wce Radia Marysinego).<\/p>\n\n\n\n<p>&nbsp; W Izraelu zdarzy\u0142o si\u0119 co\u015b podobnego, jak nasz zamach stanu z roku 2015. Izraelczycy w demokratycznych wyborach z demokracji zrezygnowali i skrajnie prawicowy rz\u0105d Beniamina Natanyahu sobie wybrali.&nbsp; Teraz, jak si\u0119 zorientowali, \u017ce z niezale\u017cnego s\u0105downictwa zrezygnowali &#8211; zaprotestowali. <a href=\"http:\/\/radiomaria.com.pl\/wp-content\/uploads\/2023\/03\/20.03.Demonstracje-w-Izraelu.mp3\"><img loading=\"lazy\" decoding=\"async\" width=\"150\" height=\"94\" class=\"wp-image-83021\" style=\"width: 150px;\" src=\"https:\/\/htb.com.pl\/wp-content\/uploads\/2023\/03\/DemonI.png\" alt=\"\" srcset=\"https:\/\/htb.com.pl\/wp-content\/uploads\/2023\/03\/DemonI.png 935w, https:\/\/htb.com.pl\/wp-content\/uploads\/2023\/03\/DemonI-300x188.png 300w, https:\/\/htb.com.pl\/wp-content\/uploads\/2023\/03\/DemonI-768x481.png 768w, https:\/\/htb.com.pl\/wp-content\/uploads\/2023\/03\/DemonI-600x375.png 600w\" sizes=\"auto, (max-width: 150px) 100vw, 150px\" \/><\/a>\u201eIzrael to nie Polska\u201d na ulicach skandowali. Naprawd\u0119 \u2013 wasi przodkowie cz\u0119sto Polsk\u0119 swoj\u0105 ojczyzn\u0105 nazywali i wsp\u00f3lnie w kraju, kt\u00f3rego na mapach nie by\u0142o dorastali. Obrzydzenie do rz\u0105du zaborcy z mlekiem matki \u017ce\u015bmy wyssali i dzi\u015b przeciwko swojemu b\u0119dziemy wyst\u0119powali \u2013 a\u017c si\u0119 porz\u0105dek zawali.<\/p>\n\n\n\n<figure class=\"wp-block-image size-full\"><a href=\"http:\/\/radiomaria.com.pl\/wp-content\/uploads\/2023\/03\/24.03.-KPO-i-Fundusz-spojnoisci.mp3\"><img loading=\"lazy\" decoding=\"async\" width=\"750\" height=\"417\" src=\"https:\/\/htb.com.pl\/wp-content\/uploads\/2023\/03\/PolitykaS.png\" alt=\"\" class=\"wp-image-83024\" srcset=\"https:\/\/htb.com.pl\/wp-content\/uploads\/2023\/03\/PolitykaS.png 750w, https:\/\/htb.com.pl\/wp-content\/uploads\/2023\/03\/PolitykaS-300x167.png 300w, https:\/\/htb.com.pl\/wp-content\/uploads\/2023\/03\/PolitykaS-600x334.png 600w\" sizes=\"auto, (max-width: 750px) 100vw, 750px\" \/><\/a><\/figure>\n\n\n\n<p>&nbsp; PiS-owcy to wykorzystali. Ogromn\u0105 liczb\u0119 Polak\u00f3w umundurowali, du\u017ce pieni\u0105dze im przekazali, a jeszcze wi\u0119ksze obiecali i teraz mundurowi b\u0119d\u0105 na nich g\u0142osowali. Le\u015bnicy, kt\u00f3rzy nasze lasy powycinali oficjalnie to zadeklarowali. G\u00f3rnicy, kt\u00f3rzy jak \u201enikt inny\u201d zawsze traktowani byli; kolejny raz \u201eWarszaw\u0119 odwiedzili\u201d. <a href=\"http:\/\/radiomaria.com.pl\/wp-content\/uploads\/2023\/03\/24.03.-Sierpien-80-w-Warszawie.mp3\"><img loading=\"lazy\" decoding=\"async\" width=\"150\" height=\"150\" class=\"wp-image-83026\" style=\"width: 150px;\" src=\"https:\/\/htb.com.pl\/wp-content\/uploads\/2023\/03\/sierpien80.png\" alt=\"\" srcset=\"https:\/\/htb.com.pl\/wp-content\/uploads\/2023\/03\/sierpien80.png 475w, https:\/\/htb.com.pl\/wp-content\/uploads\/2023\/03\/sierpien80-300x300.png 300w, https:\/\/htb.com.pl\/wp-content\/uploads\/2023\/03\/sierpien80-150x150.png 150w, https:\/\/htb.com.pl\/wp-content\/uploads\/2023\/03\/sierpien80-100x100.png 100w\" sizes=\"auto, (max-width: 150px) 100vw, 150px\" \/><\/a> Flag\u0119 Unii Europejskiej spalili i \u201ewytr\u0105bili\u201d, \u017ce lepiej by by\u0142o, gdyby\u015bmy w Unii Europejskiej nie byli.<\/p>\n\n\n\n<p>Pami\u0119tam, jak to si\u0119 zacz\u0119\u0142o, \u017ce ostatecznie towarzystwo pa\u0144stw demokratycznych nas przyj\u0119\u0142o. Wtedy te\u017c mundurowi oponowali, ale Papie\u017ca Jana Paw\u0142a II pos\u0142uchali i w referendum za wej\u015bciem do Unii Europejskiej zag\u0142osowali. Pami\u0119tam, jak w 1987 roku Marysia (wcze\u015bniejsze wpisy) spotkanie z oficerami otwiera\u0142a. S\u0142owa Jana Paw\u0142a II, \u017ce Polska to Europa do \u0142b\u00f3w im wbija\u0142a. Panowie oficerowie! &#8211; rykn\u0119\u0142a i pi\u0119\u015bci\u0105 w st\u00f3\u0142 waln\u0119\u0142a. Ja to tylko sfotografowa\u0107 mia\u0142em, pstrykn\u0105\u0142em i zwia\u0142em. Ale tak jak dzi\u015b boj\u0119 si\u0119 o Polsk\u0119, wtedy si\u0119 nie ba\u0142em.<\/p>\n\n\n\n<p>Kole\u017canko i kolego, je\u017celi nie zrozumieli\u015bcie wszystkiego, s\u0142uchajcie Radia Marysinego.<\/p>\n","protected":false},"excerpt":{"rendered":"<p>Tytu\u0142 to parafraza s\u0142ynnego powiedzenia Waldemara Pawlaka, najwa\u017cniejszego w 2012 roku stra\u017caka polskiego, kt\u00f3re wtedy ugasi\u0142o po\u017car w koalicji samorz\u0105dowej wojew\u00f3dztwa opolskiego. Mo\u017ce dzi\u015b odwr\u00f3cenie powiedzenia Pawlakowego, ugasi po\u017car Pa\u0144stwa Polskiego? Co si\u0119 pali \u2013 pewnie zapytasz kole\u017canko i kolego? No to pos\u0142uchaj tego. Po zamachu stanu z roku 2015, Polska zacz\u0119\u0142a znika\u0107 &#8211; tak [&hellip;]<\/p>\n","protected":false},"author":1,"featured_media":83024,"comment_status":"open","ping_status":"open","sticky":false,"template":"","format":"standard","meta":{"_jetpack_memberships_contains_paid_content":false,"footnotes":""},"categories":[4],"tags":[868,867],"class_list":["post-83019","post","type-post","status-publish","format-standard","has-post-thumbnail","hentry","category-daty-i-fakty-blog","tag-nie-ma-trwac","tag-ta-koalicja-mac"],"jetpack_sharing_enabled":true,"jetpack_featured_media_url":"https:\/\/htb.com.pl\/wp-content\/uploads\/2023\/03\/PolitykaS.png","_links":{"self":[{"href":"https:\/\/htb.com.pl\/index.php?rest_route=\/wp\/v2\/posts\/83019","targetHints":{"allow":["GET"]}}],"collection":[{"href":"https:\/\/htb.com.pl\/index.php?rest_route=\/wp\/v2\/posts"}],"about":[{"href":"https:\/\/htb.com.pl\/index.php?rest_route=\/wp\/v2\/types\/post"}],"author":[{"embeddable":true,"href":"https:\/\/htb.com.pl\/index.php?rest_route=\/wp\/v2\/users\/1"}],"replies":[{"embeddable":true,"href":"https:\/\/htb.com.pl\/index.php?rest_route=%2Fwp%2Fv2%2Fcomments&post=83019"}],"version-history":[{"count":7,"href":"https:\/\/htb.com.pl\/index.php?rest_route=\/wp\/v2\/posts\/83019\/revisions"}],"predecessor-version":[{"id":83063,"href":"https:\/\/htb.com.pl\/index.php?rest_route=\/wp\/v2\/posts\/83019\/revisions\/83063"}],"wp:featuredmedia":[{"embeddable":true,"href":"https:\/\/htb.com.pl\/index.php?rest_route=\/wp\/v2\/media\/83024"}],"wp:attachment":[{"href":"https:\/\/htb.com.pl\/index.php?rest_route=%2Fwp%2Fv2%2Fmedia&parent=83019"}],"wp:term":[{"taxonomy":"category","embeddable":true,"href":"https:\/\/htb.com.pl\/index.php?rest_route=%2Fwp%2Fv2%2Fcategories&post=83019"},{"taxonomy":"post_tag","embeddable":true,"href":"https:\/\/htb.com.pl\/index.php?rest_route=%2Fwp%2Fv2%2Ftags&post=83019"}],"curies":[{"name":"wp","href":"https:\/\/api.w.org\/{rel}","templated":true}]}}