{"id":83347,"date":"2023-04-02T09:05:55","date_gmt":"2023-04-02T09:05:55","guid":{"rendered":"https:\/\/htb.com.pl\/?p=83347"},"modified":"2023-04-03T09:57:07","modified_gmt":"2023-04-03T09:57:07","slug":"prima-aprilis-2023","status":"publish","type":"post","link":"https:\/\/htb.com.pl\/?p=83347","title":{"rendered":"Prima Aprilis 2023"},"content":{"rendered":"\n<figure class=\"wp-block-image size-thumbnail\"><a href=\"https:\/\/htb.com.pl\/wp-content\/uploads\/2023\/04\/Prima-Aprilis-2023.mp3\"><img loading=\"lazy\" decoding=\"async\" width=\"150\" height=\"150\" src=\"https:\/\/htb.com.pl\/wp-content\/uploads\/2018\/04\/posluchaj-150x150.jpg\" alt=\"\" class=\"wp-image-2020\" srcset=\"https:\/\/htb.com.pl\/wp-content\/uploads\/2018\/04\/posluchaj-150x150.jpg 150w, https:\/\/htb.com.pl\/wp-content\/uploads\/2018\/04\/posluchaj-300x300.jpg 300w, https:\/\/htb.com.pl\/wp-content\/uploads\/2018\/04\/posluchaj-100x100.jpg 100w\" sizes=\"auto, (max-width: 150px) 100vw, 150px\" \/><\/a><figcaption class=\"wp-element-caption\"><a href=\"https:\/\/htb.com.pl\/wp-content\/uploads\/2023\/04\/Prima-Aprilis-2023.mp3\">https:\/\/htb.com.pl\/wp-content\/uploads\/2023\/04\/Prima-Aprilis-2023.mp3<\/a><\/figcaption><\/figure>\n\n\n\n<p>Tytu\u0142, to \u0142aci\u0144skie okre\u015blenie pierwszego dnia kwietnia. Zwykle tego dnia robi si\u0119 \u017carty, polegaj\u0105ce na pr\u00f3bie nabrania kogo\u015b &#8211; dzi\u015b m\u00f3wi si\u0119 wkr\u0119cenia. W Polsce ten zwyczaj bardzo si\u0119 spodoba\u0142 rz\u0105dowi i postanowili, \u017ce nie tylko 1 kwietnia, ale ca\u0142y czas Polak\u00f3w w \u201ebalona\u201d b\u0119d\u0105 robili, bo to mo\u017ce sprawi\u0107, \u017ce ci\u0105gle b\u0119d\u0105 rz\u0105dzili.<\/p>\n\n\n\n<p>Odnosz\u0119 wra\u017cenie, \u017ce to si\u0119 wszystkim spodoba\u0142o, bo cho\u0107 Prawo i Sprawiedliwo\u015b\u0107 ani obiecanych mieszka\u0144, ani promu, ani elektrowni w Ostro\u0142\u0119ce nie wybudowa\u0142o, to kolejne wybory do parlamentu wygra\u0142o. Solidarn\u0105 Polsk\u0119 i ludzi, kt\u00f3rzy teraz s\u0105 w Partii Republika\u0144skiej Adama Bielana dokoptowali, pieni\u0119dzy dodrukowali, potem je porozdawali i dzi\u0119ki systemowi Donta &#8211; promuj\u0105cemu du\u017ce ugrupowania wygrali. Ca\u0142y czas o Prima Aprilis pami\u0119tali. Mateusza Morawieckiego, k\u0142amczucha permanentnego, wielokrotnie przez S\u0105dy za k\u0142amstwa skazywanego, premierem zrobili.<\/p>\n\n\n\n<p>&nbsp; Ostatnio jednak troch\u0119 przesadzili. Rolnik\u00f3w nabrali. <a href=\"http:\/\/radiomaria.com.pl\/wp-content\/uploads\/2023\/03\/29.03.Michal-Kolodziejczak.mp3\"><img loading=\"lazy\" decoding=\"async\" width=\"150\" height=\"113\" class=\"wp-image-83351\" style=\"width: 150px;\" src=\"https:\/\/htb.com.pl\/wp-content\/uploads\/2023\/04\/Kolodziejczak.jpg\" alt=\"\" srcset=\"https:\/\/htb.com.pl\/wp-content\/uploads\/2023\/04\/Kolodziejczak.jpg 640w, https:\/\/htb.com.pl\/wp-content\/uploads\/2023\/04\/Kolodziejczak-300x225.jpg 300w, https:\/\/htb.com.pl\/wp-content\/uploads\/2023\/04\/Kolodziejczak-600x450.jpg 600w\" sizes=\"auto, (max-width: 150px) 100vw, 150px\" \/><\/a> W czasie \u017cniw opowiadali, \u017ce jak zbo\u017ce w magazynach b\u0119d\u0105 trzymali, to przez to, \u017ce Rosjanie Ukrain\u0119 zaatakowali, za p\u00f3\u0142 roku to, co teraz nie sprzedali, dwa razy dro\u017cej b\u0119d\u0105 sprzedawali. Rolnicy si\u0119 nabrali \u2013 przecie\u017c ci, na kt\u00f3rych oni g\u0142osowali, nigdy by ich nie oszukali. Na czas \u015awi\u0105t Wielkanocnych rz\u0105dz\u0105cy sp\u00f3r z rolnikami nico za\u017cegnali, porozumienie nawet podpisali, a o problemy Uni\u0119 Europejska obwiniali. Jak si\u0119 zorientowali, \u017ce w Unii Europejskiej komisarzem ds. rolnictwa ich cz\u0142owieka Janusza Wojciechowskiego wybrali, pretensje na Pani\u0105 komisarz ca\u0142ej Unii, Ursul\u0119 von der Leyen przekierowali. <a href=\"http:\/\/radiomaria.com.pl\/wp-content\/uploads\/2023\/03\/31.03.-Porozumienie-z-Rolnikamu.mp3\"><img loading=\"lazy\" decoding=\"async\" width=\"150\" height=\"94\" class=\"wp-image-83355\" style=\"width: 150px;\" src=\"https:\/\/htb.com.pl\/wp-content\/uploads\/2023\/04\/Porozumienie.png\" alt=\"\" srcset=\"https:\/\/htb.com.pl\/wp-content\/uploads\/2023\/04\/Porozumienie.png 987w, https:\/\/htb.com.pl\/wp-content\/uploads\/2023\/04\/Porozumienie-300x188.png 300w, https:\/\/htb.com.pl\/wp-content\/uploads\/2023\/04\/Porozumienie-768x480.png 768w, https:\/\/htb.com.pl\/wp-content\/uploads\/2023\/04\/Porozumienie-600x375.png 600w\" sizes=\"auto, (max-width: 150px) 100vw, 150px\" \/><\/a><\/p>\n\n\n\n<p>  Radia MARIA kochani rolnicy \u017ce\u015bcie nie s\u0142uchali, a my \u017ce\u015bmy ostrzegali, \u017ceby Polacy na ludzi bez wyobra\u017ani nie g\u0142osowali. Nawet \u017ce\u015bmy takich ludzi zdefiniowali. To ci, co polityk\u0119 J\u00f3zefa Pi\u0142sudskiego za dobr\u0105 uznali. Wtedy kl\u0119sk\u0105 wrze\u015bniow\u0105 si\u0119 to sko\u0144czy\u0142o. Teraz dzi\u0119ki tym, kt\u00f3rzy uwa\u017caj\u0105, \u017ce za sanacji wcale tak dobrze nie by\u0142o, jeste\u015bmy w NATO i&nbsp; Unii Europejskiej, wi\u0119c tak jak w 1939 roku na razie jeszcze nie by\u0142o. Cho\u0107 rz\u0105dz\u0105cy twierdz\u0105, \u017ce jak chodzi o Uni\u0119 Europejsk\u0105, to lepiej by by\u0142o, \u017ceby nas tam nie by\u0142o. Nie wy \u017ce\u015bcie nas tam wprowadzali i nie wy b\u0119dziecie decydowali, jakimi paszportami b\u0119dziemy si\u0119 pos\u0142ugiwali.<\/p>\n\n\n\n<p>W Wielkiej Orkiestrze \u015awi\u0105tecznej Pomocy Jurka Owsiaka nigdy nie k\u0142amali i na dzie\u0144 przed 1 kwietnia podali, \u017ce ponad 243 miliony z\u0142otych \u017ce\u015bmy w tym roku zebrali. <a href=\"http:\/\/radiomaria.com.pl\/wp-content\/uploads\/2023\/03\/31.03.-Wosp.mp3\"><img loading=\"lazy\" decoding=\"async\" width=\"150\" height=\"90\" class=\"wp-image-83357\" style=\"width: 150px;\" src=\"https:\/\/htb.com.pl\/wp-content\/uploads\/2023\/04\/Owaiakmaly.png\" alt=\"\" srcset=\"https:\/\/htb.com.pl\/wp-content\/uploads\/2023\/04\/Owaiakmaly.png 996w, https:\/\/htb.com.pl\/wp-content\/uploads\/2023\/04\/Owaiakmaly-300x180.png 300w, https:\/\/htb.com.pl\/wp-content\/uploads\/2023\/04\/Owaiakmaly-768x460.png 768w, https:\/\/htb.com.pl\/wp-content\/uploads\/2023\/04\/Owaiakmaly-600x359.png 600w\" sizes=\"auto, (max-width: 150px) 100vw, 150px\" \/><\/a> To kolejny rekord \u2013 czyli Polacy wyobra\u017ani\u0119 maj\u0105. Tylko dlaczego jak chodzi o parlament, ludzi bez wyobra\u017ani wybieraj\u0105?<\/p>\n","protected":false},"excerpt":{"rendered":"<p>Tytu\u0142, to \u0142aci\u0144skie okre\u015blenie pierwszego dnia kwietnia. Zwykle tego dnia robi si\u0119 \u017carty, polegaj\u0105ce na pr\u00f3bie nabrania kogo\u015b &#8211; dzi\u015b m\u00f3wi si\u0119 wkr\u0119cenia. W Polsce ten zwyczaj bardzo si\u0119 spodoba\u0142 rz\u0105dowi i postanowili, \u017ce nie tylko 1 kwietnia, ale ca\u0142y czas Polak\u00f3w w \u201ebalona\u201d b\u0119d\u0105 robili, bo to mo\u017ce sprawi\u0107, \u017ce ci\u0105gle b\u0119d\u0105 rz\u0105dzili. Odnosz\u0119 [&hellip;]<\/p>\n","protected":false},"author":1,"featured_media":83359,"comment_status":"open","ping_status":"open","sticky":false,"template":"","format":"standard","meta":{"_jetpack_memberships_contains_paid_content":false,"footnotes":""},"categories":[4],"tags":[870],"class_list":["post-83347","post","type-post","status-publish","format-standard","has-post-thumbnail","hentry","category-daty-i-fakty-blog","tag-prima-aprilis-2023"],"jetpack_sharing_enabled":true,"jetpack_featured_media_url":"https:\/\/htb.com.pl\/wp-content\/uploads\/2023\/04\/Prima.png","_links":{"self":[{"href":"https:\/\/htb.com.pl\/index.php?rest_route=\/wp\/v2\/posts\/83347","targetHints":{"allow":["GET"]}}],"collection":[{"href":"https:\/\/htb.com.pl\/index.php?rest_route=\/wp\/v2\/posts"}],"about":[{"href":"https:\/\/htb.com.pl\/index.php?rest_route=\/wp\/v2\/types\/post"}],"author":[{"embeddable":true,"href":"https:\/\/htb.com.pl\/index.php?rest_route=\/wp\/v2\/users\/1"}],"replies":[{"embeddable":true,"href":"https:\/\/htb.com.pl\/index.php?rest_route=%2Fwp%2Fv2%2Fcomments&post=83347"}],"version-history":[{"count":9,"href":"https:\/\/htb.com.pl\/index.php?rest_route=\/wp\/v2\/posts\/83347\/revisions"}],"predecessor-version":[{"id":83412,"href":"https:\/\/htb.com.pl\/index.php?rest_route=\/wp\/v2\/posts\/83347\/revisions\/83412"}],"wp:featuredmedia":[{"embeddable":true,"href":"https:\/\/htb.com.pl\/index.php?rest_route=\/wp\/v2\/media\/83359"}],"wp:attachment":[{"href":"https:\/\/htb.com.pl\/index.php?rest_route=%2Fwp%2Fv2%2Fmedia&parent=83347"}],"wp:term":[{"taxonomy":"category","embeddable":true,"href":"https:\/\/htb.com.pl\/index.php?rest_route=%2Fwp%2Fv2%2Fcategories&post=83347"},{"taxonomy":"post_tag","embeddable":true,"href":"https:\/\/htb.com.pl\/index.php?rest_route=%2Fwp%2Fv2%2Ftags&post=83347"}],"curies":[{"name":"wp","href":"https:\/\/api.w.org\/{rel}","templated":true}]}}