{"id":84047,"date":"2023-04-16T11:49:24","date_gmt":"2023-04-16T11:49:24","guid":{"rendered":"https:\/\/htb.com.pl\/?p=84047"},"modified":"2023-04-17T13:53:12","modified_gmt":"2023-04-17T13:53:12","slug":"klamstwo-jak-ptak-ulecialo","status":"publish","type":"post","link":"https:\/\/htb.com.pl\/?p=84047","title":{"rendered":"K\u0142amstwo jak ptak ulecia\u0142o"},"content":{"rendered":"\n<p><\/p>\n\n\n\n<figure class=\"wp-block-image size-thumbnail\"><a href=\"https:\/\/htb.com.pl\/wp-content\/uploads\/2023\/04\/Klamstwo-jak-ptak-ulecialo.mp3\"><img loading=\"lazy\" decoding=\"async\" width=\"150\" height=\"150\" src=\"https:\/\/htb.com.pl\/wp-content\/uploads\/2018\/04\/posluchaj-150x150.jpg\" alt=\"\" class=\"wp-image-2020\" srcset=\"https:\/\/htb.com.pl\/wp-content\/uploads\/2018\/04\/posluchaj-150x150.jpg 150w, https:\/\/htb.com.pl\/wp-content\/uploads\/2018\/04\/posluchaj-300x300.jpg 300w, https:\/\/htb.com.pl\/wp-content\/uploads\/2018\/04\/posluchaj-100x100.jpg 100w\" sizes=\"auto, (max-width: 150px) 100vw, 150px\" \/><\/a><\/figure>\n\n\n\n<p>Jak to si\u0119 sta\u0142o, \u017ce PiS-owskie k\u0142amstwo, i\u017c zbo\u017ce b\u0119dzie dro\u017ca\u0142o skrzyde\u0142 dosta\u0142o i mn\u00f3stwo rolnik\u00f3w si\u0119 nabra\u0142o? <a href=\"http:\/\/radiomaria.com.pl\/wp-content\/uploads\/2023\/04\/1504.Wies-Lyse.mp3\"><img loading=\"lazy\" decoding=\"async\" width=\"150\" height=\"107\" class=\"wp-image-84058\" style=\"width: 150px;\" src=\"https:\/\/htb.com.pl\/wp-content\/uploads\/2023\/04\/Lyse.png\" alt=\"\" srcset=\"https:\/\/htb.com.pl\/wp-content\/uploads\/2023\/04\/Lyse.png 832w, https:\/\/htb.com.pl\/wp-content\/uploads\/2023\/04\/Lyse-300x214.png 300w, https:\/\/htb.com.pl\/wp-content\/uploads\/2023\/04\/Lyse-768x547.png 768w, https:\/\/htb.com.pl\/wp-content\/uploads\/2023\/04\/Lyse-600x428.png 600w\" sizes=\"auto, (max-width: 150px) 100vw, 150px\" \/><\/a> Media publiczne kochani si\u0119 zlikwidowa\u0142o. Jak medi\u00f3w publicznych nie odtworzymy, poprawnego t\u0142umaczenia z \u201epolitycznego na nasze\u201d nie us\u0142yszymy i zawsze tu b\u0142\u0105d pope\u0142nimy. Bo lepiej, \u017ceby\u015bmy prawd\u0119 znali, a nie nawet wed\u0142ug najwspanialszego k\u0142amstwa post\u0119powali. Tylko wolne media to zagwarantuj\u0105 \u2013 takie, kt\u00f3re o nieobecnych \u017ale nie m\u00f3wi\u0105. Tak Marysia, (wcze\u015bniejsze wpisy) wolne media definiowa\u0142a. Wtedy Polska si\u0119 z ni\u0105 nie zgadza\u0142a, bo przecie\u017c prawie ca\u0142a &#8211; Radia Wolna Europa s\u0142ucha\u0142a; a mo\u017ce Marysia racj\u0119 mia\u0142a?<\/p>\n\n\n\n<p>Gdyby\u015bmy wtedy Radia Wolna Europa nie s\u0142uchali, Elektrowni\u0119 J\u0105drow\u0105 w \u017barnowcu by\u015bmy wybudowali i dzi\u015b z powodu smogu a\u017c tak nie umierali. <strong>Stu Polak\u00f3w dziennie umiera, bo nasza atmosfera nienaturalny sk\u0142ad zawier<\/strong>a. Jak teraz wycinki naszych las\u00f3w nie zatrzymamy \u2013 ca\u0142kiem przegramy.<\/p>\n\n\n\n<p>Rolnicy, kt\u00f3rzy wszystkim opowiadaj\u0105, jak\u0105 to zdrow\u0105 \u017cywno\u015b\u0107 wytwarzaj\u0105 \u2013 niech g\u0142upot nie opowiadaj\u0105. Wasze opryski nikotynoidy zawieraj\u0105, pszczo\u0142y kt\u00f3re na polach nektar zbieraj\u0105 i przy okazji wasze ro\u015bliny zapylaj\u0105 do swoich uli nie wracaj\u0105&nbsp; &#8211; zdychaj\u0105! My te\u017c zdechniemy, jak wolnych medi\u00f3w nie odbudujemy!<\/p>\n\n\n\n<p>Te media demokracj\u0119 by przywr\u00f3ci\u0142y, tak\u0105 w kt\u00f3rej odpowiedzialnych za z\u0142e decyzje z imienia i nazwiska by\u015bmy znali i odpowiedzialno\u015bci\u0105 polityczn\u0105 zwyk\u0142ego z\u0142odziejstwa nie nazywali.<\/p>\n\n\n\n<p>&nbsp; Ostatnio rz\u0105dz\u0105cy ponad 4 miliony z\u0142otych Kukizowi dali, \u017ceby jego ludzie referenda, czyli demokracj\u0119 bezpo\u015bredni\u0105 promowali. To nie jest demokracja, kt\u00f3r\u0105 \u017ce\u015bmy wybrali. <a href=\"http:\/\/radiomaria.com.pl\/wp-content\/uploads\/2023\/04\/14.04.-Demokracja.mp3\"><img loading=\"lazy\" decoding=\"async\" width=\"150\" height=\"118\" class=\"wp-image-84056\" style=\"width: 150px;\" src=\"https:\/\/htb.com.pl\/wp-content\/uploads\/2023\/04\/Demokracja.png\" alt=\"\" srcset=\"https:\/\/htb.com.pl\/wp-content\/uploads\/2023\/04\/Demokracja.png 478w, https:\/\/htb.com.pl\/wp-content\/uploads\/2023\/04\/Demokracja-300x237.png 300w\" sizes=\"auto, (max-width: 150px) 100vw, 150px\" \/><\/a> Tak z energetyki j\u0105drowej \u017ce\u015bmy zrezygnowali i dzi\u015b nie ma takich, kt\u00f3rzy o tym zdecydowali. Chyba \u017ce nie\u017cyj\u0105cemu premierowi Tadeuszowi Mazowieckiemu by\u015bmy to przypisali.<\/p>\n\n\n\n<p><strong>&nbsp; <\/strong>W Sejmie pos\u0142owie opozycji ministra Przemys\u0142awa Czarnka odwo\u0142a\u0107 pr\u00f3bowali, bo to co robi prowadzi do tego, \u017ce ci, kt\u00f3rych&nbsp; w \u201eczarnkowej\u201d szkole b\u0119dziemy kszta\u0142towali, nigdy prawdy nie b\u0119d\u0105 szukali i rz\u0105du podobnego do PiS-owskiego nie b\u0119d\u0105 krytykowali. C\u00f3\u017c w tym z\u0142ego, niekt\u00f3rzy zapytali. Kochani, albo sojuszy w Europie b\u0119dziemy szukali, albo wszystko jak we wrze\u015bniu 1939 si\u0119 zawali. Popatrzcie na Ukrain\u0119, oni inaczej wybrali <a href=\"http:\/\/radiomaria.com.pl\/wp-content\/uploads\/2023\/04\/14.04.-Mord-na-ukrainskich-jencacj.mp3\"><img loading=\"lazy\" decoding=\"async\" width=\"150\" height=\"180\" class=\"wp-image-84054\" style=\"width: 150px;\" src=\"https:\/\/htb.com.pl\/wp-content\/uploads\/2023\/04\/Dwiescie.png\" alt=\"\" srcset=\"https:\/\/htb.com.pl\/wp-content\/uploads\/2023\/04\/Dwiescie.png 426w, https:\/\/htb.com.pl\/wp-content\/uploads\/2023\/04\/Dwiescie-250x300.png 250w\" sizes=\"auto, (max-width: 150px) 100vw, 150px\" \/><\/a> i ich politycy, jak Rosjanie Ukrain\u0119 zaatakowali nie pouciekali, jak polscy w 1939. Ci, kt\u00f3rych nasi rz\u0105dz\u0105cy za wz\u00f3r sobie obrali.<\/p>\n\n\n\n<p>Podobnie jak tamci ze wszystkimi s\u0105siadami si\u0119 sk\u0142\u00f3cili i na Stany Zjednoczone postawili. <a href=\"http:\/\/radiomaria.com.pl\/wp-content\/uploads\/2023\/04\/11.04.-Morawiecki-leci-do-USA.mp3\"><img loading=\"lazy\" decoding=\"async\" width=\"150\" height=\"97\" class=\"wp-image-84050\" style=\"width: 150px;\" src=\"https:\/\/htb.com.pl\/wp-content\/uploads\/2023\/04\/Leci.png\" alt=\"\" srcset=\"https:\/\/htb.com.pl\/wp-content\/uploads\/2023\/04\/Leci.png 1020w, https:\/\/htb.com.pl\/wp-content\/uploads\/2023\/04\/Leci-300x195.png 300w, https:\/\/htb.com.pl\/wp-content\/uploads\/2023\/04\/Leci-768x498.png 768w, https:\/\/htb.com.pl\/wp-content\/uploads\/2023\/04\/Leci-600x389.png 600w\" sizes=\"auto, (max-width: 150px) 100vw, 150px\" \/><\/a> \u017beby\u015bmy nie wiem jak si\u0119 starali, to zawsze w Europie b\u0119dziemy mieszkali. Chyba \u017ceby\u015bmy wszyscy do Ameryki wyemigrowali, ale oni tam wiedz\u0105, \u017ce wtedy wszystko u nich si\u0119 zawali. <a href=\"http:\/\/radiomaria.com.pl\/wp-content\/uploads\/2023\/04\/12.04.KamalaHarris-i-Mateusz-Morawiecki.mp3\"><img loading=\"lazy\" decoding=\"async\" width=\"150\" height=\"84\" class=\"wp-image-84052\" style=\"width: 150px;\" src=\"https:\/\/htb.com.pl\/wp-content\/uploads\/2023\/04\/LANDSCAPE_840.jpg\" alt=\"\" srcset=\"https:\/\/htb.com.pl\/wp-content\/uploads\/2023\/04\/LANDSCAPE_840.jpg 840w, https:\/\/htb.com.pl\/wp-content\/uploads\/2023\/04\/LANDSCAPE_840-300x169.jpg 300w, https:\/\/htb.com.pl\/wp-content\/uploads\/2023\/04\/LANDSCAPE_840-768x432.jpg 768w, https:\/\/htb.com.pl\/wp-content\/uploads\/2023\/04\/LANDSCAPE_840-600x337.jpg 600w\" sizes=\"auto, (max-width: 150px) 100vw, 150px\" \/><\/a> Mo\u017ce by\u015bmy jednak w Europie zostali, g\u0142upot nie s\u0142uchali, tylko si\u0119 do siebie u\u015bmiechali i spokojnie pracowali.<\/p>\n","protected":false},"excerpt":{"rendered":"<p>Jak to si\u0119 sta\u0142o, \u017ce PiS-owskie k\u0142amstwo, i\u017c zbo\u017ce b\u0119dzie dro\u017ca\u0142o skrzyde\u0142 dosta\u0142o i mn\u00f3stwo rolnik\u00f3w si\u0119 nabra\u0142o? Media publiczne kochani si\u0119 zlikwidowa\u0142o. Jak medi\u00f3w publicznych nie odtworzymy, poprawnego t\u0142umaczenia z \u201epolitycznego na nasze\u201d nie us\u0142yszymy i zawsze tu b\u0142\u0105d pope\u0142nimy. Bo lepiej, \u017ceby\u015bmy prawd\u0119 znali, a nie nawet wed\u0142ug najwspanialszego k\u0142amstwa post\u0119powali. Tylko wolne [&hellip;]<\/p>\n","protected":false},"author":1,"featured_media":84058,"comment_status":"open","ping_status":"open","sticky":false,"template":"","format":"standard","meta":{"_jetpack_memberships_contains_paid_content":false,"footnotes":""},"categories":[4],"tags":[875],"class_list":["post-84047","post","type-post","status-publish","format-standard","has-post-thumbnail","hentry","category-daty-i-fakty-blog","tag-klamstwo-jak-ptak-ulecialo"],"jetpack_sharing_enabled":true,"jetpack_featured_media_url":"https:\/\/htb.com.pl\/wp-content\/uploads\/2023\/04\/Lyse.png","_links":{"self":[{"href":"https:\/\/htb.com.pl\/index.php?rest_route=\/wp\/v2\/posts\/84047","targetHints":{"allow":["GET"]}}],"collection":[{"href":"https:\/\/htb.com.pl\/index.php?rest_route=\/wp\/v2\/posts"}],"about":[{"href":"https:\/\/htb.com.pl\/index.php?rest_route=\/wp\/v2\/types\/post"}],"author":[{"embeddable":true,"href":"https:\/\/htb.com.pl\/index.php?rest_route=\/wp\/v2\/users\/1"}],"replies":[{"embeddable":true,"href":"https:\/\/htb.com.pl\/index.php?rest_route=%2Fwp%2Fv2%2Fcomments&post=84047"}],"version-history":[{"count":11,"href":"https:\/\/htb.com.pl\/index.php?rest_route=\/wp\/v2\/posts\/84047\/revisions"}],"predecessor-version":[{"id":84117,"href":"https:\/\/htb.com.pl\/index.php?rest_route=\/wp\/v2\/posts\/84047\/revisions\/84117"}],"wp:featuredmedia":[{"embeddable":true,"href":"https:\/\/htb.com.pl\/index.php?rest_route=\/wp\/v2\/media\/84058"}],"wp:attachment":[{"href":"https:\/\/htb.com.pl\/index.php?rest_route=%2Fwp%2Fv2%2Fmedia&parent=84047"}],"wp:term":[{"taxonomy":"category","embeddable":true,"href":"https:\/\/htb.com.pl\/index.php?rest_route=%2Fwp%2Fv2%2Fcategories&post=84047"},{"taxonomy":"post_tag","embeddable":true,"href":"https:\/\/htb.com.pl\/index.php?rest_route=%2Fwp%2Fv2%2Ftags&post=84047"}],"curies":[{"name":"wp","href":"https:\/\/api.w.org\/{rel}","templated":true}]}}