{"id":84384,"date":"2023-04-23T13:10:37","date_gmt":"2023-04-23T13:10:37","guid":{"rendered":"https:\/\/htb.com.pl\/?p=84384"},"modified":"2023-04-24T06:19:08","modified_gmt":"2023-04-24T06:19:08","slug":"dlaczego-to-co-80-lat-temu-sie-zdarzylo-nic-nas-nie-nauczylo","status":"publish","type":"post","link":"https:\/\/htb.com.pl\/?p=84384","title":{"rendered":"Dlaczego to co 80 lat temu si\u0119 zdarzy\u0142o, nic nas nie nauczy\u0142o?"},"content":{"rendered":"\n<p><\/p>\n\n\n\n<figure class=\"wp-block-image size-thumbnail\"><a href=\"https:\/\/htb.com.pl\/wp-content\/uploads\/2023\/04\/Dlaczego-to-co-80-lat-temu-sie-zdarzylo-nic-nas-nie-nauczylo.mp3\"><img loading=\"lazy\" decoding=\"async\" width=\"150\" height=\"150\" src=\"https:\/\/htb.com.pl\/wp-content\/uploads\/2018\/04\/posluchaj-150x150.jpg\" alt=\"\" class=\"wp-image-2020\" srcset=\"https:\/\/htb.com.pl\/wp-content\/uploads\/2018\/04\/posluchaj-150x150.jpg 150w, https:\/\/htb.com.pl\/wp-content\/uploads\/2018\/04\/posluchaj-300x300.jpg 300w, https:\/\/htb.com.pl\/wp-content\/uploads\/2018\/04\/posluchaj-100x100.jpg 100w\" sizes=\"auto, (max-width: 150px) 100vw, 150px\" \/><\/a><\/figure>\n\n\n\n<p>Tytu\u0142 to pytanie, na kt\u00f3re nawet Marysia odpowiedzi nie zna\u0142a, ale bardzo si\u0119 stara\u0142a, \u017ceby Polska sobie tu odpowiedzia\u0142a i ju\u017c tak potwornych b\u0142\u0119d\u00f3w nie pope\u0142nia\u0142a. <\/p>\n\n\n\n<figure class=\"wp-block-gallery has-nested-images columns-default is-cropped wp-block-gallery-1 is-layout-flex wp-block-gallery-is-layout-flex\">\n<figure class=\"wp-block-image size-large\"><img loading=\"lazy\" decoding=\"async\" width=\"676\" height=\"548\" data-id=\"84386\" src=\"https:\/\/htb.com.pl\/wp-content\/uploads\/2023\/04\/Teheran.png\" alt=\"\" class=\"wp-image-84386\" srcset=\"https:\/\/htb.com.pl\/wp-content\/uploads\/2023\/04\/Teheran.png 676w, https:\/\/htb.com.pl\/wp-content\/uploads\/2023\/04\/Teheran-300x243.png 300w, https:\/\/htb.com.pl\/wp-content\/uploads\/2023\/04\/Teheran-600x486.png 600w\" sizes=\"auto, (max-width: 676px) 100vw, 676px\" \/><figcaption class=\"wp-element-caption\"><a href=\"http:\/\/radiomaria.com.pl\/wp-content\/uploads\/2023\/04\/Pytania-do-Frania-jak-to-80-lat-temu-bylo.mp3\">Pytania do \u201eFrania\u201d \u2013 rok 1943. To co wtedy w Polsce si\u0119 <img loading=\"lazy\" decoding=\"async\" width=\"28\" height=\"28\" class=\"wp-image-84391\" style=\"width: 28px;\" src=\"https:\/\/htb.com.pl\/wp-content\/uploads\/2023\/04\/maly-plej.png\" alt=\"\"> pochrzani\u0142o, dzi\u015b wr\u00f3ci\u0142o.<\/a><\/figcaption><\/figure>\n\n\n\n<figure class=\"wp-block-image size-large\"><a href=\"http:\/\/radiomaria.com.pl\/wp-content\/uploads\/2023\/04\/18.04.-Marsz-zywych.mp3\"><img loading=\"lazy\" decoding=\"async\" width=\"984\" height=\"554\" data-id=\"84387\" src=\"https:\/\/htb.com.pl\/wp-content\/uploads\/2023\/04\/Marsz-2023maly.jpg\" alt=\"\" class=\"wp-image-84387\" srcset=\"https:\/\/htb.com.pl\/wp-content\/uploads\/2023\/04\/Marsz-2023maly.jpg 984w, https:\/\/htb.com.pl\/wp-content\/uploads\/2023\/04\/Marsz-2023maly-300x169.jpg 300w, https:\/\/htb.com.pl\/wp-content\/uploads\/2023\/04\/Marsz-2023maly-768x432.jpg 768w, https:\/\/htb.com.pl\/wp-content\/uploads\/2023\/04\/Marsz-2023maly-600x338.jpg 600w\" sizes=\"auto, (max-width: 984px) 100vw, 984px\" \/><\/a><figcaption class=\"wp-element-caption\"><a href=\"http:\/\/radiomaria.com.pl\/wp-content\/uploads\/2023\/04\/18.04.-Marsz-zywych.mp3\">O\u015bwi\u0119cim: Marsz \u017bywych. <img loading=\"lazy\" decoding=\"async\" width=\"28\" height=\"28\" class=\"wp-image-84391\" style=\"width: 28px;\" src=\"https:\/\/htb.com.pl\/wp-content\/uploads\/2023\/04\/maly-plej.png\" alt=\"\"> M\u0142odzi \u017bydzi i Polacy upami\u0119tniaj\u0105 ofiary Holokaustu.<\/a><\/figcaption><\/figure>\n\n\n\n<figure class=\"wp-block-image size-large\"><img loading=\"lazy\" decoding=\"async\" width=\"870\" height=\"608\" data-id=\"84388\" src=\"https:\/\/htb.com.pl\/wp-content\/uploads\/2023\/04\/Getto.png\" alt=\"\" class=\"wp-image-84388\" srcset=\"https:\/\/htb.com.pl\/wp-content\/uploads\/2023\/04\/Getto.png 870w, https:\/\/htb.com.pl\/wp-content\/uploads\/2023\/04\/Getto-300x210.png 300w, https:\/\/htb.com.pl\/wp-content\/uploads\/2023\/04\/Getto-768x537.png 768w, https:\/\/htb.com.pl\/wp-content\/uploads\/2023\/04\/Getto-600x419.png 600w\" sizes=\"auto, (max-width: 870px) 100vw, 870px\" \/><figcaption class=\"wp-element-caption\"><a href=\"http:\/\/radiomaria.com.pl\/wp-content\/uploads\/2023\/04\/19.04.-Powstaniue-w-Gettcie-Warszawskim.mp3\">80 rocznica <img loading=\"lazy\" decoding=\"async\" width=\"28\" height=\"28\" class=\"wp-image-84391\" style=\"width: 28px;\" src=\"https:\/\/htb.com.pl\/wp-content\/uploads\/2023\/04\/maly-plej.png\" alt=\"\"> Powstania w getcie warszawskim. <\/a><br><a href=\"http:\/\/radiomaria.com.pl\/wp-content\/uploads\/2023\/04\/Pytania-do-Frania-Powstanie-nw-getcie-warszawskim.mp3\">Pytania do \u201eFrania\u201d \u2013 <img loading=\"lazy\" decoding=\"async\" width=\"28\" height=\"28\" class=\"wp-image-84391\" style=\"width: 28px;\" src=\"https:\/\/htb.com.pl\/wp-content\/uploads\/2023\/04\/maly-plej.png\" alt=\"\"> Powstanie w getcie warszawskim.<\/a><\/figcaption><\/figure>\n<\/figure>\n\n\n\n<p>Niestety przegra\u0142a, ale jak umiera\u0142a prosi\u0142a, \u017ceby mi\u0119dzynarodowa rozg\u0142o\u015bnia Radia Maria <a href=\"http:\/\/radiomaria.com.pl\/?p=9\"><img loading=\"lazy\" decoding=\"async\" width=\"150\" height=\"80\" class=\"wp-image-84397\" style=\"width: 150px;\" src=\"https:\/\/htb.com.pl\/wp-content\/uploads\/2023\/04\/Radio-Maria.png\" alt=\"\"><\/a> w Polsce by\u0142a i to czego ona zrobi\u0107 nie zd\u0105\u017cy\u0142a &#8211; doko\u0144czy\u0142a. Wtedy w 1987 roku tego nie rozumia\u0142em. Dopiero jak banda, kt\u00f3r\u0105 Ona &#8220;ch\u0142opakami z razwietpura&#8221; nazywa\u0142a, dogmaty naszej wiary pozmienia\u0142a &#8211; i teraz ju\u017c chyba zawsze Matka Boga Maria, Maryj\u0105 b\u0119dzie si\u0119 nazywa\u0142a, a Polska Hiszpani\u0119 genera\u0142a Francisco Franco b\u0119dzie przypomina\u0142a. Tu dodam tylko, \u017ce Hiszpania wspomnianego genera\u0142a ze swej historii b\u0119dzie wymazywa\u0142a. Polska za\u015b zdecydowa\u0142a, \u017ce na sanacji J\u00f3zefa Pi\u0142sudskiego b\u0119dzie si\u0119 wzorowa\u0142a\u2026 Dlatego przegra\u0142a. <a href=\"http:\/\/radiomaria.com.pl\/wp-content\/uploads\/2023\/04\/23.04.Kaczynski-w-Janow2ie-Lubelskim.mp3\"><img loading=\"lazy\" decoding=\"async\" width=\"150\" height=\"83\" class=\"wp-image-84399\" style=\"width: 150px;\" src=\"https:\/\/htb.com.pl\/wp-content\/uploads\/2023\/04\/Kacz-w-Jan.png\" alt=\"\" srcset=\"https:\/\/htb.com.pl\/wp-content\/uploads\/2023\/04\/Kacz-w-Jan.png 752w, https:\/\/htb.com.pl\/wp-content\/uploads\/2023\/04\/Kacz-w-Jan-300x166.png 300w, https:\/\/htb.com.pl\/wp-content\/uploads\/2023\/04\/Kacz-w-Jan-600x333.png 600w\" sizes=\"auto, (max-width: 150px) 100vw, 150px\" \/><\/a><\/p>\n\n\n\n<p>Kolejny raz, jak przy zmianie wiary \u017ce\u015bmy zdecydowali, \u017ce to co chc\u0105 na Kremlu,<em> to\u0107ka w to\u0107k\u0119<\/em> b\u0119dziemy realizowali.&nbsp; Z przykazania o mi\u0142o\u015bci bli\u017aniego \u017ce\u015bmy zrezygnowali i teraz tylko swojego b\u0119dziemy kochali; a teraz rolnicy polityk\u00f3w pos\u0142uchali i nawet jakby przez dwa lata swych p\u00f3l nie obsiewali, g\u0142odu by\u015bmy nie zaznali. Tyle ukrai\u0144skiego zbo\u017ca zmagazynowali.<\/p>\n\n\n\n<p>&nbsp; Kochani rolnicy, prosz\u0119 aby\u015bcie tych durnych polityk\u00f3w nie s\u0142uchali, tylko sami dobro od z\u0142a odr\u00f3\u017cniali i z rolnikami ukrai\u0144skimi, jak chodzi o zbiory z p\u00f3l nie konkurowali. Ich ziemie s\u0105 lepsze, a poza tym oni energetyki j\u0105drowej si\u0119 nie bali i dzi\u015b o wiele zdrowsz\u0105 \u017cywno\u015b\u0107 od naszej b\u0119d\u0105 produkowali. Trzeba, \u017ceby\u015bmy w Unii Europejskiej zostali i na przetw\u00f3rstwie ich i naszych p\u0142od\u00f3w rolnych zarabiali. My w Radiu MARIA od o\u015bmiu lat<a href=\"https:\/\/htb.com.pl\/?product_cat=specyfiki-marysi\"> kosmetyki i specyfiki Marysi z Polesia<\/a> &nbsp;sprzedajemy i dlatego nadajemy.<\/p>\n\n\n\n<figure class=\"wp-block-image size-full\"><a href=\"http:\/\/radiomaria.com.pl\/wp-content\/uploads\/2022\/07\/Polesie.mp3\"><img loading=\"lazy\" decoding=\"async\" width=\"586\" height=\"313\" src=\"https:\/\/htb.com.pl\/wp-content\/uploads\/2023\/04\/mapa-polesiaFl.jpg\" alt=\"\" class=\"wp-image-84401\" srcset=\"https:\/\/htb.com.pl\/wp-content\/uploads\/2023\/04\/mapa-polesiaFl.jpg 586w, https:\/\/htb.com.pl\/wp-content\/uploads\/2023\/04\/mapa-polesiaFl-300x160.jpg 300w\" sizes=\"auto, (max-width: 586px) 100vw, 586px\" \/><\/a><\/figure>\n\n\n\n<p> Politycy, kt\u00f3rym ostatnio \u017ce\u015bcie zaufali, m\u00f3wi\u0105 wam, \u017ceby\u015bcie si\u0119 cofali. Uwa\u017cajcie, \u017ceby\u015bcie si\u0119 nie zacofali.<\/p>\n","protected":false},"excerpt":{"rendered":"<p>Tytu\u0142 to pytanie, na kt\u00f3re nawet Marysia odpowiedzi nie zna\u0142a, ale bardzo si\u0119 stara\u0142a, \u017ceby Polska sobie tu odpowiedzia\u0142a i ju\u017c tak potwornych b\u0142\u0119d\u00f3w nie pope\u0142nia\u0142a. Niestety przegra\u0142a, ale jak umiera\u0142a prosi\u0142a, \u017ceby mi\u0119dzynarodowa rozg\u0142o\u015bnia Radia Maria w Polsce by\u0142a i to czego ona zrobi\u0107 nie zd\u0105\u017cy\u0142a &#8211; doko\u0144czy\u0142a. Wtedy w 1987 roku tego nie [&hellip;]<\/p>\n","protected":false},"author":1,"featured_media":84399,"comment_status":"open","ping_status":"open","sticky":false,"template":"","format":"standard","meta":{"_jetpack_memberships_contains_paid_content":false,"footnotes":""},"categories":[4],"tags":[876],"class_list":["post-84384","post","type-post","status-publish","format-standard","has-post-thumbnail","hentry","category-daty-i-fakty-blog","tag-dlaczego-to-co-80-lat-temu-sie-zdarzylo"],"jetpack_sharing_enabled":true,"jetpack_featured_media_url":"https:\/\/htb.com.pl\/wp-content\/uploads\/2023\/04\/Kacz-w-Jan.png","_links":{"self":[{"href":"https:\/\/htb.com.pl\/index.php?rest_route=\/wp\/v2\/posts\/84384","targetHints":{"allow":["GET"]}}],"collection":[{"href":"https:\/\/htb.com.pl\/index.php?rest_route=\/wp\/v2\/posts"}],"about":[{"href":"https:\/\/htb.com.pl\/index.php?rest_route=\/wp\/v2\/types\/post"}],"author":[{"embeddable":true,"href":"https:\/\/htb.com.pl\/index.php?rest_route=\/wp\/v2\/users\/1"}],"replies":[{"embeddable":true,"href":"https:\/\/htb.com.pl\/index.php?rest_route=%2Fwp%2Fv2%2Fcomments&post=84384"}],"version-history":[{"count":12,"href":"https:\/\/htb.com.pl\/index.php?rest_route=\/wp\/v2\/posts\/84384\/revisions"}],"predecessor-version":[{"id":84437,"href":"https:\/\/htb.com.pl\/index.php?rest_route=\/wp\/v2\/posts\/84384\/revisions\/84437"}],"wp:featuredmedia":[{"embeddable":true,"href":"https:\/\/htb.com.pl\/index.php?rest_route=\/wp\/v2\/media\/84399"}],"wp:attachment":[{"href":"https:\/\/htb.com.pl\/index.php?rest_route=%2Fwp%2Fv2%2Fmedia&parent=84384"}],"wp:term":[{"taxonomy":"category","embeddable":true,"href":"https:\/\/htb.com.pl\/index.php?rest_route=%2Fwp%2Fv2%2Fcategories&post=84384"},{"taxonomy":"post_tag","embeddable":true,"href":"https:\/\/htb.com.pl\/index.php?rest_route=%2Fwp%2Fv2%2Ftags&post=84384"}],"curies":[{"name":"wp","href":"https:\/\/api.w.org\/{rel}","templated":true}]}}