{"id":84707,"date":"2023-04-30T08:15:06","date_gmt":"2023-04-30T08:15:06","guid":{"rendered":"https:\/\/htb.com.pl\/?p=84707"},"modified":"2023-04-30T08:53:48","modified_gmt":"2023-04-30T08:53:48","slug":"wigilia-swiat-polskiej-demokracji","status":"publish","type":"post","link":"https:\/\/htb.com.pl\/?p=84707","title":{"rendered":"Wigilia \u015awi\u0105t Polskiej Demokracji"},"content":{"rendered":"\n<p>  <\/p>\n\n\n\n<figure class=\"wp-block-image size-thumbnail\"><a href=\"https:\/\/htb.com.pl\/wp-content\/uploads\/2023\/04\/Wigilia-Swiat-Polskiej-Demokracji.mp3\"><img loading=\"lazy\" decoding=\"async\" width=\"150\" height=\"150\" src=\"https:\/\/htb.com.pl\/wp-content\/uploads\/2018\/04\/posluchaj-150x150.jpg\" alt=\"\" class=\"wp-image-2020\" srcset=\"https:\/\/htb.com.pl\/wp-content\/uploads\/2018\/04\/posluchaj-150x150.jpg 150w, https:\/\/htb.com.pl\/wp-content\/uploads\/2018\/04\/posluchaj-300x300.jpg 300w, https:\/\/htb.com.pl\/wp-content\/uploads\/2018\/04\/posluchaj-100x100.jpg 100w\" sizes=\"auto, (max-width: 150px) 100vw, 150px\" \/><\/a><\/figure>\n\n\n\n<p>Cotygodniowy wpis na blogu \u201eDaty i Fakty\u201d, kt\u00f3ry pokazuje \u015bwiat z perspektywy Marysi, (wcze\u015bniejsze wpisy) i jest jednocze\u015bnie cz\u0119\u015bci\u0105 archiwum Radia Maria \u2013 kt\u00f3re Marysia wymy\u015bli\u0142a, przysz\u0142o mi napisa\u0107 30 kwietnia. Na dzie\u0144, przed 19 rocznic\u0105 wst\u0105pienia Polski do Unii Europejskiej, Dniem Flagi Rzeczypospolitej Polskiej i \u015awi\u0119tem 3-go Maja.\u00a0 W 2004 roku spe\u0142ni\u0142o si\u0119 marzenie wielu pokole\u0144 Polak\u00f3w, Polska zosta\u0142a cz\u0119\u015bci\u0105 Unii Europejskiej. Spe\u0142ni\u0142o si\u0119 te\u017c cz\u0119\u015bciowo marzenie Marysi, Ona jeszcze Polesie we wsp\u00f3lnej Europie widzia\u0142a. Chcia\u0142a, \u017ceby Europa Polesiu w neutralizacji skutk\u00f3w katastrofy w Czarnobylu pomaga\u0142a i przyk\u0142ad, jak chodzi o ekologi\u0119 z Polesia bra\u0142a. Wtedy Europa jej nie rozumia\u0142a \u00a0&#8211; Ren sobie wybetonowa\u0142a, ale jak chodzi o Czarnobyl, sarkofag nad reaktorem wybudowa\u0142a. Dzi\u015b zrozumia\u0142a, (cho\u0107 nie ca\u0142a) <a href=\"http:\/\/radiomaria.com.pl\/wp-content\/uploads\/2023\/04\/30.04.Polski-rosyjskie-towarzystwo.mp3\"><img loading=\"lazy\" decoding=\"async\" width=\"150\" height=\"116\" class=\"wp-image-79252\" style=\"width: 150px;\" src=\"https:\/\/htb.com.pl\/wp-content\/uploads\/2023\/01\/Spoptkanie.png\" alt=\"\" srcset=\"https:\/\/htb.com.pl\/wp-content\/uploads\/2023\/01\/Spoptkanie.png 852w, https:\/\/htb.com.pl\/wp-content\/uploads\/2023\/01\/Spoptkanie-300x233.png 300w, https:\/\/htb.com.pl\/wp-content\/uploads\/2023\/01\/Spoptkanie-768x596.png 768w, https:\/\/htb.com.pl\/wp-content\/uploads\/2023\/01\/Spoptkanie-600x465.png 600w\" sizes=\"auto, (max-width: 150px) 100vw, 150px\" \/><\/a> i teraz jak Polesie by by\u0107 chcia\u0142a. Ta cz\u0119\u015b\u0107 Europy, kt\u00f3ra tu Marysi nie zrozumia\u0142a w Polsce do w\u0142adzy si\u0119 dorwa\u0142a i zdecydowa\u0142a, \u017ce Polska naszej planety przed ociepleniem klimatu nie b\u0119dzie ratowa\u0142a &#8211; bo jest za ma\u0142a. To prawda, ale Polska jest cz\u0119\u015bci\u0105 Unii Europejskiej \u2013 jeste\u015bmy pot\u0119g\u0105 \u2013 ale rzeczywi\u015bcie, jakby Polska wsp\u00f3lnot\u0119 europejsk\u0105 opu\u015bci\u0107 chcia\u0142a- b\u0119dzie ma\u0142a.<\/p>\n\n\n\n<p>&nbsp; Nie pierwszy raz \u201eludzie mali\u201d zdecydowali, \u017ce jako kraj b\u0119dziemy si\u0119 izolowali. <a href=\"http:\/\/radiomaria.com.pl\/wp-content\/uploads\/2023\/03\/25.04.-Kaczynski.mp3\"><img loading=\"lazy\" decoding=\"async\" width=\"150\" height=\"100\" class=\"wp-image-84712\" style=\"width: 150px;\" src=\"https:\/\/htb.com.pl\/wp-content\/uploads\/2023\/04\/Kaczynskiw-akademii-wojskowej.png\" alt=\"\" srcset=\"https:\/\/htb.com.pl\/wp-content\/uploads\/2023\/04\/Kaczynskiw-akademii-wojskowej.png 925w, https:\/\/htb.com.pl\/wp-content\/uploads\/2023\/04\/Kaczynskiw-akademii-wojskowej-300x199.png 300w, https:\/\/htb.com.pl\/wp-content\/uploads\/2023\/04\/Kaczynskiw-akademii-wojskowej-768x511.png 768w, https:\/\/htb.com.pl\/wp-content\/uploads\/2023\/04\/Kaczynskiw-akademii-wojskowej-600x399.png 600w\" sizes=\"auto, (max-width: 150px) 100vw, 150px\" \/><\/a> W 1939 roku przez takie my\u015blenie rz\u0105dz\u0105cych \u017ce\u015bmy przegrali, potem na chwil\u0119 \u017ce\u015bmy powstali &#8211; ale jak genera\u0142a W\u0142adys\u0142awa Sikorskiego w Gibraltarze \u017ce\u015bmy zamordowali (4 lipca 1943 roku) \u2013 dopiero Ko\u015bciuszkowcy nas wyratowali. 2 maja 1945 roku, gdy Berlin zdobywali i Polsk\u0105 Bia\u0142o Czerwon\u0105 Flag\u0119 na Berli\u0144skiej Kolumnie Zwyci\u0119stwa wieszali, nie przypuszczali, \u017ce kiedy\u015b \u201eludzie mali\u201d, to ich zwyci\u0119stwo z historii b\u0119d\u0105 wymazywali.<\/p>\n\n\n\n<p>&nbsp; Marysia to wiedzia\u0142a i 2 maja 1987 roku powiedzia\u0142a, \u017ce kiedy\u015b ten dzie\u0144 Polska \u015awi\u0119tem Flagi b\u0119dzie nazywa\u0142a. Tak si\u0119 sta\u0142o w 2004 roku, 7 lat po \u015bmierci Marysi Polska tak zdecydowa\u0142a. Dobrze by by\u0142o, \u017ceby dzi\u015b, gdy Dzie\u0144 Flagi Rzeczypospolitej Polskiej b\u0119dzie \u015bwi\u0119towa\u0142a, o Ko\u015bciuszkowcach pami\u0119ta\u0142a.<\/p>\n","protected":false},"excerpt":{"rendered":"<p>Cotygodniowy wpis na blogu \u201eDaty i Fakty\u201d, kt\u00f3ry pokazuje \u015bwiat z perspektywy Marysi, (wcze\u015bniejsze wpisy) i jest jednocze\u015bnie cz\u0119\u015bci\u0105 archiwum Radia Maria \u2013 kt\u00f3re Marysia wymy\u015bli\u0142a, przysz\u0142o mi napisa\u0107 30 kwietnia. Na dzie\u0144, przed 19 rocznic\u0105 wst\u0105pienia Polski do Unii Europejskiej, Dniem Flagi Rzeczypospolitej Polskiej i \u015awi\u0119tem 3-go Maja.\u00a0 W 2004 roku spe\u0142ni\u0142o si\u0119 marzenie [&hellip;]<\/p>\n","protected":false},"author":1,"featured_media":45075,"comment_status":"open","ping_status":"open","sticky":false,"template":"","format":"standard","meta":{"_jetpack_memberships_contains_paid_content":false,"footnotes":""},"categories":[4],"tags":[877],"class_list":["post-84707","post","type-post","status-publish","format-standard","has-post-thumbnail","hentry","category-daty-i-fakty-blog","tag-wigilia-swiat-polskiej-demokracji"],"jetpack_sharing_enabled":true,"jetpack_featured_media_url":"https:\/\/htb.com.pl\/wp-content\/uploads\/2021\/05\/Flaga.jpg","_links":{"self":[{"href":"https:\/\/htb.com.pl\/index.php?rest_route=\/wp\/v2\/posts\/84707","targetHints":{"allow":["GET"]}}],"collection":[{"href":"https:\/\/htb.com.pl\/index.php?rest_route=\/wp\/v2\/posts"}],"about":[{"href":"https:\/\/htb.com.pl\/index.php?rest_route=\/wp\/v2\/types\/post"}],"author":[{"embeddable":true,"href":"https:\/\/htb.com.pl\/index.php?rest_route=\/wp\/v2\/users\/1"}],"replies":[{"embeddable":true,"href":"https:\/\/htb.com.pl\/index.php?rest_route=%2Fwp%2Fv2%2Fcomments&post=84707"}],"version-history":[{"count":7,"href":"https:\/\/htb.com.pl\/index.php?rest_route=\/wp\/v2\/posts\/84707\/revisions"}],"predecessor-version":[{"id":84721,"href":"https:\/\/htb.com.pl\/index.php?rest_route=\/wp\/v2\/posts\/84707\/revisions\/84721"}],"wp:featuredmedia":[{"embeddable":true,"href":"https:\/\/htb.com.pl\/index.php?rest_route=\/wp\/v2\/media\/45075"}],"wp:attachment":[{"href":"https:\/\/htb.com.pl\/index.php?rest_route=%2Fwp%2Fv2%2Fmedia&parent=84707"}],"wp:term":[{"taxonomy":"category","embeddable":true,"href":"https:\/\/htb.com.pl\/index.php?rest_route=%2Fwp%2Fv2%2Fcategories&post=84707"},{"taxonomy":"post_tag","embeddable":true,"href":"https:\/\/htb.com.pl\/index.php?rest_route=%2Fwp%2Fv2%2Ftags&post=84707"}],"curies":[{"name":"wp","href":"https:\/\/api.w.org\/{rel}","templated":true}]}}