{"id":85050,"date":"2023-05-07T10:18:53","date_gmt":"2023-05-07T10:18:53","guid":{"rendered":"https:\/\/htb.com.pl\/?p=85050"},"modified":"2023-05-07T11:51:16","modified_gmt":"2023-05-07T11:51:16","slug":"koronacja-karola-iii-w-odniesieniu-do-panstwa-polskiego","status":"publish","type":"post","link":"https:\/\/htb.com.pl\/?p=85050","title":{"rendered":"Koronacja Karola III w odniesieniu do Pa\u0144stwa Polskiego"},"content":{"rendered":"\n<p><\/p>\n\n\n\n<figure class=\"wp-block-image size-thumbnail\"><a href=\"https:\/\/htb.com.pl\/wp-content\/uploads\/2023\/05\/Koronacja-Karola-III-w-odniesieniu-do-Panstwa-Polskiego.mp3\"><img loading=\"lazy\" decoding=\"async\" width=\"150\" height=\"150\" src=\"https:\/\/htb.com.pl\/wp-content\/uploads\/2018\/04\/posluchaj-150x150.jpg\" alt=\"\" class=\"wp-image-2020\" srcset=\"https:\/\/htb.com.pl\/wp-content\/uploads\/2018\/04\/posluchaj-150x150.jpg 150w, https:\/\/htb.com.pl\/wp-content\/uploads\/2018\/04\/posluchaj-300x300.jpg 300w, https:\/\/htb.com.pl\/wp-content\/uploads\/2018\/04\/posluchaj-100x100.jpg 100w\" sizes=\"auto, (max-width: 150px) 100vw, 150px\" \/><\/a><\/figure>\n\n\n\n<p>Karol III panowanie rozpocz\u0105\u0142 8 wrze\u015bnia 2022 roku, w dniu \u015bmierci El\u017cbiety II, jego matki i najd\u0142u\u017cej panuj\u0105cego w historii Wielkiej Brytanii monarchy (El\u017cbieta II by\u0142a kr\u00f3low\u0105 przez ponad 70 lat). 6 maja Londyn i \u015bwiat s\u0105 \u015bwiadkami koronacji nowego kr\u00f3la.<\/p>\n\n\n\n<figure class=\"wp-block-image size-full\"><a href=\"http:\/\/radiomaria.com.pl\/wp-content\/uploads\/2023\/05\/07.05.-Koronacja-Karola-III.mp3\"><img loading=\"lazy\" decoding=\"async\" width=\"898\" height=\"542\" src=\"https:\/\/htb.com.pl\/wp-content\/uploads\/2023\/05\/Korona.png\" alt=\"\" class=\"wp-image-85069\" srcset=\"https:\/\/htb.com.pl\/wp-content\/uploads\/2023\/05\/Korona.png 898w, https:\/\/htb.com.pl\/wp-content\/uploads\/2023\/05\/Korona-300x181.png 300w, https:\/\/htb.com.pl\/wp-content\/uploads\/2023\/05\/Korona-768x464.png 768w, https:\/\/htb.com.pl\/wp-content\/uploads\/2023\/05\/Korona-600x362.png 600w\" sizes=\"auto, (max-width: 898px) 100vw, 898px\" \/><\/a><\/figure>\n\n\n\n<p>W Radiu MARIA pokazujemy \u015bwiat z perspektywy Marysi, (wcze\u015bniejsze wpisy). W 1987 roku zadano jej pytanie; jaka ma by\u015b nasza Konstytucja, kto ma &nbsp;nas reprezentowa\u0107? Marysia powiedzia\u0142a, \u017ce niczego tu nie trzeba zmienia\u0107, tylko pierwszy sekretarz PZPR, teraz ma si\u0119 nazywa\u0107 prezydent i ma by\u0107 jak \u201edobry kr\u00f3l\u201d. A demokracja? Dopytywali zaskoczeni s\u0142uchacze. Najpierw edukacja, potem demokracja, inaczej wr\u00f3ci sanacja \u2013 powiedzia\u0142a Marysia.<\/p>\n\n\n\n<p>&nbsp; Do\u015b\u0107 szybko zrozumia\u0142em drug\u0105 cz\u0119\u015b\u0107 tej wypowiedzi, t\u0119 o sanacji, ale zawsze wydawa\u0142o mi si\u0119, \u017ce przyk\u0142adem \u201edobrego kr\u00f3la\u201d, by\u0142 dla Marysi Papie\u017c Jan Pawe\u0142 II. Teraz przysz\u0142o mi do g\u0142owy, \u017ce mog\u0142a my\u015ble\u0107 o Monarchii Brytyjskiej \u2013 Majka by\u0142a poddan\u0105 Kr\u00f3lowej El\u017cbiety II i widzia\u0142a jak to dzia\u0142a, gdy Margaret Thatcher niepopularne reformy wprowadza\u0142a, a Kr\u00f3lowa El\u017cbieta II sw\u00f3j autorytet zachowa\u0142a. Dlatego w\u0142a\u015bnie prezydenta Polski w wyborach parlamentarnych wybiera\u0107 proponowa\u0142a, \u017ceby funkcja premiera si\u0119 &nbsp;nie dublowa\u0142a.&nbsp;<a href=\"http:\/\/radiomaria.com.pl\/wp-content\/uploads\/2023\/05\/05.05.Blaszczak-na-prezydenta-RP.mp3\"><img loading=\"lazy\" decoding=\"async\" width=\"150\" height=\"83\" class=\"wp-image-85064\" style=\"width: 150px;\" src=\"https:\/\/htb.com.pl\/wp-content\/uploads\/2023\/05\/Blaszczak.png\" alt=\"\" srcset=\"https:\/\/htb.com.pl\/wp-content\/uploads\/2023\/05\/Blaszczak.png 752w, https:\/\/htb.com.pl\/wp-content\/uploads\/2023\/05\/Blaszczak-300x166.png 300w, https:\/\/htb.com.pl\/wp-content\/uploads\/2023\/05\/Blaszczak-600x333.png 600w\" sizes=\"auto, (max-width: 150px) 100vw, 150px\" \/><\/a> Niestety, Polska jej tu nie pos\u0142ucha\u0142a i dzi\u015b w Polsce anarchia zapanowa\u0142a. <a href=\"http:\/\/radiomaria.com.pl\/wp-content\/uploads\/2023\/05\/05.05.-Front-Morges.mp3\"><img loading=\"lazy\" decoding=\"async\" width=\"150\" height=\"69\" class=\"wp-image-85066\" style=\"width: 150px;\" src=\"https:\/\/htb.com.pl\/wp-content\/uploads\/2023\/05\/Atryb.png\" alt=\"\" srcset=\"https:\/\/htb.com.pl\/wp-content\/uploads\/2023\/05\/Atryb.png 681w, https:\/\/htb.com.pl\/wp-content\/uploads\/2023\/05\/Atryb-300x137.png 300w, https:\/\/htb.com.pl\/wp-content\/uploads\/2023\/05\/Atryb-600x275.png 600w\" sizes=\"auto, (max-width: 150px) 100vw, 150px\" \/><\/a><\/p>\n\n\n\n<p>&nbsp; A oto jak 19 rocznic\u0119 wst\u0105pienia do Unii Europejskiej, Dzie\u0144 Flagi Rzeczpospolitej Polskiej i \u015awi\u0119to Konstytucji-3 go Maja Polska \u015bwi\u0119towa\u0142a.<\/p>\n\n\n\n<p>&nbsp; Zdj\u0119cia s\u0105 aktywne, klikaj\u0105c je mo\u017cemy pos\u0142ucha\u0107, co rozg\u0142o\u015bnia, kt\u00f3r\u0105 Marysia wymy\u015bli\u0142a relacjonowa\u0142a.<\/p>\n\n\n\n<h2 class=\"wp-block-heading\">Maj\u00f3wka dzie\u0144 pierwszy<\/h2>\n\n\n\n<figure class=\"wp-block-image size-full\"><a href=\"http:\/\/radiomaria.com.pl\/wp-content\/uploads\/2023\/05\/0205.-Majowka-dzien-1.mp3\"><img loading=\"lazy\" decoding=\"async\" width=\"987\" height=\"740\" src=\"https:\/\/htb.com.pl\/wp-content\/uploads\/2023\/05\/Rzeszow-1maly.jpg\" alt=\"\" class=\"wp-image-85052\" srcset=\"https:\/\/htb.com.pl\/wp-content\/uploads\/2023\/05\/Rzeszow-1maly.jpg 987w, https:\/\/htb.com.pl\/wp-content\/uploads\/2023\/05\/Rzeszow-1maly-300x225.jpg 300w, https:\/\/htb.com.pl\/wp-content\/uploads\/2023\/05\/Rzeszow-1maly-768x576.jpg 768w, https:\/\/htb.com.pl\/wp-content\/uploads\/2023\/05\/Rzeszow-1maly-600x450.jpg 600w\" sizes=\"auto, (max-width: 987px) 100vw, 987px\" \/><\/a><figcaption class=\"wp-element-caption\">19-st\u0105 rocznic\u0119 wst\u0105pienia Polski do UE, \u015bwi\u0119towali\u015bmy z Dorotka w Rzeszowie<\/figcaption><\/figure>\n\n\n\n<h2 class=\"wp-block-heading\">Dzie\u0144 Flagi Rzeczpospolitej Polskiej w Tuszowie Narodowym<\/h2>\n\n\n\n<figure class=\"wp-block-image size-large\"><a href=\"http:\/\/radiomaria.com.pl\/wp-content\/uploads\/2023\/05\/Wywiad-z-Pania-Sekretarz-Gminy-w-Tuszowie-Narodowym.mp3\"><img loading=\"lazy\" decoding=\"async\" width=\"1024\" height=\"157\" src=\"https:\/\/htb.com.pl\/wp-content\/uploads\/2023\/05\/Tuszow-panorama-rotated-1-1024x157.jpg\" alt=\"\" class=\"wp-image-85054\" srcset=\"https:\/\/htb.com.pl\/wp-content\/uploads\/2023\/05\/Tuszow-panorama-rotated-1-1024x157.jpg 1024w, https:\/\/htb.com.pl\/wp-content\/uploads\/2023\/05\/Tuszow-panorama-rotated-1-300x46.jpg 300w, https:\/\/htb.com.pl\/wp-content\/uploads\/2023\/05\/Tuszow-panorama-rotated-1-768x118.jpg 768w, https:\/\/htb.com.pl\/wp-content\/uploads\/2023\/05\/Tuszow-panorama-rotated-1-600x92.jpg 600w, https:\/\/htb.com.pl\/wp-content\/uploads\/2023\/05\/Tuszow-panorama-rotated-1.jpg 1110w\" sizes=\"auto, (max-width: 1024px) 100vw, 1024px\" \/><\/a><figcaption class=\"wp-element-caption\">Panorama Placu genera\u0142a W\u0142adys\u0142awa Sikorskiego w Tuszowie Narodowym<\/figcaption><\/figure>\n\n\n\n<figure class=\"wp-block-image size-full\"><a href=\"http:\/\/radiomaria.com.pl\/wp-content\/uploads\/2023\/05\/Norbert-Smola-Smolinski-wywiad.mp3\"><img loading=\"lazy\" decoding=\"async\" width=\"861\" height=\"482\" src=\"https:\/\/htb.com.pl\/wp-content\/uploads\/2023\/05\/Smola.png\" alt=\"\" class=\"wp-image-85060\" srcset=\"https:\/\/htb.com.pl\/wp-content\/uploads\/2023\/05\/Smola.png 861w, https:\/\/htb.com.pl\/wp-content\/uploads\/2023\/05\/Smola-300x168.png 300w, https:\/\/htb.com.pl\/wp-content\/uploads\/2023\/05\/Smola-768x430.png 768w, https:\/\/htb.com.pl\/wp-content\/uploads\/2023\/05\/Smola-600x336.png 600w\" sizes=\"auto, (max-width: 861px) 100vw, 861px\" \/><\/a><figcaption class=\"wp-element-caption\">Norbert &#8220;Smo\u0142a&#8221; Smoli\u0144ski w Ko\u015bciele Parafialnym pod wezwaniem Matki Bo\u017cej Wspomo\u017cenia Wiernych w Tuszowie Narodowym<\/figcaption><\/figure>\n\n\n\n<figure class=\"wp-block-image size-full\"><a href=\"http:\/\/radiomaria.com.pl\/wp-content\/uploads\/2023\/05\/04.05.-Konstytucja-3-go-Maja.mp3\"><img loading=\"lazy\" decoding=\"async\" width=\"605\" height=\"240\" src=\"https:\/\/htb.com.pl\/wp-content\/uploads\/2023\/05\/240_F_260078138_yJXQWY8ILlSFnfsGxQwSJYJlreIo5V3t.jpg\" alt=\"\" class=\"wp-image-85062\" srcset=\"https:\/\/htb.com.pl\/wp-content\/uploads\/2023\/05\/240_F_260078138_yJXQWY8ILlSFnfsGxQwSJYJlreIo5V3t.jpg 605w, https:\/\/htb.com.pl\/wp-content\/uploads\/2023\/05\/240_F_260078138_yJXQWY8ILlSFnfsGxQwSJYJlreIo5V3t-300x119.jpg 300w, https:\/\/htb.com.pl\/wp-content\/uploads\/2023\/05\/240_F_260078138_yJXQWY8ILlSFnfsGxQwSJYJlreIo5V3t-600x238.jpg 600w\" sizes=\"auto, (max-width: 605px) 100vw, 605px\" \/><\/a><\/figure>\n","protected":false},"excerpt":{"rendered":"<p>Karol III panowanie rozpocz\u0105\u0142 8 wrze\u015bnia 2022 roku, w dniu \u015bmierci El\u017cbiety II, jego matki i najd\u0142u\u017cej panuj\u0105cego w historii Wielkiej Brytanii monarchy (El\u017cbieta II by\u0142a kr\u00f3low\u0105 przez ponad 70 lat). 6 maja Londyn i \u015bwiat s\u0105 \u015bwiadkami koronacji nowego kr\u00f3la. W Radiu MARIA pokazujemy \u015bwiat z perspektywy Marysi, (wcze\u015bniejsze wpisy). W 1987 roku zadano [&hellip;]<\/p>\n","protected":false},"author":1,"featured_media":85071,"comment_status":"open","ping_status":"open","sticky":false,"template":"","format":"standard","meta":{"_jetpack_memberships_contains_paid_content":false,"footnotes":""},"categories":[4],"tags":[878],"class_list":["post-85050","post","type-post","status-publish","format-standard","has-post-thumbnail","hentry","category-daty-i-fakty-blog","tag-koronacja-karola-iii-w-odniesieniu-do-panstwa-polskiego"],"jetpack_sharing_enabled":true,"jetpack_featured_media_url":"https:\/\/htb.com.pl\/wp-content\/uploads\/2023\/05\/Koronamaly.png","_links":{"self":[{"href":"https:\/\/htb.com.pl\/index.php?rest_route=\/wp\/v2\/posts\/85050","targetHints":{"allow":["GET"]}}],"collection":[{"href":"https:\/\/htb.com.pl\/index.php?rest_route=\/wp\/v2\/posts"}],"about":[{"href":"https:\/\/htb.com.pl\/index.php?rest_route=\/wp\/v2\/types\/post"}],"author":[{"embeddable":true,"href":"https:\/\/htb.com.pl\/index.php?rest_route=\/wp\/v2\/users\/1"}],"replies":[{"embeddable":true,"href":"https:\/\/htb.com.pl\/index.php?rest_route=%2Fwp%2Fv2%2Fcomments&post=85050"}],"version-history":[{"count":12,"href":"https:\/\/htb.com.pl\/index.php?rest_route=\/wp\/v2\/posts\/85050\/revisions"}],"predecessor-version":[{"id":85076,"href":"https:\/\/htb.com.pl\/index.php?rest_route=\/wp\/v2\/posts\/85050\/revisions\/85076"}],"wp:featuredmedia":[{"embeddable":true,"href":"https:\/\/htb.com.pl\/index.php?rest_route=\/wp\/v2\/media\/85071"}],"wp:attachment":[{"href":"https:\/\/htb.com.pl\/index.php?rest_route=%2Fwp%2Fv2%2Fmedia&parent=85050"}],"wp:term":[{"taxonomy":"category","embeddable":true,"href":"https:\/\/htb.com.pl\/index.php?rest_route=%2Fwp%2Fv2%2Fcategories&post=85050"},{"taxonomy":"post_tag","embeddable":true,"href":"https:\/\/htb.com.pl\/index.php?rest_route=%2Fwp%2Fv2%2Ftags&post=85050"}],"curies":[{"name":"wp","href":"https:\/\/api.w.org\/{rel}","templated":true}]}}