{"id":85409,"date":"2023-05-14T08:44:37","date_gmt":"2023-05-14T08:44:37","guid":{"rendered":"https:\/\/htb.com.pl\/?p=85409"},"modified":"2023-05-14T09:23:17","modified_gmt":"2023-05-14T09:23:17","slug":"szkolenie-pojedynczego-zolnierza","status":"publish","type":"post","link":"https:\/\/htb.com.pl\/?p=85409","title":{"rendered":"Szkolenie pojedynczego \u017co\u0142nierza"},"content":{"rendered":"\n<p>  <\/p>\n\n\n\n<p><\/p>\n\n\n\n<figure class=\"wp-block-image size-thumbnail\"><a href=\"https:\/\/htb.com.pl\/wp-content\/uploads\/2023\/05\/Szkolenie-pojedynczego-zolnierza.mp3\"><img loading=\"lazy\" decoding=\"async\" width=\"150\" height=\"150\" src=\"https:\/\/htb.com.pl\/wp-content\/uploads\/2018\/04\/posluchaj-150x150.jpg\" alt=\"\" class=\"wp-image-2020\" srcset=\"https:\/\/htb.com.pl\/wp-content\/uploads\/2018\/04\/posluchaj-150x150.jpg 150w, https:\/\/htb.com.pl\/wp-content\/uploads\/2018\/04\/posluchaj-300x300.jpg 300w, https:\/\/htb.com.pl\/wp-content\/uploads\/2018\/04\/posluchaj-100x100.jpg 100w\" sizes=\"auto, (max-width: 150px) 100vw, 150px\" \/><\/a><\/figure>\n\n\n\n<p>Wpis po\u015bwi\u0119cony Panu Micha\u0142owi, nie\u017cyj\u0105cemu ju\u017c s\u0142uchaczowi Radia MARIA.<\/p>\n\n\n\n<p>&nbsp; Jaki\u015b czas temu, Pan ten poprosi\u0142 mnie , abym zapyta\u0142 duchownego ko\u015bcio\u0142a rzymskokatolickiego, dlaczego bierze udzia\u0142 w ods\u0142anianiu Pomnika \u017bo\u0142nierzy Niez\u0142omnych w Mielcu, w kontek\u015bcie pot\u0119pienia tego podziemia niepodleg\u0142o\u015bciowego przez Kardyna\u0142a Wyszy\u0144skiego z roku 1950.&nbsp;<\/p>\n\n\n\n<p>&nbsp; To si\u0119 nie do ko\u0144ca uda\u0142o, ale s\u0142uchaczowi co\u015b jeszcze si\u0119 nie spodoba\u0142o. To, jak towarzystwo podczas tej uroczysto\u015bci maszerowa\u0142o. I to zar\u00f3wno kompania reprezentacyjna, grupy rekonstruktorskie oraz uczniowie klas mundurowych. Panu chodzi\u0142o o \u0142okie\u0107, kt\u00f3ry w polskim wojsku zgina si\u0119 i wystawia do przodu \u2013 to jest naturalne. W wi\u0119kszo\u015bci armii \u017co\u0142nierze nie zginaj\u0105 r\u0119ki w \u0142okciu i machaj\u0105 r\u0119kami jak roboty. Pan Micha\u0142 twierdzi\u0142, \u017ce szkolenie pojedynczego \u017co\u0142nierza w Polskiej Armii \u201ele\u017cy\u201d. Postanowi\u0142em obali\u0107 jego tez\u0119, ale nikt &nbsp;nie chcia\u0142 ze mn\u0105 o tym rozmawia\u0107. Rozumiem pedagog\u00f3w &#8211; oni maj\u0105 ministra Czarnka. Zdziwi\u0142a mnie jednak reakcja Pani ppor. Magdaleny Mac- Rzecznika Prasowego 3PBOT <a href=\"http:\/\/radiomaria.com.pl\/wp-content\/uploads\/2023\/05\/14.05.-Ruscy-leca-z-nami-w-balona.mp3\"><img loading=\"lazy\" decoding=\"async\" width=\"150\" height=\"85\" class=\"wp-image-85412\" style=\"width: 150px;\" src=\"https:\/\/htb.com.pl\/wp-content\/uploads\/2023\/05\/Terytorialsi.jpg\" alt=\"\" srcset=\"https:\/\/htb.com.pl\/wp-content\/uploads\/2023\/05\/Terytorialsi.jpg 980w, https:\/\/htb.com.pl\/wp-content\/uploads\/2023\/05\/Terytorialsi-300x169.jpg 300w, https:\/\/htb.com.pl\/wp-content\/uploads\/2023\/05\/Terytorialsi-768x433.jpg 768w, https:\/\/htb.com.pl\/wp-content\/uploads\/2023\/05\/Terytorialsi-600x339.jpg 600w\" sizes=\"auto, (max-width: 150px) 100vw, 150px\" \/><\/a> w Rzeszowie. Pani kategorycznie odm\u00f3wi\u0142a rozmowy na temat tego, co zobaczy\u0142a. A zobaczy\u0142a m\u00f3j film \u2013 o kt\u00f3ry wcze\u015bniej poprosi\u0142a, a na kt\u00f3rym wspomniana wcze\u015bniej kolumna maszerowa\u0142a i r\u0119ki w \u0142okciu nie zgina\u0142a.<\/p>\n\n\n\n<p>&nbsp; Sytuacja, jaka ostatnio si\u0119 zdarzy\u0142a, \u017ce Polska Armia kolejnych rosyjskich atak\u00f3w na nasz kraj nie zauwa\u017cy\u0142a, <a href=\"http:\/\/radiomaria.com.pl\/wp-content\/uploads\/2023\/05\/12.05.Ruska-rakieta-spadla-w-Polsce.mp3\"><img loading=\"lazy\" decoding=\"async\" width=\"150\" height=\"80\" class=\"wp-image-85414\" style=\"width: 150px;\" src=\"https:\/\/htb.com.pl\/wp-content\/uploads\/2023\/05\/ZamoscB.png\" alt=\"\" srcset=\"https:\/\/htb.com.pl\/wp-content\/uploads\/2023\/05\/ZamoscB.png 826w, https:\/\/htb.com.pl\/wp-content\/uploads\/2023\/05\/ZamoscB-300x160.png 300w, https:\/\/htb.com.pl\/wp-content\/uploads\/2023\/05\/ZamoscB-768x410.png 768w, https:\/\/htb.com.pl\/wp-content\/uploads\/2023\/05\/ZamoscB-600x320.png 600w\" sizes=\"auto, (max-width: 150px) 100vw, 150px\" \/><\/a> obawy mojego s\u0142uchacza potwierdzi\u0142a. Je\u017celi ta armia do czego\u015b b\u0119dzie s\u0142u\u017cy\u0142a, to tylko do tego, \u017ceby w\u0142adza w Polsce si\u0119 nie zmieni\u0142a. <a href=\"http:\/\/radiomaria.com.pl\/wp-content\/uploads\/2023\/05\/09.05.-Panstwo-w-ruinie.mp3\"><img loading=\"lazy\" decoding=\"async\" width=\"150\" height=\"82\" class=\"wp-image-85416\" style=\"width: 150px;\" src=\"https:\/\/htb.com.pl\/wp-content\/uploads\/2023\/05\/Atrybunalmaly.png\" alt=\"\" srcset=\"https:\/\/htb.com.pl\/wp-content\/uploads\/2023\/05\/Atrybunalmaly.png 982w, https:\/\/htb.com.pl\/wp-content\/uploads\/2023\/05\/Atrybunalmaly-300x163.png 300w, https:\/\/htb.com.pl\/wp-content\/uploads\/2023\/05\/Atrybunalmaly-768x418.png 768w, https:\/\/htb.com.pl\/wp-content\/uploads\/2023\/05\/Atrybunalmaly-600x326.png 600w\" sizes=\"auto, (max-width: 150px) 100vw, 150px\" \/><\/a> Szkoda \u2013 bo to ta armia 78 lat temu Berlin zdoby\u0142a <a href=\"http:\/\/radiomaria.com.pl\/wp-content\/uploads\/2023\/05\/08.05.-78-rocznica-zaknczenia-II-wojny-swiatowej.mp3\"><img loading=\"lazy\" decoding=\"async\" width=\"150\" height=\"84\" class=\"wp-image-85418\" style=\"width: 150px;\" src=\"https:\/\/htb.com.pl\/wp-content\/uploads\/2023\/05\/Koniec.png\" alt=\"\" srcset=\"https:\/\/htb.com.pl\/wp-content\/uploads\/2023\/05\/Koniec.png 751w, https:\/\/htb.com.pl\/wp-content\/uploads\/2023\/05\/Koniec-300x168.png 300w, https:\/\/htb.com.pl\/wp-content\/uploads\/2023\/05\/Koniec-600x336.png 600w\" sizes=\"auto, (max-width: 150px) 100vw, 150px\" \/><\/a> \u2013 rocznica by\u0142a. Chcia\u0142em zapyta\u0107 Pani\u0105 rzecznik, czy to zauwa\u017cy\u0142a?<\/p>\n","protected":false},"excerpt":{"rendered":"<p>Wpis po\u015bwi\u0119cony Panu Micha\u0142owi, nie\u017cyj\u0105cemu ju\u017c s\u0142uchaczowi Radia MARIA. &nbsp; Jaki\u015b czas temu, Pan ten poprosi\u0142 mnie , abym zapyta\u0142 duchownego ko\u015bcio\u0142a rzymskokatolickiego, dlaczego bierze udzia\u0142 w ods\u0142anianiu Pomnika \u017bo\u0142nierzy Niez\u0142omnych w Mielcu, w kontek\u015bcie pot\u0119pienia tego podziemia niepodleg\u0142o\u015bciowego przez Kardyna\u0142a Wyszy\u0144skiego z roku 1950.&nbsp; &nbsp; To si\u0119 nie do ko\u0144ca uda\u0142o, ale s\u0142uchaczowi co\u015b [&hellip;]<\/p>\n","protected":false},"author":1,"featured_media":85418,"comment_status":"open","ping_status":"open","sticky":false,"template":"","format":"standard","meta":{"_jetpack_memberships_contains_paid_content":false,"footnotes":""},"categories":[4],"tags":[881],"class_list":["post-85409","post","type-post","status-publish","format-standard","has-post-thumbnail","hentry","category-daty-i-fakty-blog","tag-szkolenie-pojedynczego-zolnierza"],"jetpack_sharing_enabled":true,"jetpack_featured_media_url":"https:\/\/htb.com.pl\/wp-content\/uploads\/2023\/05\/Koniec.png","_links":{"self":[{"href":"https:\/\/htb.com.pl\/index.php?rest_route=\/wp\/v2\/posts\/85409","targetHints":{"allow":["GET"]}}],"collection":[{"href":"https:\/\/htb.com.pl\/index.php?rest_route=\/wp\/v2\/posts"}],"about":[{"href":"https:\/\/htb.com.pl\/index.php?rest_route=\/wp\/v2\/types\/post"}],"author":[{"embeddable":true,"href":"https:\/\/htb.com.pl\/index.php?rest_route=\/wp\/v2\/users\/1"}],"replies":[{"embeddable":true,"href":"https:\/\/htb.com.pl\/index.php?rest_route=%2Fwp%2Fv2%2Fcomments&post=85409"}],"version-history":[{"count":8,"href":"https:\/\/htb.com.pl\/index.php?rest_route=\/wp\/v2\/posts\/85409\/revisions"}],"predecessor-version":[{"id":85425,"href":"https:\/\/htb.com.pl\/index.php?rest_route=\/wp\/v2\/posts\/85409\/revisions\/85425"}],"wp:featuredmedia":[{"embeddable":true,"href":"https:\/\/htb.com.pl\/index.php?rest_route=\/wp\/v2\/media\/85418"}],"wp:attachment":[{"href":"https:\/\/htb.com.pl\/index.php?rest_route=%2Fwp%2Fv2%2Fmedia&parent=85409"}],"wp:term":[{"taxonomy":"category","embeddable":true,"href":"https:\/\/htb.com.pl\/index.php?rest_route=%2Fwp%2Fv2%2Fcategories&post=85409"},{"taxonomy":"post_tag","embeddable":true,"href":"https:\/\/htb.com.pl\/index.php?rest_route=%2Fwp%2Fv2%2Ftags&post=85409"}],"curies":[{"name":"wp","href":"https:\/\/api.w.org\/{rel}","templated":true}]}}