{"id":86200,"date":"2023-05-04T09:38:38","date_gmt":"2023-05-04T09:38:38","guid":{"rendered":"https:\/\/htb.com.pl\/?p=86200"},"modified":"2023-05-30T09:41:02","modified_gmt":"2023-05-30T09:41:02","slug":"dzien-flagi-rzeczpospolitej-polskiej-w-tuszowie-narodowym","status":"publish","type":"post","link":"https:\/\/htb.com.pl\/?p=86200","title":{"rendered":"Dzie\u0144 Flagi Rzeczpospolitej Polskiej w Tuszowie Narodowym"},"content":{"rendered":"\n<p>Geneza tego \u015bwi\u0119ta majowego wg. Radia MARYSINEGO. Dom urodzenia W\u0142adys\u0142awa Sikorskiego &#8211; zdj\u0119cia  s\u0105<a href=\"https:\/\/htb.com.pl\/wp-content\/uploads\/2023\/05\/Dzien-flagi.mp3\">https:\/\/htb.com.pl\/wp-content\/uploads\/2023\/05\/Dzien-flagi.mp3<\/a> aktywne, kliknij i pos\u0142uchaj.<\/p>\n\n\n\n<figure class=\"wp-block-image size-full\"><a href=\"https:\/\/htb.com.pl\/wp-content\/uploads\/2023\/05\/Dzien-flagi.mp3\"><img loading=\"lazy\" decoding=\"async\" width=\"968\" height=\"436\" src=\"https:\/\/htb.com.pl\/wp-content\/uploads\/2023\/05\/Tuszow-dom.jpg\" alt=\"\" class=\"wp-image-86203\" srcset=\"https:\/\/htb.com.pl\/wp-content\/uploads\/2023\/05\/Tuszow-dom.jpg 968w, https:\/\/htb.com.pl\/wp-content\/uploads\/2023\/05\/Tuszow-dom-300x135.jpg 300w, https:\/\/htb.com.pl\/wp-content\/uploads\/2023\/05\/Tuszow-dom-768x346.jpg 768w, https:\/\/htb.com.pl\/wp-content\/uploads\/2023\/05\/Tuszow-dom-600x270.jpg 600w\" sizes=\"auto, (max-width: 968px) 100vw, 968px\" \/><\/a><\/figure>\n\n\n\n<p><strong>Wywiad z Pani\u0105 Sekretarz Gminy. Rozmawiaj\u0105c nie przeszkadza\u0142em jak umia\u0142em w przygotowaniach do otwarcia Placu genera\u0142a W\u0142adys\u0142awa Sikorskiego.<\/strong><\/p>\n\n\n\n<figure class=\"wp-block-image size-large\"><a href=\"http:\/\/radiomaria.com.pl\/wp-content\/uploads\/2023\/05\/Wywiad-z-Pania-Sekretarz-Gminy-w-Tuszowie-Narodowym.mp3\"><img loading=\"lazy\" decoding=\"async\" width=\"1024\" height=\"157\" src=\"https:\/\/htb.com.pl\/wp-content\/uploads\/2023\/05\/Tuszow-panorama-rotated-2-1024x157.jpg\" alt=\"\" class=\"wp-image-86201\" srcset=\"https:\/\/htb.com.pl\/wp-content\/uploads\/2023\/05\/Tuszow-panorama-rotated-2-1024x157.jpg 1024w, https:\/\/htb.com.pl\/wp-content\/uploads\/2023\/05\/Tuszow-panorama-rotated-2-300x46.jpg 300w, https:\/\/htb.com.pl\/wp-content\/uploads\/2023\/05\/Tuszow-panorama-rotated-2-768x118.jpg 768w, https:\/\/htb.com.pl\/wp-content\/uploads\/2023\/05\/Tuszow-panorama-rotated-2-600x92.jpg 600w, https:\/\/htb.com.pl\/wp-content\/uploads\/2023\/05\/Tuszow-panorama-rotated-2.jpg 1110w\" sizes=\"auto, (max-width: 1024px) 100vw, 1024px\" \/><\/a><\/figure>\n\n\n\n<p><strong>Wywiad z Norbertem \u201eSmo\u0142\u0105\u201d Smoli\u0144skim<\/strong><\/p>\n\n\n\n<figure class=\"wp-block-image size-full\"><a href=\"https:\/\/htb.com.pl\/wp-content\/uploads\/2023\/05\/Norbert-Smola-Smolinski-wywiad.mp3\"><img loading=\"lazy\" decoding=\"async\" width=\"861\" height=\"482\" src=\"https:\/\/htb.com.pl\/wp-content\/uploads\/2023\/05\/Smola.png\" alt=\"\" class=\"wp-image-85060\" srcset=\"https:\/\/htb.com.pl\/wp-content\/uploads\/2023\/05\/Smola.png 861w, https:\/\/htb.com.pl\/wp-content\/uploads\/2023\/05\/Smola-300x168.png 300w, https:\/\/htb.com.pl\/wp-content\/uploads\/2023\/05\/Smola-768x430.png 768w, https:\/\/htb.com.pl\/wp-content\/uploads\/2023\/05\/Smola-600x336.png 600w\" sizes=\"auto, (max-width: 861px) 100vw, 861px\" \/><\/a><\/figure>\n\n\n\n<h2 class=\"wp-block-heading\"><\/h2>\n","protected":false},"excerpt":{"rendered":"<p>Geneza tego \u015bwi\u0119ta majowego wg. Radia MARYSINEGO. Dom urodzenia W\u0142adys\u0142awa Sikorskiego &#8211; zdj\u0119cia s\u0105https:\/\/htb.com.pl\/wp-content\/uploads\/2023\/05\/Dzien-flagi.mp3 aktywne, kliknij i pos\u0142uchaj. Wywiad z Pani\u0105 Sekretarz Gminy. Rozmawiaj\u0105c nie przeszkadza\u0142em jak umia\u0142em w przygotowaniach do otwarcia Placu genera\u0142a W\u0142adys\u0142awa Sikorskiego. Wywiad z Norbertem \u201eSmo\u0142\u0105\u201d Smoli\u0144skim<\/p>\n","protected":false},"author":1,"featured_media":45075,"comment_status":"open","ping_status":"open","sticky":false,"template":"","format":"standard","meta":{"_jetpack_memberships_contains_paid_content":false,"footnotes":""},"categories":[528],"tags":[887],"class_list":["post-86200","post","type-post","status-publish","format-standard","has-post-thumbnail","hentry","category-rower","tag-dzien-flagi-rzeczpospolitej-polskiej-w-tuszowie-narodowym"],"jetpack_sharing_enabled":true,"jetpack_featured_media_url":"https:\/\/htb.com.pl\/wp-content\/uploads\/2021\/05\/Flaga.jpg","_links":{"self":[{"href":"https:\/\/htb.com.pl\/index.php?rest_route=\/wp\/v2\/posts\/86200","targetHints":{"allow":["GET"]}}],"collection":[{"href":"https:\/\/htb.com.pl\/index.php?rest_route=\/wp\/v2\/posts"}],"about":[{"href":"https:\/\/htb.com.pl\/index.php?rest_route=\/wp\/v2\/types\/post"}],"author":[{"embeddable":true,"href":"https:\/\/htb.com.pl\/index.php?rest_route=\/wp\/v2\/users\/1"}],"replies":[{"embeddable":true,"href":"https:\/\/htb.com.pl\/index.php?rest_route=%2Fwp%2Fv2%2Fcomments&post=86200"}],"version-history":[{"count":4,"href":"https:\/\/htb.com.pl\/index.php?rest_route=\/wp\/v2\/posts\/86200\/revisions"}],"predecessor-version":[{"id":86207,"href":"https:\/\/htb.com.pl\/index.php?rest_route=\/wp\/v2\/posts\/86200\/revisions\/86207"}],"wp:featuredmedia":[{"embeddable":true,"href":"https:\/\/htb.com.pl\/index.php?rest_route=\/wp\/v2\/media\/45075"}],"wp:attachment":[{"href":"https:\/\/htb.com.pl\/index.php?rest_route=%2Fwp%2Fv2%2Fmedia&parent=86200"}],"wp:term":[{"taxonomy":"category","embeddable":true,"href":"https:\/\/htb.com.pl\/index.php?rest_route=%2Fwp%2Fv2%2Fcategories&post=86200"},{"taxonomy":"post_tag","embeddable":true,"href":"https:\/\/htb.com.pl\/index.php?rest_route=%2Fwp%2Fv2%2Ftags&post=86200"}],"curies":[{"name":"wp","href":"https:\/\/api.w.org\/{rel}","templated":true}]}}