{"id":86443,"date":"2023-06-04T11:58:00","date_gmt":"2023-06-04T11:58:00","guid":{"rendered":"https:\/\/htb.com.pl\/?p=86443"},"modified":"2023-06-04T12:38:43","modified_gmt":"2023-06-04T12:38:43","slug":"marsz-4-czerwca-2023-rok","status":"publish","type":"post","link":"https:\/\/htb.com.pl\/?p=86443","title":{"rendered":"Marsz 4 czerwca 2023 rok"},"content":{"rendered":"\n<p>  <\/p>\n\n\n\n<figure class=\"wp-block-image size-thumbnail\"><a href=\"https:\/\/htb.com.pl\/wp-content\/uploads\/2023\/06\/Marsz-4-czerwca-2023-rok.mp3\"><img loading=\"lazy\" decoding=\"async\" width=\"150\" height=\"150\" src=\"https:\/\/htb.com.pl\/wp-content\/uploads\/2018\/04\/posluchaj-150x150.jpg\" alt=\"\" class=\"wp-image-2020\" srcset=\"https:\/\/htb.com.pl\/wp-content\/uploads\/2018\/04\/posluchaj-150x150.jpg 150w, https:\/\/htb.com.pl\/wp-content\/uploads\/2018\/04\/posluchaj-300x300.jpg 300w, https:\/\/htb.com.pl\/wp-content\/uploads\/2018\/04\/posluchaj-100x100.jpg 100w\" sizes=\"auto, (max-width: 150px) 100vw, 150px\" \/><\/a><\/figure>\n\n\n\n<p>Dzieje si\u0119 historia, a 4 czerwca to data, kt\u00f3ra kolejny raz wpisuje zdarzenie, kt\u00f3re dla walki ze z\u0142em ma znaczenie. <a href=\"http:\/\/radiomaria.com.pl\/wp-content\/uploads\/2023\/06\/04.06.-Walka-ze-zlem.mp3\"><img loading=\"lazy\" decoding=\"async\" width=\"150\" height=\"54\" class=\"wp-image-86452\" style=\"width: 150px;\" src=\"https:\/\/htb.com.pl\/wp-content\/uploads\/2023\/06\/Marsz.png\" alt=\"\" srcset=\"https:\/\/htb.com.pl\/wp-content\/uploads\/2023\/06\/Marsz.png 561w, https:\/\/htb.com.pl\/wp-content\/uploads\/2023\/06\/Marsz-300x108.png 300w\" sizes=\"auto, (max-width: 150px) 100vw, 150px\" \/><\/a><\/p>\n\n\n\n<p>&nbsp;Wybory z 4 czerwca 1989 roku okre\u015blane s\u0105 jako cz\u0119\u015bciowo wolne, gdzie w wyniku obrad okr\u0105g\u0142ego sto\u0142u przedstawiciele niedemokratycznych w\u0142adz \u201ekomunistycznych\u201d&nbsp;<a href=\"https:\/\/pl.wikipedia.org\/wiki\/Polska_Rzeczpospolita_Ludowa\">Polskiej Rzeczypospolitej Ludowej<\/a>&nbsp;zagwarantowali rz\u0105dz\u0105cej koalicji obejmuj\u0105cej&nbsp;<a href=\"https:\/\/pl.wikipedia.org\/wiki\/Polska_Zjednoczona_Partia_Robotnicza\">PZPR<\/a>&nbsp;i jej satelit\u00f3w obsad\u0119 co najmniej 299 (65%) miejsc w Sejmie. Pozosta\u0142e mandaty poselskie w liczbie 161 (35%) zosta\u0142y przeznaczone dla kandydat\u00f3w bezpartyjnych. Komunistycznych napisa\u0142em w cudzys\u0142owie, bo w Polsce w odr\u00f3\u017cnieniu od innych kraj\u00f3w, jak cho\u0107by Czechos\u0142owacja, czy NRD \u017cadna partia komunistyczn\u0105 nie by\u0142a, a to, \u017ce tamta polska w\u0142adza sanacji do w\u0142adzy nie dopu\u015bci\u0142a, z dzisiejszej perspektywy pokazuje, \u017ce dobrze zrobi\u0142a. Pe\u0142na demokracja oznacza\u0142a, \u017ce mo\u017ce by\u0107 tak, i\u017c sanacja b\u0119dzie w Polsce decydowa\u0142a, a co to oznacza, tamta klasa polityczna cz\u0119sto jeszcze pami\u0119ta\u0142a i 3 lata p\u00f3\u017aniej rz\u0105d Jana Olszewskiego odwo\u0142a\u0142a.<\/p>\n\n\n\n<p>&nbsp; Niestety ludzie, kt\u00f3rzy okrucie\u0144stwa wojny pami\u0119tali wymierali, a ludzie, kt\u00f3rzy J\u00f3zefa Pi\u0142sudskiego za wz\u00f3r sobie obrali, histori\u0119 zmieniali i w\u0142adz\u0105 zdobywali. <a href=\"http:\/\/radiomaria.com.pl\/wp-content\/uploads\/2023\/06\/02.06.-Kongres.mp3\"><img loading=\"lazy\" decoding=\"async\" width=\"150\" height=\"94\" class=\"wp-image-86449\" style=\"width: 150px;\" src=\"https:\/\/htb.com.pl\/wp-content\/uploads\/2023\/06\/Projekt.png\" alt=\"\" srcset=\"https:\/\/htb.com.pl\/wp-content\/uploads\/2023\/06\/Projekt.png 745w, https:\/\/htb.com.pl\/wp-content\/uploads\/2023\/06\/Projekt-300x188.png 300w, https:\/\/htb.com.pl\/wp-content\/uploads\/2023\/06\/Projekt-600x376.png 600w\" sizes=\"auto, (max-width: 150px) 100vw, 150px\" \/><\/a> Dzi\u015b ju\u017c praktycznie wszystko, co w naszej historii dobre by\u0142o wymazali, a kl\u0119ski zwyci\u0119stwami nazwali. S\u0105 te\u017c pozytywy. Powstanie Wielkopolskie b\u0119dziemy \u015bwi\u0119towali i Wincentego Witosa \u017ce\u015bmy zrehabilitowali. Tego, kt\u00f3rego dawni zwolennicy Pi\u0142sudskiego w Procesie Brzeskim z roku 1931 skazali.<\/p>\n\n\n\n<figure class=\"wp-block-image size-full\"><a href=\"http:\/\/radiomaria.com.pl\/wp-content\/uploads\/2023\/06\/Audycja-w-przygotowaniu.mp3\"><img loading=\"lazy\" decoding=\"async\" width=\"1008\" height=\"661\" src=\"https:\/\/htb.com.pl\/wp-content\/uploads\/2023\/06\/Proces-Brzeski.png\" alt=\"\" class=\"wp-image-86454\" srcset=\"https:\/\/htb.com.pl\/wp-content\/uploads\/2023\/06\/Proces-Brzeski.png 1008w, https:\/\/htb.com.pl\/wp-content\/uploads\/2023\/06\/Proces-Brzeski-300x197.png 300w, https:\/\/htb.com.pl\/wp-content\/uploads\/2023\/06\/Proces-Brzeski-768x504.png 768w, https:\/\/htb.com.pl\/wp-content\/uploads\/2023\/06\/Proces-Brzeski-600x393.png 600w\" sizes=\"auto, (max-width: 1008px) 100vw, 1008px\" \/><\/a><\/figure>\n\n\n\n<p>&nbsp; Dzi\u015b podobni im komisj\u0119 do spraw wyja\u015bniania wp\u0142yw\u00f3w Kremla na nasz\u0105 polityk\u0119 powo\u0142ali. <a href=\"http:\/\/radiomaria.com.pl\/wp-content\/uploads\/2023\/05\/29.05.Komisja-Weryfikacyjna.mp3\"><img loading=\"lazy\" decoding=\"async\" width=\"150\" height=\"91\" class=\"wp-image-86445\" style=\"width: 150px;\" src=\"https:\/\/htb.com.pl\/wp-content\/uploads\/2023\/06\/Podpismaly.png\" alt=\"\" srcset=\"https:\/\/htb.com.pl\/wp-content\/uploads\/2023\/06\/Podpismaly.png 994w, https:\/\/htb.com.pl\/wp-content\/uploads\/2023\/06\/Podpismaly-300x183.png 300w, https:\/\/htb.com.pl\/wp-content\/uploads\/2023\/06\/Podpismaly-768x468.png 768w, https:\/\/htb.com.pl\/wp-content\/uploads\/2023\/06\/Podpismaly-600x366.png 600w\" sizes=\"auto, (max-width: 150px) 100vw, 150px\" \/><\/a> <a href=\"http:\/\/radiomaria.com.pl\/wp-content\/uploads\/2023\/05\/31.05.pokonac-Rosjan.mp3\"><img loading=\"lazy\" decoding=\"async\" width=\"150\" height=\"85\" class=\"wp-image-86447\" style=\"width: 150px;\" src=\"https:\/\/htb.com.pl\/wp-content\/uploads\/2023\/06\/Wplywy.jpg\" alt=\"\" srcset=\"https:\/\/htb.com.pl\/wp-content\/uploads\/2023\/06\/Wplywy.jpg 980w, https:\/\/htb.com.pl\/wp-content\/uploads\/2023\/06\/Wplywy-300x169.jpg 300w, https:\/\/htb.com.pl\/wp-content\/uploads\/2023\/06\/Wplywy-768x433.jpg 768w, https:\/\/htb.com.pl\/wp-content\/uploads\/2023\/06\/Wplywy-600x339.jpg 600w\" sizes=\"auto, (max-width: 150px) 100vw, 150px\" \/><\/a> Wykombinowali, \u017ce swoich politycznych przeciwnik\u00f3w na wz\u00f3r \u201eBerezy Kartuskiej\u201d i \u201eProcesu Brzeskiego\u201d b\u0119d\u0105 skazywali. Przypomn\u0119 tylko, \u017ce po kl\u0119sce wrze\u015bniowej to ludzie z Frontu Morges Polsk\u0119 uratowali \u2013 szkoda, \u017ce genera\u0142a W\u0142adys\u0142awa Sikorskiego w Gibraltarze zamordowali. Gdyby nie to, dzi\u015b ci, co J\u00f3zefa Pi\u0142sudskiego za pozytywnego b\u0119d\u0105 uznawali, o niczym by nie decydowali. Czasu nie cofniemy, dlatego maszerujemy. Ale o tym w nast\u0119pnym wpisie napiszemy.<\/p>\n","protected":false},"excerpt":{"rendered":"<p>Dzieje si\u0119 historia, a 4 czerwca to data, kt\u00f3ra kolejny raz wpisuje zdarzenie, kt\u00f3re dla walki ze z\u0142em ma znaczenie. &nbsp;Wybory z 4 czerwca 1989 roku okre\u015blane s\u0105 jako cz\u0119\u015bciowo wolne, gdzie w wyniku obrad okr\u0105g\u0142ego sto\u0142u przedstawiciele niedemokratycznych w\u0142adz \u201ekomunistycznych\u201d&nbsp;Polskiej Rzeczypospolitej Ludowej&nbsp;zagwarantowali rz\u0105dz\u0105cej koalicji obejmuj\u0105cej&nbsp;PZPR&nbsp;i jej satelit\u00f3w obsad\u0119 co najmniej 299 (65%) miejsc w [&hellip;]<\/p>\n","protected":false},"author":1,"featured_media":86451,"comment_status":"open","ping_status":"open","sticky":false,"template":"","format":"standard","meta":{"_jetpack_memberships_contains_paid_content":false,"footnotes":""},"categories":[4],"tags":[888],"class_list":["post-86443","post","type-post","status-publish","format-standard","has-post-thumbnail","hentry","category-daty-i-fakty-blog","tag-marsz-4-czerwca-2023-rok"],"jetpack_sharing_enabled":true,"jetpack_featured_media_url":"https:\/\/htb.com.pl\/wp-content\/uploads\/2023\/06\/4czer.jpg","_links":{"self":[{"href":"https:\/\/htb.com.pl\/index.php?rest_route=\/wp\/v2\/posts\/86443","targetHints":{"allow":["GET"]}}],"collection":[{"href":"https:\/\/htb.com.pl\/index.php?rest_route=\/wp\/v2\/posts"}],"about":[{"href":"https:\/\/htb.com.pl\/index.php?rest_route=\/wp\/v2\/types\/post"}],"author":[{"embeddable":true,"href":"https:\/\/htb.com.pl\/index.php?rest_route=\/wp\/v2\/users\/1"}],"replies":[{"embeddable":true,"href":"https:\/\/htb.com.pl\/index.php?rest_route=%2Fwp%2Fv2%2Fcomments&post=86443"}],"version-history":[{"count":8,"href":"https:\/\/htb.com.pl\/index.php?rest_route=\/wp\/v2\/posts\/86443\/revisions"}],"predecessor-version":[{"id":86461,"href":"https:\/\/htb.com.pl\/index.php?rest_route=\/wp\/v2\/posts\/86443\/revisions\/86461"}],"wp:featuredmedia":[{"embeddable":true,"href":"https:\/\/htb.com.pl\/index.php?rest_route=\/wp\/v2\/media\/86451"}],"wp:attachment":[{"href":"https:\/\/htb.com.pl\/index.php?rest_route=%2Fwp%2Fv2%2Fmedia&parent=86443"}],"wp:term":[{"taxonomy":"category","embeddable":true,"href":"https:\/\/htb.com.pl\/index.php?rest_route=%2Fwp%2Fv2%2Fcategories&post=86443"},{"taxonomy":"post_tag","embeddable":true,"href":"https:\/\/htb.com.pl\/index.php?rest_route=%2Fwp%2Fv2%2Ftags&post=86443"}],"curies":[{"name":"wp","href":"https:\/\/api.w.org\/{rel}","templated":true}]}}