{"id":86773,"date":"2023-06-11T07:06:35","date_gmt":"2023-06-11T07:06:35","guid":{"rendered":"https:\/\/htb.com.pl\/?p=86773"},"modified":"2023-06-11T07:12:45","modified_gmt":"2023-06-11T07:12:45","slug":"miedzynarodowy-dzien-bohaterow-walki-z-totalitaryzmem","status":"publish","type":"post","link":"https:\/\/htb.com.pl\/?p=86773","title":{"rendered":"Mi\u0119dzynarodowy Dzie\u0144 Bohater\u00f3w Walki z Totalitaryzmem"},"content":{"rendered":"\n<figure class=\"wp-block-embed is-type-video is-provider-youtube wp-block-embed-youtube wp-embed-aspect-16-9 wp-has-aspect-ratio\"><div class=\"wp-block-embed__wrapper\">\n<iframe loading=\"lazy\" title=\"Dzie\u0144 Bohater\u00f3w Walki z Totalitaryzmem Mielec 2023\" width=\"848\" height=\"477\" src=\"https:\/\/www.youtube.com\/embed\/k9MUxMRvx7c?feature=oembed\" frameborder=\"0\" allow=\"accelerometer; autoplay; clipboard-write; encrypted-media; gyroscope; picture-in-picture; web-share\" allowfullscreen><\/iframe>\n<\/div><\/figure>\n\n\n\n<p>25 maja to Mi\u0119dzynarodowy Dzie\u0144 Bohater\u00f3w Walki z Totalitaryzmem<\/p>\n\n\n\n<p>W ten spos\u00f3b Parlament Europejski uczci\u0142 rocznic\u0119 \u015bmieci rotmistrza Witolda Pileckiego.<\/p>\n\n\n\n<p>Zacz\u0119li\u015bmy pechowo nagraniem w Bibliotece Miejskiej w Mielcu. Wspominam o tym nagraniu w rozmowie z m\u0142odym cz\u0142owiekiem.<\/p>\n\n\n\n<figure class=\"wp-block-audio\"><audio controls src=\"https:\/\/htb.com.pl\/wp-content\/uploads\/2023\/06\/Totalitaryzm-cal1.mp3\"><\/audio><\/figure>\n\n\n\n<p>Wypowied\u017a m\u0142odego cz\u0142owieka o totalitaryzmie.<\/p>\n\n\n\n<figure class=\"wp-block-audio\"><audio controls src=\"https:\/\/htb.com.pl\/wp-content\/uploads\/2023\/06\/Mlody-czlowiek-o-totalitaryzmie.mp3\"><\/audio><\/figure>\n\n\n\n<p>Pan Janusz Br\u0105glewicz, by\u0142y dyrektor Zak\u0142adu Drzewnego w Chorzeliwie k. Mielca, to m\u00f3j bohater walki z totalitaryzmem.<\/p>\n\n\n\n<figure class=\"wp-block-audio\"><audio controls src=\"https:\/\/htb.com.pl\/wp-content\/uploads\/2023\/06\/Janusz-Braglewicz-walka-z-totalitaryzmem.mp3\"><\/audio><\/figure>\n","protected":false},"excerpt":{"rendered":"<p>25 maja to Mi\u0119dzynarodowy Dzie\u0144 Bohater\u00f3w Walki z Totalitaryzmem W ten spos\u00f3b Parlament Europejski uczci\u0142 rocznic\u0119 \u015bmieci rotmistrza Witolda Pileckiego. Zacz\u0119li\u015bmy pechowo nagraniem w Bibliotece Miejskiej w Mielcu. Wspominam o tym nagraniu w rozmowie z m\u0142odym cz\u0142owiekiem. Wypowied\u017a m\u0142odego cz\u0142owieka o totalitaryzmie. Pan Janusz Br\u0105glewicz, by\u0142y dyrektor Zak\u0142adu Drzewnego w Chorzeliwie k. Mielca, to m\u00f3j [&hellip;]<\/p>\n","protected":false},"author":1,"featured_media":86781,"comment_status":"open","ping_status":"open","sticky":false,"template":"","format":"standard","meta":{"_jetpack_memberships_contains_paid_content":false,"footnotes":""},"categories":[528],"tags":[],"class_list":["post-86773","post","type-post","status-publish","format-standard","has-post-thumbnail","hentry","category-rower"],"jetpack_sharing_enabled":true,"jetpack_featured_media_url":"https:\/\/htb.com.pl\/wp-content\/uploads\/2023\/06\/Niezl.png","_links":{"self":[{"href":"https:\/\/htb.com.pl\/index.php?rest_route=\/wp\/v2\/posts\/86773","targetHints":{"allow":["GET"]}}],"collection":[{"href":"https:\/\/htb.com.pl\/index.php?rest_route=\/wp\/v2\/posts"}],"about":[{"href":"https:\/\/htb.com.pl\/index.php?rest_route=\/wp\/v2\/types\/post"}],"author":[{"embeddable":true,"href":"https:\/\/htb.com.pl\/index.php?rest_route=\/wp\/v2\/users\/1"}],"replies":[{"embeddable":true,"href":"https:\/\/htb.com.pl\/index.php?rest_route=%2Fwp%2Fv2%2Fcomments&post=86773"}],"version-history":[{"count":7,"href":"https:\/\/htb.com.pl\/index.php?rest_route=\/wp\/v2\/posts\/86773\/revisions"}],"predecessor-version":[{"id":86785,"href":"https:\/\/htb.com.pl\/index.php?rest_route=\/wp\/v2\/posts\/86773\/revisions\/86785"}],"wp:featuredmedia":[{"embeddable":true,"href":"https:\/\/htb.com.pl\/index.php?rest_route=\/wp\/v2\/media\/86781"}],"wp:attachment":[{"href":"https:\/\/htb.com.pl\/index.php?rest_route=%2Fwp%2Fv2%2Fmedia&parent=86773"}],"wp:term":[{"taxonomy":"category","embeddable":true,"href":"https:\/\/htb.com.pl\/index.php?rest_route=%2Fwp%2Fv2%2Fcategories&post=86773"},{"taxonomy":"post_tag","embeddable":true,"href":"https:\/\/htb.com.pl\/index.php?rest_route=%2Fwp%2Fv2%2Ftags&post=86773"}],"curies":[{"name":"wp","href":"https:\/\/api.w.org\/{rel}","templated":true}]}}