{"id":86789,"date":"2023-06-11T08:16:55","date_gmt":"2023-06-11T08:16:55","guid":{"rendered":"https:\/\/htb.com.pl\/?p=86789"},"modified":"2023-06-11T08:16:56","modified_gmt":"2023-06-11T08:16:56","slug":"pytania-do-zjednoczonej-prawicy-zp-i-niezjednoczonej-opozucji-no","status":"publish","type":"post","link":"https:\/\/htb.com.pl\/?p=86789","title":{"rendered":"Pytania do ZJEDNOCZONEJ PRAWICY (ZP) i NIEZJEDNOCZONEJ OPOZUCJI (NO)"},"content":{"rendered":"\n<p><strong>Do wykorzystania podczas spotkania wyborczego<\/strong>.<\/p>\n\n\n\n<ol class=\"wp-block-list\">\n<li>(ZP) \u2013 Konflikt polskich w\u0142adz z organami Unii Europejskiej powoduje, \u017ce p\u0142acimy ogromne kary na\u0142o\u017cone przez luksemburski Trybuna\u0142 Sprawiedliwo\u015bci. Do 300 milion\u00f3w z\u0142otych za \u201eTur\u00f3w\u201d dosz\u0142o p\u00f3\u0142 miliarda EUR za brak praworz\u0105dno\u015bci \u2013 co na to przedstawiciele \u201ePrawa i Sprawiedliwo\u015bci\u201d?<\/li>\n<\/ol>\n\n\n\n<figure class=\"wp-block-audio\"><audio controls src=\"https:\/\/htb.com.pl\/wp-content\/uploads\/2023\/06\/P14.03.Pytanie-o-kary.mp3\"><\/audio><figcaption class=\"wp-element-caption\">2.(NO) \u2013 Dlaczego nie ma jednej listy do Sejmu?<\/figcaption><\/figure>\n\n\n\n<figure class=\"wp-block-audio\"><audio controls src=\"https:\/\/htb.com.pl\/wp-content\/uploads\/2023\/06\/P2103.-Dlaczego-nie-ma-jednej-listy-1.mp3\"><\/audio><\/figure>\n\n\n\n\n\n<p>Pytanie zadaje &#8220;Franek&#8221; osadzony z Zak\u0142adu Karnego.<\/p>\n\n\n\n<figure class=\"wp-block-audio\"><audio controls src=\"https:\/\/htb.com.pl\/wp-content\/uploads\/2023\/06\/Pytania-do-Frania.-Pytaniua-do-Zjednoczonej-Prawicy.mp3\"><\/audio><\/figure>\n\n\n\n<figure class=\"wp-block-audio\"><audio controls src=\"https:\/\/htb.com.pl\/wp-content\/uploads\/2023\/06\/Pytania-do-Frania-pytanie-no-niezjednoczonej-opozucji.mp3\"><\/audio><\/figure>\n","protected":false},"excerpt":{"rendered":"<p>Do wykorzystania podczas spotkania wyborczego. Pytanie zadaje &#8220;Franek&#8221; osadzony z Zak\u0142adu Karnego.<\/p>\n","protected":false},"author":1,"featured_media":86800,"comment_status":"open","ping_status":"open","sticky":false,"template":"","format":"standard","meta":{"_jetpack_memberships_contains_paid_content":false,"footnotes":""},"categories":[528],"tags":[889],"class_list":["post-86789","post","type-post","status-publish","format-standard","has-post-thumbnail","hentry","category-rower","tag-pytania-do-zjednoczonej-prawicy-zp-i-niezjednoczonej-opozucji-no"],"jetpack_sharing_enabled":true,"jetpack_featured_media_url":"https:\/\/htb.com.pl\/wp-content\/uploads\/2023\/06\/do-kom.png","_links":{"self":[{"href":"https:\/\/htb.com.pl\/index.php?rest_route=\/wp\/v2\/posts\/86789","targetHints":{"allow":["GET"]}}],"collection":[{"href":"https:\/\/htb.com.pl\/index.php?rest_route=\/wp\/v2\/posts"}],"about":[{"href":"https:\/\/htb.com.pl\/index.php?rest_route=\/wp\/v2\/types\/post"}],"author":[{"embeddable":true,"href":"https:\/\/htb.com.pl\/index.php?rest_route=\/wp\/v2\/users\/1"}],"replies":[{"embeddable":true,"href":"https:\/\/htb.com.pl\/index.php?rest_route=%2Fwp%2Fv2%2Fcomments&post=86789"}],"version-history":[{"count":3,"href":"https:\/\/htb.com.pl\/index.php?rest_route=\/wp\/v2\/posts\/86789\/revisions"}],"predecessor-version":[{"id":86797,"href":"https:\/\/htb.com.pl\/index.php?rest_route=\/wp\/v2\/posts\/86789\/revisions\/86797"}],"wp:featuredmedia":[{"embeddable":true,"href":"https:\/\/htb.com.pl\/index.php?rest_route=\/wp\/v2\/media\/86800"}],"wp:attachment":[{"href":"https:\/\/htb.com.pl\/index.php?rest_route=%2Fwp%2Fv2%2Fmedia&parent=86789"}],"wp:term":[{"taxonomy":"category","embeddable":true,"href":"https:\/\/htb.com.pl\/index.php?rest_route=%2Fwp%2Fv2%2Fcategories&post=86789"},{"taxonomy":"post_tag","embeddable":true,"href":"https:\/\/htb.com.pl\/index.php?rest_route=%2Fwp%2Fv2%2Ftags&post=86789"}],"curies":[{"name":"wp","href":"https:\/\/api.w.org\/{rel}","templated":true}]}}