{"id":86807,"date":"2023-06-11T09:57:55","date_gmt":"2023-06-11T09:57:55","guid":{"rendered":"https:\/\/htb.com.pl\/?p=86807"},"modified":"2023-06-12T11:15:05","modified_gmt":"2023-06-12T11:15:05","slug":"6-czerwca","status":"publish","type":"post","link":"https:\/\/htb.com.pl\/?p=86807","title":{"rendered":"6 czerwca"},"content":{"rendered":"\n<p>Czerwiec to m\u00f3j ulubiony miesi\u0105c. S\u0105 sob\u00f3tki, moje imieniny i urodziny, w czerwcu spotka\u0142em Marysi\u0119 po 10 latach planowego rozstania. To pozytywy \u2013 niestety s\u0105 te\u017c negatywy. Dziwne, \u017ce wszystkie wyst\u0105pi\u0142y 6 czerwca:<\/p>\n\n\n\n<ul class=\"wp-block-list\">\n<li>6 czerwca 1987 rok \u2013 Marysia zachorowa\u0142a. <a href=\"https:\/\/htb.com.pl\/wp-content\/uploads\/2023\/06\/III-Pielgrzymka-Jana-Pawla-II-do-Polski.mp3\"><img loading=\"lazy\" decoding=\"async\" width=\"150\" height=\"99\" class=\"wp-image-1153\" style=\"width: 150px;\" src=\"https:\/\/htb.com.pl\/wp-content\/uploads\/2018\/07\/Tarn\u00f3wP.jpg\" alt=\"\" srcset=\"https:\/\/htb.com.pl\/wp-content\/uploads\/2018\/07\/Tarn\u00f3wP.jpg 960w, https:\/\/htb.com.pl\/wp-content\/uploads\/2018\/07\/Tarn\u00f3wP-300x197.jpg 300w, https:\/\/htb.com.pl\/wp-content\/uploads\/2018\/07\/Tarn\u00f3wP-768x505.jpg 768w, https:\/\/htb.com.pl\/wp-content\/uploads\/2018\/07\/Tarn\u00f3wP-600x394.jpg 600w\" sizes=\"auto, (max-width: 150px) 100vw, 150px\" \/><\/a><\/li>\n\n\n\n<li>6 czerwca 2005 rok \u2013 zmar\u0142a siostrzenica mojej \u017bony Dorotki Aneta Maksymowicz. <img loading=\"lazy\" decoding=\"async\" width=\"150\" height=\"113\" class=\"wp-image-86811\" style=\"width: 150px;\" src=\"https:\/\/htb.com.pl\/wp-content\/uploads\/2023\/06\/Aneta.jpg\" alt=\"\" srcset=\"https:\/\/htb.com.pl\/wp-content\/uploads\/2023\/06\/Aneta.jpg 640w, https:\/\/htb.com.pl\/wp-content\/uploads\/2023\/06\/Aneta-300x225.jpg 300w, https:\/\/htb.com.pl\/wp-content\/uploads\/2023\/06\/Aneta-600x450.jpg 600w\" sizes=\"auto, (max-width: 150px) 100vw, 150px\" \/><\/li>\n\n\n\n<li>6 czerwca 2021 rok \u2013 zmar\u0142 Andrzej Maksymowicz Tata Anety. <img loading=\"lazy\" decoding=\"async\" width=\"150\" height=\"200\" class=\"wp-image-86813\" style=\"width: 150px;\" src=\"https:\/\/htb.com.pl\/wp-content\/uploads\/2023\/06\/Andrzej-Maksymowicz.jpg\" alt=\"\" srcset=\"https:\/\/htb.com.pl\/wp-content\/uploads\/2023\/06\/Andrzej-Maksymowicz.jpg 480w, https:\/\/htb.com.pl\/wp-content\/uploads\/2023\/06\/Andrzej-Maksymowicz-225x300.jpg 225w\" sizes=\"auto, (max-width: 150px) 100vw, 150px\" \/><\/li>\n\n\n\n<li>6 czerwca 2023 rok \u2013 wybuch\u0142a tama w Nowej Kachowce (Ukraina) i zala\u0142a cmentarz, gdzie pochowany jest Andrzej Maksymowicz. <a href=\"http:\/\/radiomaria.com.pl\/wp-content\/uploads\/2023\/03\/06.06.Elektrownia-Kachowska-wysadzona.mp3\"><img loading=\"lazy\" decoding=\"async\" width=\"150\" height=\"94\" class=\"wp-image-86814\" style=\"width: 150px;\" src=\"https:\/\/htb.com.pl\/wp-content\/uploads\/2023\/06\/TamaK.webp\" alt=\"\" srcset=\"https:\/\/htb.com.pl\/wp-content\/uploads\/2023\/06\/TamaK.webp 948w, https:\/\/htb.com.pl\/wp-content\/uploads\/2023\/06\/TamaK-300x187.webp 300w, https:\/\/htb.com.pl\/wp-content\/uploads\/2023\/06\/TamaK-768x480.webp 768w, https:\/\/htb.com.pl\/wp-content\/uploads\/2023\/06\/TamaK-600x375.webp 600w\" sizes=\"auto, (max-width: 150px) 100vw, 150px\" \/><\/a><\/li>\n<\/ul>\n\n\n\n<p>Wypowied\u017a Iriny, drugiej \u017cony Andrzeja Maksymowicza o katastrofie na tamie w Nowej Kachowce.<\/p>\n\n\n\n<figure class=\"wp-block-audio\"><audio controls src=\"https:\/\/htb.com.pl\/wp-content\/uploads\/2023\/06\/Irina.mp3\"><\/audio><\/figure>\n\n\n\n<p>Kto\u015b mo\u017ce powiedzie\u0107, \u017ce to zbieg okoliczno\u015bci, kto\u015b inny powie, \u017ce to ostrze\u017cenie opatrzno\u015bci. Marysia podobnie jak ja w cuda nie wierzy\u0142a, ale w to, \u017ce B\u00f3g daje nam znaki wierzy\u0142a i cz\u0119sto o taki znak za po\u015brednictwem jego Matki Marii prosi\u0142a. Do dzi\u015b ci co j\u0105 znali R\u00f3\u017caniec \u015awi\u0119ty w Radiu MARIA wsp\u00f3lnie odmawiaj\u0105, zawsze o godzinie 22. S\u0105 w\u015br\u00f3d nich tacy, co \u0142aski wiary nie maj\u0105, ale w ten spos\u00f3b Marysi\u0119 wspominaj\u0105. S\u0105 tacy, co kiedy\u015b do Marysi strzelali, a dzi\u015b si\u0119 przekonali, jak bardzo \u017ale wtedy wybrali. Chcia\u0142bym, \u017ceby\u015bcie Kochani takiej modlitwy popr\u00f3bowali i ju\u017c zawsze dobro, a nie z\u0142o wybierali.<\/p>\n\n\n\n<p>Zbli\u017caj\u0105 si\u0119 wybory do Parlamentu naszego, to jak wybierzemy mo\u017ce zdecydowa\u0107 o istnieniu Pa\u0144stwa Polskiego.<\/p>\n\n\n\n<figure class=\"wp-block-image size-full\"><a href=\"http:\/\/radiomaria.com.pl\/wp-content\/uploads\/2023\/06\/06.06.-Wojna-dobra-ze-zlem.mp3\"><img loading=\"lazy\" decoding=\"async\" width=\"817\" height=\"546\" src=\"https:\/\/htb.com.pl\/wp-content\/uploads\/2023\/06\/Byl-tam.png\" alt=\"\" class=\"wp-image-86809\" srcset=\"https:\/\/htb.com.pl\/wp-content\/uploads\/2023\/06\/Byl-tam.png 817w, https:\/\/htb.com.pl\/wp-content\/uploads\/2023\/06\/Byl-tam-300x200.png 300w, https:\/\/htb.com.pl\/wp-content\/uploads\/2023\/06\/Byl-tam-768x513.png 768w, https:\/\/htb.com.pl\/wp-content\/uploads\/2023\/06\/Byl-tam-600x401.png 600w\" sizes=\"auto, (max-width: 817px) 100vw, 817px\" \/><\/a><\/figure>\n","protected":false},"excerpt":{"rendered":"<p>Czerwiec to m\u00f3j ulubiony miesi\u0105c. S\u0105 sob\u00f3tki, moje imieniny i urodziny, w czerwcu spotka\u0142em Marysi\u0119 po 10 latach planowego rozstania. To pozytywy \u2013 niestety s\u0105 te\u017c negatywy. Dziwne, \u017ce wszystkie wyst\u0105pi\u0142y 6 czerwca: Wypowied\u017a Iriny, drugiej \u017cony Andrzeja Maksymowicza o katastrofie na tamie w Nowej Kachowce. Kto\u015b mo\u017ce powiedzie\u0107, \u017ce to zbieg okoliczno\u015bci, kto\u015b inny [&hellip;]<\/p>\n","protected":false},"author":1,"featured_media":86814,"comment_status":"open","ping_status":"open","sticky":false,"template":"","format":"standard","meta":{"_jetpack_memberships_contains_paid_content":false,"footnotes":""},"categories":[4],"tags":[890],"class_list":["post-86807","post","type-post","status-publish","format-standard","has-post-thumbnail","hentry","category-daty-i-fakty-blog","tag-6-czerwca"],"jetpack_sharing_enabled":true,"jetpack_featured_media_url":"https:\/\/htb.com.pl\/wp-content\/uploads\/2023\/06\/TamaK.webp","_links":{"self":[{"href":"https:\/\/htb.com.pl\/index.php?rest_route=\/wp\/v2\/posts\/86807","targetHints":{"allow":["GET"]}}],"collection":[{"href":"https:\/\/htb.com.pl\/index.php?rest_route=\/wp\/v2\/posts"}],"about":[{"href":"https:\/\/htb.com.pl\/index.php?rest_route=\/wp\/v2\/types\/post"}],"author":[{"embeddable":true,"href":"https:\/\/htb.com.pl\/index.php?rest_route=\/wp\/v2\/users\/1"}],"replies":[{"embeddable":true,"href":"https:\/\/htb.com.pl\/index.php?rest_route=%2Fwp%2Fv2%2Fcomments&post=86807"}],"version-history":[{"count":10,"href":"https:\/\/htb.com.pl\/index.php?rest_route=\/wp\/v2\/posts\/86807\/revisions"}],"predecessor-version":[{"id":86872,"href":"https:\/\/htb.com.pl\/index.php?rest_route=\/wp\/v2\/posts\/86807\/revisions\/86872"}],"wp:featuredmedia":[{"embeddable":true,"href":"https:\/\/htb.com.pl\/index.php?rest_route=\/wp\/v2\/media\/86814"}],"wp:attachment":[{"href":"https:\/\/htb.com.pl\/index.php?rest_route=%2Fwp%2Fv2%2Fmedia&parent=86807"}],"wp:term":[{"taxonomy":"category","embeddable":true,"href":"https:\/\/htb.com.pl\/index.php?rest_route=%2Fwp%2Fv2%2Fcategories&post=86807"},{"taxonomy":"post_tag","embeddable":true,"href":"https:\/\/htb.com.pl\/index.php?rest_route=%2Fwp%2Fv2%2Ftags&post=86807"}],"curies":[{"name":"wp","href":"https:\/\/api.w.org\/{rel}","templated":true}]}}