{"id":87366,"date":"2023-06-30T13:02:22","date_gmt":"2023-06-30T13:02:22","guid":{"rendered":"https:\/\/htb.com.pl\/?p=87366"},"modified":"2025-01-25T14:04:00","modified_gmt":"2025-01-25T14:04:00","slug":"rozmowy-przy-straganie","status":"publish","type":"post","link":"https:\/\/htb.com.pl\/?p=87366","title":{"rendered":"Rozmowy przy straganie"},"content":{"rendered":"\n<p>Rok 2023<\/p>\n\n\n\n<figure class=\"wp-block-image size-full\"><img loading=\"lazy\" decoding=\"async\" width=\"370\" height=\"531\" src=\"https:\/\/htb.com.pl\/wp-content\/uploads\/2023\/06\/Plakatzielony.png\" alt=\"\" class=\"wp-image-87724\" srcset=\"https:\/\/htb.com.pl\/wp-content\/uploads\/2023\/06\/Plakatzielony.png 370w, https:\/\/htb.com.pl\/wp-content\/uploads\/2023\/06\/Plakatzielony-209x300.png 209w\" sizes=\"auto, (max-width: 370px) 100vw, 370px\" \/><\/figure>\n\n\n\n<figure class=\"wp-block-image size-thumbnail\"><a href=\"http:\/\/radiomaria.com.pl\/wp-content\/uploads\/2022\/10\/Przy-straganie.mp3\"><img loading=\"lazy\" decoding=\"async\" width=\"150\" height=\"150\" src=\"https:\/\/htb.com.pl\/wp-content\/uploads\/2018\/04\/posluchaj-150x150.jpg\" alt=\"\" class=\"wp-image-2020\" srcset=\"https:\/\/htb.com.pl\/wp-content\/uploads\/2018\/04\/posluchaj-150x150.jpg 150w, https:\/\/htb.com.pl\/wp-content\/uploads\/2018\/04\/posluchaj-300x300.jpg 300w, https:\/\/htb.com.pl\/wp-content\/uploads\/2018\/04\/posluchaj-100x100.jpg 100w\" sizes=\"auto, (max-width: 150px) 100vw, 150px\" \/><\/a><\/figure>\n\n\n\n<h2 class=\"wp-block-heading\">Rozmowy Radia MARIA przy straganie w dzie\u0144 targowy. <\/h2>\n\n\n\n<figure class=\"wp-block-image size-full\"><a href=\"http:\/\/powiat.mielec.pl\/pleszka\/\"><img loading=\"lazy\" decoding=\"async\" width=\"932\" height=\"392\" src=\"https:\/\/htb.com.pl\/wp-content\/uploads\/2024\/02\/PleszkaI.png\" alt=\"\" class=\"wp-image-99798\" srcset=\"https:\/\/htb.com.pl\/wp-content\/uploads\/2024\/02\/PleszkaI.png 932w, https:\/\/htb.com.pl\/wp-content\/uploads\/2024\/02\/PleszkaI-300x126.png 300w, https:\/\/htb.com.pl\/wp-content\/uploads\/2024\/02\/PleszkaI-768x323.png 768w, https:\/\/htb.com.pl\/wp-content\/uploads\/2024\/02\/PleszkaI-600x252.png 600w\" sizes=\"auto, (max-width: 932px) 100vw, 932px\" \/><\/a><\/figure>\n\n\n\n<h2 class=\"wp-block-heading\">Rozmowy przy straganie. Tadeusz P\u0142eszka \u2013 Rze\u017abiarz z Mielca.<\/h2>\n\n\n\n<figure class=\"wp-block-audio\"><audio controls src=\"https:\/\/htb.com.pl\/wp-content\/uploads\/2024\/02\/Pleszka.mp3\"><\/audio><\/figure>\n\n\n\n<figure class=\"wp-block-image size-full\"><a href=\"https:\/\/htb.com.pl\/?product=mieszanka-przeciwcukrzycowa-50g\"><img loading=\"lazy\" decoding=\"async\" width=\"179\" height=\"300\" src=\"https:\/\/htb.com.pl\/wp-content\/uploads\/2024\/04\/Przeciwcukrzycowa-179x300-1.png\" alt=\"\" class=\"wp-image-101620\"\/><\/a><\/figure>\n\n\n\n<h2 class=\"wp-block-heading\"><a href=\"http:\/\/radiomaria.com.pl\/wp-content\/uploads\/2024\/03\/PrzeciwcukrzycowaBazar.mp3\">Rozmowy przy straganie \u2013 \u201eMieszanka zio\u0142owa przeciwcukrzycowa\u201d.<\/a><\/h2>\n\n\n\n<figure class=\"wp-block-image size-full\"><img loading=\"lazy\" decoding=\"async\" width=\"672\" height=\"371\" src=\"https:\/\/htb.com.pl\/wp-content\/uploads\/2023\/06\/Reka.png\" alt=\"\" class=\"wp-image-99877\" srcset=\"https:\/\/htb.com.pl\/wp-content\/uploads\/2023\/06\/Reka.png 672w, https:\/\/htb.com.pl\/wp-content\/uploads\/2023\/06\/Reka-300x166.png 300w, https:\/\/htb.com.pl\/wp-content\/uploads\/2023\/06\/Reka-600x331.png 600w\" sizes=\"auto, (max-width: 672px) 100vw, 672px\" \/><\/figure>\n\n\n\n<figure class=\"wp-block-image size-full\"><img loading=\"lazy\" decoding=\"async\" width=\"207\" height=\"332\" src=\"https:\/\/htb.com.pl\/wp-content\/uploads\/2025\/01\/Dziecko.png\" alt=\"\" class=\"wp-image-116017\" srcset=\"https:\/\/htb.com.pl\/wp-content\/uploads\/2025\/01\/Dziecko.png 207w, https:\/\/htb.com.pl\/wp-content\/uploads\/2025\/01\/Dziecko-187x300.png 187w\" sizes=\"auto, (max-width: 207px) 100vw, 207px\" \/><\/figure>\n\n\n\n<h2 class=\"wp-block-heading\">Krzysztof Bosak podaje r\u0119k\u0119 Grzegorzowi Braunowi \u2013 niezwyk\u0142a sytuacja dla S\u0142uchaczy Radia MARIA.<\/h2>\n\n\n\n<figure class=\"wp-block-audio\"><audio controls src=\"https:\/\/htb.com.pl\/wp-content\/uploads\/2023\/06\/Rozmowy-przy-stragania-Braun.mp3\"><\/audio><\/figure>\n\n\n\n<h2 class=\"wp-block-heading\">Jak to z tym PSL-em by\u0142o.<\/h2>\n\n\n\n<figure class=\"wp-block-audio\"><audio controls src=\"https:\/\/htb.com.pl\/wp-content\/uploads\/2023\/06\/Przy-straganie-zmiana-poglagow.mp3\"><\/audio><\/figure>\n\n\n\n<h2 class=\"wp-block-heading\">Rozmowa o elektrowniach j\u0105drowych.<\/h2>\n\n\n\n<figure class=\"wp-block-image size-full\"><img loading=\"lazy\" decoding=\"async\" width=\"645\" height=\"383\" src=\"https:\/\/htb.com.pl\/wp-content\/uploads\/2023\/06\/Dlugosc-zycia.jpg\" alt=\"\" class=\"wp-image-99813\" srcset=\"https:\/\/htb.com.pl\/wp-content\/uploads\/2023\/06\/Dlugosc-zycia.jpg 645w, https:\/\/htb.com.pl\/wp-content\/uploads\/2023\/06\/Dlugosc-zycia-300x178.jpg 300w, https:\/\/htb.com.pl\/wp-content\/uploads\/2023\/06\/Dlugosc-zycia-600x356.jpg 600w\" sizes=\"auto, (max-width: 645px) 100vw, 645px\" \/><\/figure>\n\n\n\n<p>D\u0142ugo\u015b\u0107 \u017cycia<\/p>\n\n\n\n<figure class=\"wp-block-image size-full\"><img loading=\"lazy\" decoding=\"async\" width=\"862\" height=\"528\" src=\"https:\/\/htb.com.pl\/wp-content\/uploads\/2019\/10\/\u015arednia-\u017cycia.png\" alt=\"\" class=\"wp-image-11655\" srcset=\"https:\/\/htb.com.pl\/wp-content\/uploads\/2019\/10\/\u015arednia-\u017cycia.png 862w, https:\/\/htb.com.pl\/wp-content\/uploads\/2019\/10\/\u015arednia-\u017cycia-300x184.png 300w, https:\/\/htb.com.pl\/wp-content\/uploads\/2019\/10\/\u015arednia-\u017cycia-768x470.png 768w, https:\/\/htb.com.pl\/wp-content\/uploads\/2019\/10\/\u015arednia-\u017cycia-600x368.png 600w\" sizes=\"auto, (max-width: 862px) 100vw, 862px\" \/><\/figure>\n\n\n\n<p>D\u0142ugo\u015b\u0107 \u017cycia po 60-tce<\/p>\n\n\n\n<figure class=\"wp-block-image size-full\"><a href=\"https:\/\/htb.com.pl\/?product=czarnobyl-instrukcje-przetrwania\"><img loading=\"lazy\" decoding=\"async\" width=\"200\" height=\"321\" src=\"https:\/\/htb.com.pl\/wp-content\/uploads\/2019\/06\/czarnobylins.jpg\" alt=\"\" class=\"wp-image-4767\" srcset=\"https:\/\/htb.com.pl\/wp-content\/uploads\/2019\/06\/czarnobylins.jpg 200w, https:\/\/htb.com.pl\/wp-content\/uploads\/2019\/06\/czarnobylins-187x300.jpg 187w\" sizes=\"auto, (max-width: 200px) 100vw, 200px\" \/><\/a><figcaption class=\"wp-element-caption\">Czarnobyl. Instrukcje przetrwania<\/figcaption><\/figure>\n\n\n\n<figure class=\"wp-block-audio\"><audio controls src=\"https:\/\/htb.com.pl\/wp-content\/uploads\/2024\/02\/Przy-straganie-elektrownie-atomowe.mp3\"><\/audio><\/figure>\n\n\n\n<figure class=\"wp-block-gallery has-nested-images columns-default is-cropped wp-block-gallery-1 is-layout-flex wp-block-gallery-is-layout-flex\">\n<figure class=\"wp-block-image size-large\"><img loading=\"lazy\" decoding=\"async\" width=\"713\" height=\"1007\" data-id=\"99826\" src=\"https:\/\/htb.com.pl\/wp-content\/uploads\/2024\/02\/Piwo.jpg\" alt=\"\" class=\"wp-image-99826\" srcset=\"https:\/\/htb.com.pl\/wp-content\/uploads\/2024\/02\/Piwo.jpg 713w, https:\/\/htb.com.pl\/wp-content\/uploads\/2024\/02\/Piwo-212x300.jpg 212w, https:\/\/htb.com.pl\/wp-content\/uploads\/2024\/02\/Piwo-600x847.jpg 600w\" sizes=\"auto, (max-width: 713px) 100vw, 713px\" \/><figcaption class=\"wp-element-caption\">Piwo<\/figcaption><\/figure>\n\n\n\n<figure class=\"wp-block-image size-large\"><img loading=\"lazy\" decoding=\"async\" width=\"690\" height=\"1024\" data-id=\"99828\" src=\"https:\/\/htb.com.pl\/wp-content\/uploads\/2023\/06\/Deser-690x1024.jpg\" alt=\"\" class=\"wp-image-99828\" srcset=\"https:\/\/htb.com.pl\/wp-content\/uploads\/2023\/06\/Deser-690x1024.jpg 690w, https:\/\/htb.com.pl\/wp-content\/uploads\/2023\/06\/Deser-202x300.jpg 202w, https:\/\/htb.com.pl\/wp-content\/uploads\/2023\/06\/Deser-600x890.jpg 600w, https:\/\/htb.com.pl\/wp-content\/uploads\/2023\/06\/Deser.jpg 719w\" sizes=\"auto, (max-width: 690px) 100vw, 690px\" \/><figcaption class=\"wp-element-caption\">Deser<\/figcaption><\/figure>\n<\/figure>\n\n\n\n<h2 class=\"wp-block-heading\">Przy straganie wakacyjnie. Rozmawiamy m. in. o tych dw\u00f3ch miejscach: pijalnia piwa w zwierzynieckim browarze i deser w jednej z restauracji na pla\u017cy w Krasnobrodzie.<\/h2>\n\n\n\n<figure class=\"wp-block-audio\"><audio controls src=\"https:\/\/htb.com.pl\/wp-content\/uploads\/2024\/02\/Przy-straganie-wakacyjnie.mp3\"><\/audio><\/figure>\n\n\n\n<h2 class=\"wp-block-heading\">\u201eWersal\u201d w parlamencie. Czasy Andrzeja Leppera i Micha\u0142a Dworczyka.<\/h2>\n\n\n\n<figure class=\"wp-block-audio\"><audio controls src=\"https:\/\/htb.com.pl\/wp-content\/uploads\/2023\/06\/Przy-straganie-o-Lepperze.mp3\"><\/audio><\/figure>\n\n\n\n<figure class=\"wp-block-gallery has-nested-images columns-default is-cropped wp-block-gallery-2 is-layout-flex wp-block-gallery-is-layout-flex\">\n<figure class=\"wp-block-image size-large\"><img loading=\"lazy\" decoding=\"async\" width=\"989\" height=\"549\" data-id=\"93718\" src=\"https:\/\/htb.com.pl\/wp-content\/uploads\/2023\/06\/Pradmaly.png\" alt=\"\" class=\"wp-image-93718\" srcset=\"https:\/\/htb.com.pl\/wp-content\/uploads\/2023\/06\/Pradmaly.png 989w, https:\/\/htb.com.pl\/wp-content\/uploads\/2023\/06\/Pradmaly-300x167.png 300w, https:\/\/htb.com.pl\/wp-content\/uploads\/2023\/06\/Pradmaly-768x426.png 768w, https:\/\/htb.com.pl\/wp-content\/uploads\/2023\/06\/Pradmaly-600x333.png 600w\" sizes=\"auto, (max-width: 989px) 100vw, 989px\" \/><figcaption class=\"wp-element-caption\">Polska z najdro\u017cszym pr\u0105dem w Europie<\/figcaption><\/figure>\n\n\n\n<figure class=\"wp-block-image size-large\"><img loading=\"lazy\" decoding=\"async\" width=\"840\" height=\"376\" data-id=\"93719\" src=\"https:\/\/htb.com.pl\/wp-content\/uploads\/2023\/06\/FREE_840-1.jpg\" alt=\"\" class=\"wp-image-93719\" srcset=\"https:\/\/htb.com.pl\/wp-content\/uploads\/2023\/06\/FREE_840-1.jpg 840w, https:\/\/htb.com.pl\/wp-content\/uploads\/2023\/06\/FREE_840-1-300x134.jpg 300w, https:\/\/htb.com.pl\/wp-content\/uploads\/2023\/06\/FREE_840-1-768x344.jpg 768w, https:\/\/htb.com.pl\/wp-content\/uploads\/2023\/06\/FREE_840-1-600x269.jpg 600w\" sizes=\"auto, (max-width: 840px) 100vw, 840px\" \/><figcaption class=\"wp-element-caption\">Polskie zad\u0142u\u017cenie<\/figcaption><\/figure>\n\n\n\n<figure class=\"wp-block-image size-large\"><img loading=\"lazy\" decoding=\"async\" width=\"996\" height=\"873\" data-id=\"93716\" src=\"https:\/\/htb.com.pl\/wp-content\/uploads\/2023\/06\/Zgonymaly.png\" alt=\"\" class=\"wp-image-93716\" srcset=\"https:\/\/htb.com.pl\/wp-content\/uploads\/2023\/06\/Zgonymaly.png 996w, https:\/\/htb.com.pl\/wp-content\/uploads\/2023\/06\/Zgonymaly-300x263.png 300w, https:\/\/htb.com.pl\/wp-content\/uploads\/2023\/06\/Zgonymaly-768x673.png 768w, https:\/\/htb.com.pl\/wp-content\/uploads\/2023\/06\/Zgonymaly-600x526.png 600w\" sizes=\"auto, (max-width: 996px) 100vw, 996px\" \/><figcaption class=\"wp-element-caption\">Zgony z powodu smogu<\/figcaption><\/figure>\n<\/figure>\n\n\n\n<h2 class=\"wp-block-heading\"><a href=\"http:\/\/radiomaria.com.pl\/wp-content\/uploads\/2020\/04\/Przy-straganie-bum-gospodarczy.mp3\" data-type=\"URL\" data-id=\"http:\/\/radiomaria.com.pl\/wp-content\/uploads\/2020\/04\/Przy-straganie-bum-gospodarczy.mp3\">Pr\u00f3ba podania czegokolwiek pozytywnego w dzia\u0142aniach rz\u0105du polskiego.<\/a><\/h2>\n\n\n\n<figure class=\"wp-block-image size-full\"><img loading=\"lazy\" decoding=\"async\" width=\"973\" height=\"512\" src=\"https:\/\/htb.com.pl\/wp-content\/uploads\/2023\/06\/Bierut.jpg\" alt=\"\" class=\"wp-image-93707\" srcset=\"https:\/\/htb.com.pl\/wp-content\/uploads\/2023\/06\/Bierut.jpg 973w, https:\/\/htb.com.pl\/wp-content\/uploads\/2023\/06\/Bierut-300x158.jpg 300w, https:\/\/htb.com.pl\/wp-content\/uploads\/2023\/06\/Bierut-768x404.jpg 768w, https:\/\/htb.com.pl\/wp-content\/uploads\/2023\/06\/Bierut-600x316.jpg 600w\" sizes=\"auto, (max-width: 973px) 100vw, 973px\" \/><\/figure>\n\n\n\n<h2 class=\"wp-block-heading\"><a href=\"http:\/\/radiomaria.com.pl\/wp-content\/uploads\/2023\/07\/Przy-straganie-reparacje.mp3\">Reparacje, a mo\u017ce odszkodowania? Najlepiej pieni\u0105dze z KPO \u2013 le\u017c\u0105, czekaj\u0105, bez kombinowania.<\/a><\/h2>\n\n\n\n<h2 class=\"wp-block-heading\"><a href=\"http:\/\/radiomaria.com.pl\/wp-content\/uploads\/2020\/04\/Przy-straganie-o-okraglym-stole.mp3\">Sp\u00f3r \u017ce\u015bmy kontynuowali \u2013 o \u201eOkr\u0105g\u0142y St\u00f3\u0142\u201d \u017ce\u015bmy si\u0119 spierali \u2013 ale w zgodzie \u017ce\u015bmy si\u0119 rozstali.<\/a><\/h2>\n\n\n\n\n\n<p><a href=\"http:\/\/radiomaria.com.pl\/wp-content\/uploads\/2022\/10\/Pytania-do-Frania-szkoda.mp3\"><strong>Pytanie do \u201eFrania\u201d<\/strong> osadzonego odsiaduj\u0105cego d\u0142ugoletni wyrok.<\/a><\/p>\n\n\n\n<p><a href=\"http:\/\/radiomaria.com.pl\/wp-content\/uploads\/2023\/05\/A04.05.Przy-straganie-przepowiednia.mp3\">04.05. Hala Targowa Mielec. Jak to kiedy\u015b bywa\u0142o?<\/a><\/p>\n\n\n\n<p><a href=\"http:\/\/radiomaria.com.pl\/wp-content\/uploads\/2023\/05\/Cygan-gra.mp3\">A Cygan gra.<\/a><\/p>\n\n\n\n<p><a href=\"http:\/\/radiomaria.com.pl\/wp-content\/uploads\/2023\/06\/Zydzi.mp3\">W Polsce rz\u0105dz\u0105 \u017bydzi.&nbsp;<\/a><\/p>\n\n\n\n<p><a href=\"http:\/\/radiomaria.com.pl\/wp-content\/uploads\/2023\/06\/Przy-straganie15.06.mp3\">O Antonim Macierewiczu<\/a><\/p>\n\n\n\n<p><a href=\"http:\/\/radiomaria.com.pl\/wp-content\/uploads\/2023\/06\/Przy-stragania-22.06.mp3\">O Jaros\u0142awie Kaczy\u0144skim.<\/a><\/p>\n\n\n\n<p><a href=\"http:\/\/radiomaria.com.pl\/wp-content\/uploads\/2020\/04\/Przy-straganie-pytanie-do-IPN.mp3\">Pytanie do dr. Piotra Szopy z IPN.<\/a><\/p>\n\n\n\n<h2 class=\"wp-block-heading\">Rozmowy z dnia 29.06.<\/h2>\n\n\n\n<figure class=\"wp-block-image size-full\"><img loading=\"lazy\" decoding=\"async\" width=\"987\" height=\"555\" src=\"https:\/\/htb.com.pl\/wp-content\/uploads\/2023\/06\/Liczba-urodzenm.png\" alt=\"\" class=\"wp-image-87886\" srcset=\"https:\/\/htb.com.pl\/wp-content\/uploads\/2023\/06\/Liczba-urodzenm.png 987w, https:\/\/htb.com.pl\/wp-content\/uploads\/2023\/06\/Liczba-urodzenm-300x169.png 300w, https:\/\/htb.com.pl\/wp-content\/uploads\/2023\/06\/Liczba-urodzenm-768x432.png 768w, https:\/\/htb.com.pl\/wp-content\/uploads\/2023\/06\/Liczba-urodzenm-600x337.png 600w\" sizes=\"auto, (max-width: 987px) 100vw, 987px\" \/><\/figure>\n\n\n\n<p><strong><a href=\"http:\/\/radiomaria.com.pl\/wp-content\/uploads\/2023\/06\/27.06.-Znikamy.mp3\">Komentarz Radia MARIA<\/a><\/strong><\/p>\n\n\n\n<figure class=\"wp-block-image size-full\"><img loading=\"lazy\" decoding=\"async\" width=\"480\" height=\"295\" src=\"https:\/\/htb.com.pl\/wp-content\/uploads\/2023\/08\/PLprzyrostNat2.png\" alt=\"\" class=\"wp-image-89781\" srcset=\"https:\/\/htb.com.pl\/wp-content\/uploads\/2023\/08\/PLprzyrostNat2.png 480w, https:\/\/htb.com.pl\/wp-content\/uploads\/2023\/08\/PLprzyrostNat2-300x184.png 300w\" sizes=\"auto, (max-width: 480px) 100vw, 480px\" \/><\/figure>\n\n\n\n<h2 class=\"wp-block-heading\"><a href=\"http:\/\/radiomaria.com.pl\/wp-content\/uploads\/2023\/06\/O-demografi-przy-straganie1.mp3\">Jaros\u0142aw Kaczy\u0144ski to dobry polityk \u2013 bo dba o demografi\u0119.<\/a><\/h2>\n\n\n\n<figure class=\"wp-block-image size-thumbnail\"><img loading=\"lazy\" decoding=\"async\" width=\"150\" height=\"150\" src=\"https:\/\/htb.com.pl\/wp-content\/uploads\/2023\/07\/Tunelmaly-150x150.png\" alt=\"\" class=\"wp-image-87825\" srcset=\"https:\/\/htb.com.pl\/wp-content\/uploads\/2023\/07\/Tunelmaly-150x150.png 150w, https:\/\/htb.com.pl\/wp-content\/uploads\/2023\/07\/Tunelmaly-300x300.png 300w, https:\/\/htb.com.pl\/wp-content\/uploads\/2023\/07\/Tunelmaly-100x100.png 100w\" sizes=\"auto, (max-width: 150px) 100vw, 150px\" \/><\/figure>\n\n\n\n<h2 class=\"wp-block-heading\"><a href=\"http:\/\/radiomaria.com.pl\/wp-content\/uploads\/2023\/07\/Przy-straganie-o-propagandzie.mp3\">Propaganda<\/a><\/h2>\n\n\n\n<figure class=\"wp-block-image size-thumbnail\"><img loading=\"lazy\" decoding=\"async\" width=\"150\" height=\"150\" src=\"https:\/\/htb.com.pl\/wp-content\/uploads\/2023\/06\/RWE-Polska-150x150.png\" alt=\"\" class=\"wp-image-88453\" srcset=\"https:\/\/htb.com.pl\/wp-content\/uploads\/2023\/06\/RWE-Polska-150x150.png 150w, https:\/\/htb.com.pl\/wp-content\/uploads\/2023\/06\/RWE-Polska-300x300.png 300w, https:\/\/htb.com.pl\/wp-content\/uploads\/2023\/06\/RWE-Polska-100x100.png 100w\" sizes=\"auto, (max-width: 150px) 100vw, 150px\" \/><\/figure>\n\n\n\n<h2 class=\"wp-block-heading\"><a href=\"http:\/\/radiomaria.com.pl\/wp-content\/uploads\/2023\/06\/Przy-straganie-o-wolnych-mediach.mp3\">Przy straganie o wolnych mediach.<\/a><\/h2>\n\n\n\n<h2 class=\"wp-block-heading\">Nagrania z dnia 08.07.br.<\/h2>\n\n\n\n<p><strong><a href=\"http:\/\/radiomaria.com.pl\/wp-content\/uploads\/2023\/07\/Przy-strafganie-Rzez-Wolynska.mp3\">Rze\u017a Wo\u0142y\u0144ska<\/a><\/strong><\/p>\n\n\n\n<p><strong><a href=\"http:\/\/radiomaria.com.pl\/wp-content\/uploads\/2023\/07\/Przy-straganie-wolnosciowiec.mp3\">Wolno\u015bciowiec, a nie antyszczepionkowiec<\/a><\/strong><\/p>\n","protected":false},"excerpt":{"rendered":"<p>Rok 2023 Rozmowy Radia MARIA przy straganie w dzie\u0144 targowy. Rozmowy przy straganie. Tadeusz P\u0142eszka \u2013 Rze\u017abiarz z Mielca. Rozmowy przy straganie \u2013 \u201eMieszanka zio\u0142owa przeciwcukrzycowa\u201d. Krzysztof Bosak podaje r\u0119k\u0119 Grzegorzowi Braunowi \u2013 niezwyk\u0142a sytuacja dla S\u0142uchaczy Radia MARIA. Jak to z tym PSL-em by\u0142o. Rozmowa o elektrowniach j\u0105drowych. D\u0142ugo\u015b\u0107 \u017cycia D\u0142ugo\u015b\u0107 \u017cycia po 60-tce [&hellip;]<\/p>\n","protected":false},"author":1,"featured_media":87724,"comment_status":"open","ping_status":"open","sticky":false,"template":"","format":"standard","meta":{"_jetpack_memberships_contains_paid_content":false,"footnotes":""},"categories":[933],"tags":[894],"class_list":["post-87366","post","type-post","status-publish","format-standard","has-post-thumbnail","hentry","category-rozmowy-przy-straganie","tag-rozmowy-przy-straganie-jan-chmura"],"jetpack_sharing_enabled":true,"jetpack_featured_media_url":"https:\/\/htb.com.pl\/wp-content\/uploads\/2023\/06\/Plakatzielony.png","_links":{"self":[{"href":"https:\/\/htb.com.pl\/index.php?rest_route=\/wp\/v2\/posts\/87366","targetHints":{"allow":["GET"]}}],"collection":[{"href":"https:\/\/htb.com.pl\/index.php?rest_route=\/wp\/v2\/posts"}],"about":[{"href":"https:\/\/htb.com.pl\/index.php?rest_route=\/wp\/v2\/types\/post"}],"author":[{"embeddable":true,"href":"https:\/\/htb.com.pl\/index.php?rest_route=\/wp\/v2\/users\/1"}],"replies":[{"embeddable":true,"href":"https:\/\/htb.com.pl\/index.php?rest_route=%2Fwp%2Fv2%2Fcomments&post=87366"}],"version-history":[{"count":50,"href":"https:\/\/htb.com.pl\/index.php?rest_route=\/wp\/v2\/posts\/87366\/revisions"}],"predecessor-version":[{"id":116018,"href":"https:\/\/htb.com.pl\/index.php?rest_route=\/wp\/v2\/posts\/87366\/revisions\/116018"}],"wp:featuredmedia":[{"embeddable":true,"href":"https:\/\/htb.com.pl\/index.php?rest_route=\/wp\/v2\/media\/87724"}],"wp:attachment":[{"href":"https:\/\/htb.com.pl\/index.php?rest_route=%2Fwp%2Fv2%2Fmedia&parent=87366"}],"wp:term":[{"taxonomy":"category","embeddable":true,"href":"https:\/\/htb.com.pl\/index.php?rest_route=%2Fwp%2Fv2%2Fcategories&post=87366"},{"taxonomy":"post_tag","embeddable":true,"href":"https:\/\/htb.com.pl\/index.php?rest_route=%2Fwp%2Fv2%2Ftags&post=87366"}],"curies":[{"name":"wp","href":"https:\/\/api.w.org\/{rel}","templated":true}]}}