{"id":87513,"date":"2023-06-26T11:45:53","date_gmt":"2023-06-26T11:45:53","guid":{"rendered":"https:\/\/htb.com.pl\/?p=87513"},"modified":"2023-06-26T12:40:23","modified_gmt":"2023-06-26T12:40:23","slug":"politykowanie-to-klamanie","status":"publish","type":"post","link":"https:\/\/htb.com.pl\/?p=87513","title":{"rendered":"Politykowanie to k\u0142amanie"},"content":{"rendered":"\n<p> <\/p>\n\n\n\n<figure class=\"wp-block-image size-thumbnail\"><a href=\"https:\/\/htb.com.pl\/wp-content\/uploads\/2023\/06\/Politykowanie-to-klamanie.mp3\"><img loading=\"lazy\" decoding=\"async\" width=\"150\" height=\"150\" src=\"https:\/\/htb.com.pl\/wp-content\/uploads\/2018\/04\/posluchaj-150x150.jpg\" alt=\"\" class=\"wp-image-2020\" srcset=\"https:\/\/htb.com.pl\/wp-content\/uploads\/2018\/04\/posluchaj-150x150.jpg 150w, https:\/\/htb.com.pl\/wp-content\/uploads\/2018\/04\/posluchaj-300x300.jpg 300w, https:\/\/htb.com.pl\/wp-content\/uploads\/2018\/04\/posluchaj-100x100.jpg 100w\" sizes=\"auto, (max-width: 150px) 100vw, 150px\" \/><\/a><\/figure>\n\n\n\n<p> Od lat mam takie przekonanie \u2013 w 1976 roku Marysia mi powiedzia\u0142a, \u017ce jak sko\u0144czy filozofi\u0119, to w polityce b\u0119dzie dzia\u0142a\u0142a. Po co zapyta\u0142em \u2013 z\u0142o b\u0119d\u0119 tam likwidowa\u0142a. Sta\u0142o si\u0119 jednak inaczej. Zanim Marysia filozofem zosta\u0142a z terroryzmem walczy\u0107 musia\u0142a. Tym z\u0142em, kt\u00f3re polityka \u0142\u0105czenia tronu i o\u0142tarza spowodowa\u0142a. Gdy w 1987 roku umiera\u0142a, przed kurduplami ostrzega\u0142a. Zakompleksionymi wata\u017ckami, kt\u00f3rych zwykle na czele grup terroryst\u00f3w widzia\u0142a.<\/p>\n\n\n\n<p>&nbsp; Niestety, Polska jej nie pos\u0142ucha\u0142a i swoj\u0105 polityk\u0119 wzoruj\u0105c si\u0119 na Sanacji J\u00f3zefa Pi\u0142sudskiego zbudowa\u0142a. Ta polityka wszystko zak\u0142ama\u0142a i z\u0142o dobrem nazwa\u0142a. Dzi\u015b Polska znowu b\u0119dzie wybiera\u0142a, ale dobra jakim jest prawda, na listach wyborczych praktycznie nie b\u0119dzie mia\u0142a.<\/p>\n\n\n\n<p>&nbsp; A oto czego w ostatnim okresie polityka oparta na k\u0142amstwie dokona\u0142a:<\/p>\n\n\n\n<p>&nbsp; Politycy Zjednoczonej Prawicy zauwa\u017cyli, \u017ce w k\u0142amaniu przesadzili, kraj potwornie zad\u0142u\u017cyli, <\/p>\n\n\n\n<figure class=\"wp-block-image size-full\"><a href=\"http:\/\/radiomaria.com.pl\/wp-content\/uploads\/2023\/06\/21.06.-Dosc-oszukiwania.mp3\"><img loading=\"lazy\" decoding=\"async\" width=\"840\" height=\"376\" src=\"https:\/\/htb.com.pl\/wp-content\/uploads\/2023\/06\/FREE_840.jpg\" alt=\"\" class=\"wp-image-87517\" srcset=\"https:\/\/htb.com.pl\/wp-content\/uploads\/2023\/06\/FREE_840.jpg 840w, https:\/\/htb.com.pl\/wp-content\/uploads\/2023\/06\/FREE_840-300x134.jpg 300w, https:\/\/htb.com.pl\/wp-content\/uploads\/2023\/06\/FREE_840-768x344.jpg 768w, https:\/\/htb.com.pl\/wp-content\/uploads\/2023\/06\/FREE_840-600x269.jpg 600w\" sizes=\"auto, (max-width: 840px) 100vw, 840px\" \/><\/a><\/figure>\n\n\n\n<p><\/p>\n\n\n\n<p>nas sk\u0142\u00f3cili i mo\u017ce by\u0107 tak, \u017ce b\u0119d\u0105 si\u0119 z tego t\u0142umaczyli. Szefostwo zmienili. Szefa sztabu wyborczego, dobrze wychowanego i przyst\u0119pnego Tomasza Por\u0119b\u0119, na Joachima Brudzi\u0144skiego, <a href=\"http:\/\/radiomaria.com.pl\/wp-content\/uploads\/2023\/06\/20.06.-Joachim-Brudzinski1.mp3\"><img loading=\"lazy\" decoding=\"async\" width=\"150\" height=\"95\" class=\"wp-image-87515\" style=\"width: 150px;\" src=\"https:\/\/htb.com.pl\/wp-content\/uploads\/2023\/06\/Joachoim-Brodzinski.png\" alt=\"\" srcset=\"https:\/\/htb.com.pl\/wp-content\/uploads\/2023\/06\/Joachoim-Brodzinski.png 923w, https:\/\/htb.com.pl\/wp-content\/uploads\/2023\/06\/Joachoim-Brodzinski-300x191.png 300w, https:\/\/htb.com.pl\/wp-content\/uploads\/2023\/06\/Joachoim-Brodzinski-768x488.png 768w, https:\/\/htb.com.pl\/wp-content\/uploads\/2023\/06\/Joachoim-Brodzinski-600x382.png 600w\" sizes=\"auto, (max-width: 150px) 100vw, 150px\" \/><\/a> diametralnie innego &#8211; oraz Jaros\u0142awa Kaczy\u0144skiego <a href=\"http:\/\/radiomaria.com.pl\/wp-content\/uploads\/2023\/06\/21.06.-Zmiany-w-rzadzie.mp3\"><img loading=\"lazy\" decoding=\"async\" width=\"150\" height=\"113\" class=\"wp-image-87522\" style=\"width: 150px;\" src=\"https:\/\/htb.com.pl\/wp-content\/uploads\/2023\/06\/WicepremierK.jpg\" alt=\"\" srcset=\"https:\/\/htb.com.pl\/wp-content\/uploads\/2023\/06\/WicepremierK.jpg 640w, https:\/\/htb.com.pl\/wp-content\/uploads\/2023\/06\/WicepremierK-300x225.jpg 300w, https:\/\/htb.com.pl\/wp-content\/uploads\/2023\/06\/WicepremierK-600x450.jpg 600w\" sizes=\"auto, (max-width: 150px) 100vw, 150px\" \/><\/a> na wz\u00f3r obozu sanacyjnego oficjalnie Naczelnikiem Pa\u0144stwa Polskiego zrobili.&nbsp;<\/p>\n\n\n\n<p>&nbsp;Igrzyska Europejskie w Krakowie otworzyli. Tam prezydenta Andrzeja Dud\u0119 i Jacka Sasina ludzie wygwizdali, co \u017ali politycy chamstwem nazwali. <a href=\"http:\/\/radiomaria.com.pl\/wp-content\/uploads\/2023\/03\/23.06.Gwizdy.mp3\"><img loading=\"lazy\" decoding=\"async\" width=\"150\" height=\"91\" class=\"wp-image-87524\" style=\"width: 150px;\" src=\"https:\/\/htb.com.pl\/wp-content\/uploads\/2023\/06\/Otwarcie-Igrzysk.png\" alt=\"\" srcset=\"https:\/\/htb.com.pl\/wp-content\/uploads\/2023\/06\/Otwarcie-Igrzysk.png 1007w, https:\/\/htb.com.pl\/wp-content\/uploads\/2023\/06\/Otwarcie-Igrzysk-300x183.png 300w, https:\/\/htb.com.pl\/wp-content\/uploads\/2023\/06\/Otwarcie-Igrzysk-768x468.png 768w, https:\/\/htb.com.pl\/wp-content\/uploads\/2023\/06\/Otwarcie-Igrzysk-600x365.png 600w\" sizes=\"auto, (max-width: 150px) 100vw, 150px\" \/><\/a><\/p>\n\n\n\n<p>&nbsp;Podobnie \u017ali politycy w Rosji zadzia\u0142ali. Ci od Prigo\u017cyna tych od Putina zaatakowali, ale si\u0119 dogadali. <a href=\"http:\/\/radiomaria.com.pl\/wp-content\/uploads\/2023\/06\/24.06.-Bunt-Priegozina2.mp3\"><img loading=\"lazy\" decoding=\"async\" width=\"150\" height=\"83\" class=\"wp-image-87526\" style=\"width: 150px;\" src=\"https:\/\/htb.com.pl\/wp-content\/uploads\/2023\/06\/Bunt-P.png\" alt=\"\" srcset=\"https:\/\/htb.com.pl\/wp-content\/uploads\/2023\/06\/Bunt-P.png 748w, https:\/\/htb.com.pl\/wp-content\/uploads\/2023\/06\/Bunt-P-300x166.png 300w, https:\/\/htb.com.pl\/wp-content\/uploads\/2023\/06\/Bunt-P-600x333.png 600w\" sizes=\"auto, (max-width: 150px) 100vw, 150px\" \/><\/a> Prosili\u015bmy, \u017ceby do siebie nie strzelali. Wiemy, \u017ce w Rosji tej pro\u015bby &nbsp;naszego Radia MARIA s\u0142uchali. Mamy jednak informacje, \u017ce nie nas, ale Aleksandra \u0141ukaszenki pos\u0142uchali. Nie b\u0119dziemy si\u0119 upierali. Najwa\u017cniejsze, \u017ceby Rosjanie prawd\u0119 o swych przyw\u00f3dcach poznali, to mo\u017ce i Polacy dobrze by wybrali.<\/p>\n\n\n\n<p>&nbsp;Bo to na Kremlu nasz\u0105 klas\u0119 polityczn\u0105 tak nam ukszta\u0142towali, jak w \u201einstrukcji\u201d carycy Katarzyny II przeczytali. Caryca radzi\u0142a, \u017ceby Rosjanie &nbsp;Polski nie atakowali, tylko Polakom wolno\u015b\u0107 dali i \u017ceby w ten spos\u00f3b Polacy sami si\u0119 zlikwidowali. Dobrze by by\u0142o, \u017ceby\u015bmy przy urnach to w\u0142a\u015bnie pod uwag\u0119 brali. To mo\u017ce nasze dzieci i wnuki nadal Nasz Kraj Polsk\u0105 b\u0119d\u0105 nazywali.<\/p>\n","protected":false},"excerpt":{"rendered":"<p>Od lat mam takie przekonanie \u2013 w 1976 roku Marysia mi powiedzia\u0142a, \u017ce jak sko\u0144czy filozofi\u0119, to w polityce b\u0119dzie dzia\u0142a\u0142a. Po co zapyta\u0142em \u2013 z\u0142o b\u0119d\u0119 tam likwidowa\u0142a. Sta\u0142o si\u0119 jednak inaczej. Zanim Marysia filozofem zosta\u0142a z terroryzmem walczy\u0107 musia\u0142a. Tym z\u0142em, kt\u00f3re polityka \u0142\u0105czenia tronu i o\u0142tarza spowodowa\u0142a. Gdy w 1987 roku umiera\u0142a, [&hellip;]<\/p>\n","protected":false},"author":1,"featured_media":87526,"comment_status":"open","ping_status":"open","sticky":false,"template":"","format":"standard","meta":{"_jetpack_memberships_contains_paid_content":false,"footnotes":""},"categories":[4],"tags":[892],"class_list":["post-87513","post","type-post","status-publish","format-standard","has-post-thumbnail","hentry","category-daty-i-fakty-blog","tag-politykowanie-to-klamanie"],"jetpack_sharing_enabled":true,"jetpack_featured_media_url":"https:\/\/htb.com.pl\/wp-content\/uploads\/2023\/06\/Bunt-P.png","_links":{"self":[{"href":"https:\/\/htb.com.pl\/index.php?rest_route=\/wp\/v2\/posts\/87513","targetHints":{"allow":["GET"]}}],"collection":[{"href":"https:\/\/htb.com.pl\/index.php?rest_route=\/wp\/v2\/posts"}],"about":[{"href":"https:\/\/htb.com.pl\/index.php?rest_route=\/wp\/v2\/types\/post"}],"author":[{"embeddable":true,"href":"https:\/\/htb.com.pl\/index.php?rest_route=\/wp\/v2\/users\/1"}],"replies":[{"embeddable":true,"href":"https:\/\/htb.com.pl\/index.php?rest_route=%2Fwp%2Fv2%2Fcomments&post=87513"}],"version-history":[{"count":9,"href":"https:\/\/htb.com.pl\/index.php?rest_route=\/wp\/v2\/posts\/87513\/revisions"}],"predecessor-version":[{"id":87533,"href":"https:\/\/htb.com.pl\/index.php?rest_route=\/wp\/v2\/posts\/87513\/revisions\/87533"}],"wp:featuredmedia":[{"embeddable":true,"href":"https:\/\/htb.com.pl\/index.php?rest_route=\/wp\/v2\/media\/87526"}],"wp:attachment":[{"href":"https:\/\/htb.com.pl\/index.php?rest_route=%2Fwp%2Fv2%2Fmedia&parent=87513"}],"wp:term":[{"taxonomy":"category","embeddable":true,"href":"https:\/\/htb.com.pl\/index.php?rest_route=%2Fwp%2Fv2%2Fcategories&post=87513"},{"taxonomy":"post_tag","embeddable":true,"href":"https:\/\/htb.com.pl\/index.php?rest_route=%2Fwp%2Fv2%2Ftags&post=87513"}],"curies":[{"name":"wp","href":"https:\/\/api.w.org\/{rel}","templated":true}]}}