{"id":87809,"date":"2023-07-02T09:41:45","date_gmt":"2023-07-02T09:41:45","guid":{"rendered":"https:\/\/htb.com.pl\/?p=87809"},"modified":"2023-07-02T13:35:32","modified_gmt":"2023-07-02T13:35:32","slug":"szkolenia","status":"publish","type":"post","link":"https:\/\/htb.com.pl\/?p=87809","title":{"rendered":"Szkolenia"},"content":{"rendered":"\n<p><\/p>\n\n\n\n<figure class=\"wp-block-image size-thumbnail\"><a href=\"https:\/\/htb.com.pl\/wp-content\/uploads\/2023\/07\/Szkolenia.mp3\"><img loading=\"lazy\" decoding=\"async\" width=\"150\" height=\"150\" src=\"https:\/\/htb.com.pl\/wp-content\/uploads\/2018\/04\/posluchaj-150x150.jpg\" alt=\"\" class=\"wp-image-2020\" srcset=\"https:\/\/htb.com.pl\/wp-content\/uploads\/2018\/04\/posluchaj-150x150.jpg 150w, https:\/\/htb.com.pl\/wp-content\/uploads\/2018\/04\/posluchaj-300x300.jpg 300w, https:\/\/htb.com.pl\/wp-content\/uploads\/2018\/04\/posluchaj-100x100.jpg 100w\" sizes=\"auto, (max-width: 150px) 100vw, 150px\" \/><\/a><\/figure>\n\n\n\n<p>W Radiu MARIA staram si\u0119 ostrzega\u0107 przed z\u0142em, tak jak to robi\u0142a Marysia. Nigdy nie pogodzi\u0142em si\u0119 z jej \u015bmierci\u0105, cho\u0107 bardzo si\u0119 stara\u0142em. Kilka lat temu zrobi\u0142em materia\u0142 o nas. Opisa\u0142em jak spotkali\u015bmy si\u0119 po 10 latach planowego rozstania. Wpis<a href=\"https:\/\/htb.com.pl\/?p=246\"> &#8220;Spotkania po latach &#8211; z Tancerk\u0105&#8221;<\/a>. Historia ta wzbudzi\u0142a zainteresowanie, wi\u0119c j\u0105 kontynuowa\u0142em, a\u017c opisa\u0142em wszystko co pami\u0119ta\u0142em. Obecnie staram si\u0119 pokazywa\u0107 \u015bwiat z jej perspektywy, wykorzystuj\u0105c aktualne poczynania tych, kt\u00f3rym powierzyli\u015bmy dzia\u0142anie w kwestiach dobra &#8211; jego tworzenia, bronienia i sprawiedliwego dzielenia. Politycy, bo o nich tu mowa, ostatnio to dzia\u0142anie rozumiej\u0105 jako  sk\u0142\u00f3canie nas i z Unii Europejskiej wyprowadzanie. <a href=\"http:\/\/radiomaria.com.pl\/wp-content\/uploads\/2023\/06\/01.07.-Zaklamanie.mp3\"><img loading=\"lazy\" decoding=\"async\" width=\"150\" height=\"84\" class=\"wp-image-87825\" style=\"width: 150px;\" src=\"https:\/\/htb.com.pl\/wp-content\/uploads\/2023\/07\/Tunelmaly.png\" alt=\"\" srcset=\"https:\/\/htb.com.pl\/wp-content\/uploads\/2023\/07\/Tunelmaly.png 980w, https:\/\/htb.com.pl\/wp-content\/uploads\/2023\/07\/Tunelmaly-300x167.png 300w, https:\/\/htb.com.pl\/wp-content\/uploads\/2023\/07\/Tunelmaly-768x429.png 768w, https:\/\/htb.com.pl\/wp-content\/uploads\/2023\/07\/Tunelmaly-600x335.png 600w\" sizes=\"auto, (max-width: 150px) 100vw, 150px\" \/><\/a> Od ludzi W\u0142adimira Putina dostali takie zadanie, walk\u0105 o suwerenno\u015b\u0107 to nazwali. Chc\u0119 wierzy\u0107, \u017ce realizuj\u0105 to bez \u015bwiadomo\u015bci, i \u017ce ju\u017c  wkr\u00f3tce wr\u00f3cimy na drog\u0119 do wolno\u015bci. Kremlowskie z\u0142o, kt\u00f3re w Ukrainie jest w odwrocie, <a href=\"http:\/\/radiomaria.com.pl\/wp-content\/uploads\/2023\/06\/27.06.-Ostrzegamy-Ukraine.mp3\"><img loading=\"lazy\" decoding=\"async\" width=\"150\" height=\"88\" class=\"wp-image-87817\" style=\"width: 150px;\" src=\"https:\/\/htb.com.pl\/wp-content\/uploads\/2023\/07\/Ostrzezenie.png\" alt=\"\" srcset=\"https:\/\/htb.com.pl\/wp-content\/uploads\/2023\/07\/Ostrzezenie.png 800w, https:\/\/htb.com.pl\/wp-content\/uploads\/2023\/07\/Ostrzezenie-300x175.png 300w, https:\/\/htb.com.pl\/wp-content\/uploads\/2023\/07\/Ostrzezenie-768x448.png 768w, https:\/\/htb.com.pl\/wp-content\/uploads\/2023\/07\/Ostrzezenie-600x350.png 600w\" sizes=\"auto, (max-width: 150px) 100vw, 150px\" \/><\/a>  w Polsce i we Francji eskaluje. Francuski rz\u0105d reaguje, <a href=\"http:\/\/radiomaria.com.pl\/wp-content\/uploads\/2023\/06\/30.06.-Putinowskie-agendy.mp3\"><img loading=\"lazy\" decoding=\"async\" width=\"150\" height=\"100\" class=\"wp-image-87822\" style=\"width: 150px;\" src=\"https:\/\/htb.com.pl\/wp-content\/uploads\/2023\/07\/Zamieszki.png\" alt=\"\" srcset=\"https:\/\/htb.com.pl\/wp-content\/uploads\/2023\/07\/Zamieszki.png 967w, https:\/\/htb.com.pl\/wp-content\/uploads\/2023\/07\/Zamieszki-300x199.png 300w, https:\/\/htb.com.pl\/wp-content\/uploads\/2023\/07\/Zamieszki-768x510.png 768w, https:\/\/htb.com.pl\/wp-content\/uploads\/2023\/07\/Zamieszki-600x398.png 600w\" sizes=\"auto, (max-width: 150px) 100vw, 150px\" \/><\/a> a polski rozruchy we francuskich miastach do swojej z\u0142ej polityki wykorzystuje.<\/p>\n\n\n\n<p>Jednak najzabawniejsze w ostatnim tygodniu by\u0142o zdarzenie, kt\u00f3re opisa\u0142em jako szkolenie. To ju\u017c tradycyjne moje ostrze\u017cenie przed wzorowaniem si\u0119 na polityce J\u00f3zefa Pi\u0142sudskiego, przez ludzi pana Jaros\u0142awa Kaczy\u0144skiego. <\/p>\n\n\n\n<figure class=\"wp-block-image size-full\"><img loading=\"lazy\" decoding=\"async\" width=\"852\" height=\"518\" src=\"https:\/\/htb.com.pl\/wp-content\/uploads\/2023\/07\/5ba0bbb270c82_o_large.jpg\" alt=\"\" class=\"wp-image-87820\" srcset=\"https:\/\/htb.com.pl\/wp-content\/uploads\/2023\/07\/5ba0bbb270c82_o_large.jpg 852w, https:\/\/htb.com.pl\/wp-content\/uploads\/2023\/07\/5ba0bbb270c82_o_large-300x182.jpg 300w, https:\/\/htb.com.pl\/wp-content\/uploads\/2023\/07\/5ba0bbb270c82_o_large-768x467.jpg 768w, https:\/\/htb.com.pl\/wp-content\/uploads\/2023\/07\/5ba0bbb270c82_o_large-600x365.jpg 600w\" sizes=\"auto, (max-width: 852px) 100vw, 852px\" \/><\/figure>\n\n\n\n<p>Jest takie zdj\u0119cie&nbsp; z Archiwum Cyfrowego z \u0107wicze\u0144 Zwi\u0105zku Strzeleckiego w Zakopanem. Musia\u0142o by\u0107 zrobione oko\u0142o roku 1913, czyli 110 lat temu. Na czele kolumny id\u0105: J\u00f3zef Pi\u0142sudski \u2013 ten ni\u017cszy i Kazimierz Sosnkowski. Kompani\u0119 &nbsp;prowadzi jeszcze Mieczys\u0142aw Ry\u015b-Trojanowski.&nbsp;Nie ma ju\u017c W\u0142adys\u0142awa Sikorskiego, pierwszego g\u0142\u00f3wnodowodz\u0105cego Zwi\u0105zku Strzeleckiego. Dzi\u015b co\u015b podobnego mamy w gabinecie premiera Mateusza Morawieckiego. Na zdj\u0119ciu ze szkolenia komputerowego obecnego Naczelnika Pa\u0144stwa Jaros\u0142awa Kaczy\u0144skiego, widzimy u szczytu sto\u0142u w\u0142a\u015bnie jego i premiera Morawieckiego. Tamto si\u0119 sko\u0144czy\u0142o kl\u0119sk\u0105 wrze\u015bniow\u0105 z roku 1939, a to \u2013 to kl\u0119ska czasu obecnego.<\/p>\n\n\n\n<p>&nbsp; Poszukajmy w naszej historii wzorc\u00f3w z dzia\u0142alno\u015bci: Paderewskiego, Witosa i w\u0142a\u015bnie Sikorskiego, przywr\u00f3\u0107my pot\u0119g\u0119 Pa\u0144stwa Polskiego.<\/p>\n\n\n\n<figure class=\"wp-block-image size-large\"><img loading=\"lazy\" decoding=\"async\" width=\"1024\" height=\"639\" src=\"https:\/\/htb.com.pl\/wp-content\/uploads\/2023\/07\/Posiedzenie-N-1024x639.png\" alt=\"\" class=\"wp-image-87819\" srcset=\"https:\/\/htb.com.pl\/wp-content\/uploads\/2023\/07\/Posiedzenie-N-1024x639.png 1024w, https:\/\/htb.com.pl\/wp-content\/uploads\/2023\/07\/Posiedzenie-N-300x187.png 300w, https:\/\/htb.com.pl\/wp-content\/uploads\/2023\/07\/Posiedzenie-N-768x479.png 768w, https:\/\/htb.com.pl\/wp-content\/uploads\/2023\/07\/Posiedzenie-N-600x374.png 600w, https:\/\/htb.com.pl\/wp-content\/uploads\/2023\/07\/Posiedzenie-N.png 1058w\" sizes=\"auto, (max-width: 1024px) 100vw, 1024px\" \/><\/figure>\n\n\n","protected":false},"excerpt":{"rendered":"<p>W Radiu MARIA staram si\u0119 ostrzega\u0107 przed z\u0142em, tak jak to robi\u0142a Marysia. Nigdy nie pogodzi\u0142em si\u0119 z jej \u015bmierci\u0105, cho\u0107 bardzo si\u0119 stara\u0142em. Kilka lat temu zrobi\u0142em materia\u0142 o nas. Opisa\u0142em jak spotkali\u015bmy si\u0119 po 10 latach planowego rozstania. Wpis &#8220;Spotkania po latach &#8211; z Tancerk\u0105&#8221;. Historia ta wzbudzi\u0142a zainteresowanie, wi\u0119c j\u0105 kontynuowa\u0142em, a\u017c [&hellip;]<\/p>\n","protected":false},"author":1,"featured_media":87827,"comment_status":"open","ping_status":"open","sticky":false,"template":"","format":"standard","meta":{"_jetpack_memberships_contains_paid_content":false,"footnotes":""},"categories":[4],"tags":[],"class_list":["post-87809","post","type-post","status-publish","format-standard","has-post-thumbnail","hentry","category-daty-i-fakty-blog"],"jetpack_sharing_enabled":true,"jetpack_featured_media_url":"https:\/\/htb.com.pl\/wp-content\/uploads\/2023\/07\/KaczMor.png","_links":{"self":[{"href":"https:\/\/htb.com.pl\/index.php?rest_route=\/wp\/v2\/posts\/87809","targetHints":{"allow":["GET"]}}],"collection":[{"href":"https:\/\/htb.com.pl\/index.php?rest_route=\/wp\/v2\/posts"}],"about":[{"href":"https:\/\/htb.com.pl\/index.php?rest_route=\/wp\/v2\/types\/post"}],"author":[{"embeddable":true,"href":"https:\/\/htb.com.pl\/index.php?rest_route=\/wp\/v2\/users\/1"}],"replies":[{"embeddable":true,"href":"https:\/\/htb.com.pl\/index.php?rest_route=%2Fwp%2Fv2%2Fcomments&post=87809"}],"version-history":[{"count":10,"href":"https:\/\/htb.com.pl\/index.php?rest_route=\/wp\/v2\/posts\/87809\/revisions"}],"predecessor-version":[{"id":87839,"href":"https:\/\/htb.com.pl\/index.php?rest_route=\/wp\/v2\/posts\/87809\/revisions\/87839"}],"wp:featuredmedia":[{"embeddable":true,"href":"https:\/\/htb.com.pl\/index.php?rest_route=\/wp\/v2\/media\/87827"}],"wp:attachment":[{"href":"https:\/\/htb.com.pl\/index.php?rest_route=%2Fwp%2Fv2%2Fmedia&parent=87809"}],"wp:term":[{"taxonomy":"category","embeddable":true,"href":"https:\/\/htb.com.pl\/index.php?rest_route=%2Fwp%2Fv2%2Fcategories&post=87809"},{"taxonomy":"post_tag","embeddable":true,"href":"https:\/\/htb.com.pl\/index.php?rest_route=%2Fwp%2Fv2%2Ftags&post=87809"}],"curies":[{"name":"wp","href":"https:\/\/api.w.org\/{rel}","templated":true}]}}