{"id":87930,"date":"2023-07-04T08:32:26","date_gmt":"2023-07-04T08:32:26","guid":{"rendered":"https:\/\/htb.com.pl\/?p=87930"},"modified":"2024-11-23T09:44:29","modified_gmt":"2024-11-23T09:44:29","slug":"koncepcja-sciany-pamieci-przy-sp-3-w-mielcu","status":"publish","type":"post","link":"https:\/\/htb.com.pl\/?p=87930","title":{"rendered":"Koncepcja \u015aciany Pami\u0119ci przy SP 3 w Mielcu"},"content":{"rendered":"\n<p>Materia\u0142y do powstaj\u0105cej audycji radiowej:<\/p>\n\n\n\n<figure class=\"wp-block-image size-full\"><a href=\"http:\/\/radiomaria.com.pl\/?p=152\"><img loading=\"lazy\" decoding=\"async\" width=\"222\" height=\"94\" src=\"https:\/\/htb.com.pl\/wp-content\/uploads\/2022\/08\/Male-radio.png\" alt=\"\" class=\"wp-image-71598\"\/><\/a><figcaption class=\"wp-element-caption\">Witam rozmawiali\u015bmy telefonicznie. Temat to audycja radiowa Radia MARIA &#8211; bardzo wa\u017cny dla s\u0142uchaczy. S\u0105 w\u015br\u00f3d nich ostatni \u017cyj\u0105cy \u015bwiadkowie tamtych dni. Dni zwyci\u0119stwa nad totalitaryzmem. Dzi\u015b gdy widz\u0105, \u017ce z\u0142o si\u0119 odradza, maj\u0105 poczucie, \u017ce przegrali walk\u0119 ze z\u0142em. Pytaj\u0105 m.in. kto zaproponowa\u0142 koncepcj\u0119 \u015bciany pami\u0119ci, kt\u00f3ra wprost odnosi si\u0119 do symboli Brygady \u015awi\u0119tokrzyskiej. Formacji, z kt\u00f3r\u0105 oni walczyli.<br><br><br>&nbsp; Mam wspomnienie Pana, kt\u00f3ry jako partyzant&nbsp; Gwardii Ludowej walczy\u0142 z Niemcami na Porytowym Wzg\u00f3rzu. Wyszed\u0142 z okr\u0105\u017cenia. Wielokrotnie by\u0142em \u015bwiadkiem jego rozm\u00f3w ze st. ogniomistrzem Marianem Mizgalskim ps. Wrona NOW AK, kt\u00f3ry zdobywaj\u0105c armat\u0119 podczas walk na Porytowym Wzg\u00f3rzu walnie przyczyni\u0142 si\u0119 do przerwania okr\u0105\u017cenia. Za ten czyn w 1972 roku zosta\u0142 odznaczony Orderem Virtuti Militari.<br><br><br>&nbsp; Prosz\u0119 o jak\u0105kolwiek wskaz\u00f3wk\u0119, ja musz\u0119 tym ludziom powiedzie\u0107, kto dzi\u015b chce czci\u0107 tych, kt\u00f3rzy si\u0119 wycofali razem z Niemcami, a nie tych co z tymi Niemcami walczyli.<\/figcaption><\/figure>\n\n\n\n<figure class=\"wp-block-image size-full\"><img loading=\"lazy\" decoding=\"async\" width=\"640\" height=\"480\" src=\"https:\/\/htb.com.pl\/wp-content\/uploads\/2023\/07\/koncepcja-1-sciany-1.jpg\" alt=\"\" class=\"wp-image-87931\" srcset=\"https:\/\/htb.com.pl\/wp-content\/uploads\/2023\/07\/koncepcja-1-sciany-1.jpg 640w, https:\/\/htb.com.pl\/wp-content\/uploads\/2023\/07\/koncepcja-1-sciany-1-300x225.jpg 300w, https:\/\/htb.com.pl\/wp-content\/uploads\/2023\/07\/koncepcja-1-sciany-1-600x450.jpg 600w\" sizes=\"auto, (max-width: 640px) 100vw, 640px\" \/><figcaption class=\"wp-element-caption\">Link do mojego filmu na You Tube z ostatnich obchod\u00f3w rocznicy bitwy na Porytowym Wzg\u00f3rzu. Przemawia wspomniany wy\u017cej partyzant.<\/figcaption><\/figure>\n\n\n\n<figure class=\"wp-block-embed is-type-video is-provider-youtube wp-block-embed-youtube wp-embed-aspect-16-9 wp-has-aspect-ratio\"><div class=\"wp-block-embed__wrapper\">\n<iframe loading=\"lazy\" title=\"PORYTOWE WZG\u00d3RZE 12.06.2022.\" width=\"848\" height=\"477\" src=\"https:\/\/www.youtube.com\/embed\/GXm-CmVrKj8?start=358&#038;feature=oembed\" frameborder=\"0\" allow=\"accelerometer; autoplay; clipboard-write; encrypted-media; gyroscope; picture-in-picture; web-share\" allowfullscreen><\/iframe>\n<\/div><\/figure>\n\n\n\n<p>Odpowied\u017a z UM Mielca<\/p>\n\n\n\n<p>Szanowny Panie , w odpowiedzi na pytanie informuj\u0119 \u017ce projekt remontu \u015bciany pami\u0119ci przy SP 3 wykona\u0142a firma ARIAINWEST z Woli Mieleckiej na podstawie koncepcji przygotowanej przez Pana Witolda Targosza.<\/p>\n\n\n\n<p>Edward Tabor<\/p>\n\n\n\n<p>Biuro Promocji i Sportu<\/p>\n\n\n\n<p>Urz\u0119du Miejskiego w Mielcu<\/p>\n\n\n\n<p>Pan Witold Targosz odmawia wypowiedzi. <\/p>\n\n\n\n<figure class=\"wp-block-image size-full\"><img loading=\"lazy\" decoding=\"async\" width=\"800\" height=\"945\" src=\"https:\/\/htb.com.pl\/wp-content\/uploads\/2023\/07\/800px-Brygada_Swietokrzyska_odznaka_powojenna.jpg\" alt=\"\" class=\"wp-image-87938\" srcset=\"https:\/\/htb.com.pl\/wp-content\/uploads\/2023\/07\/800px-Brygada_Swietokrzyska_odznaka_powojenna.jpg 800w, https:\/\/htb.com.pl\/wp-content\/uploads\/2023\/07\/800px-Brygada_Swietokrzyska_odznaka_powojenna-254x300.jpg 254w, https:\/\/htb.com.pl\/wp-content\/uploads\/2023\/07\/800px-Brygada_Swietokrzyska_odznaka_powojenna-768x907.jpg 768w, https:\/\/htb.com.pl\/wp-content\/uploads\/2023\/07\/800px-Brygada_Swietokrzyska_odznaka_powojenna-600x709.jpg 600w\" sizes=\"auto, (max-width: 800px) 100vw, 800px\" \/><figcaption class=\"wp-element-caption\">A oto problem. Orze\u0142 Brygady \u015awietokr4zyskiej. <\/figcaption><\/figure>\n\n\n\n<p>Podobie\u0144stwa:<\/p>\n\n\n\n<ul class=\"wp-block-list\">\n<li>Nawi\u0105zanie do g\u00f3r<\/li>\n\n\n\n<li>Krzy\u017c, jako g\u0142\u00f3wny symbol<\/li>\n\n\n\n<li>Kolorystyka<\/li>\n\n\n\n<li>Otwarty dzi\u00f3b or\u0142a<\/li>\n\n\n\n<li>Charakterystyczne skrzyd\u0142a (odst\u0119py mi\u0119dzy pi\u00f3rami)<\/li>\n<\/ul>\n\n\n\n<figure class=\"wp-block-image size-large\"><img loading=\"lazy\" decoding=\"async\" width=\"726\" height=\"1024\" src=\"https:\/\/htb.com.pl\/wp-content\/uploads\/2023\/07\/800px-POL_Wojska_Ladowe_1.svg_-726x1024.png\" alt=\"\" class=\"wp-image-87945\" srcset=\"https:\/\/htb.com.pl\/wp-content\/uploads\/2023\/07\/800px-POL_Wojska_Ladowe_1.svg_-726x1024.png 726w, https:\/\/htb.com.pl\/wp-content\/uploads\/2023\/07\/800px-POL_Wojska_Ladowe_1.svg_-213x300.png 213w, https:\/\/htb.com.pl\/wp-content\/uploads\/2023\/07\/800px-POL_Wojska_Ladowe_1.svg_-768x1084.png 768w, https:\/\/htb.com.pl\/wp-content\/uploads\/2023\/07\/800px-POL_Wojska_Ladowe_1.svg_-600x847.png 600w, https:\/\/htb.com.pl\/wp-content\/uploads\/2023\/07\/800px-POL_Wojska_Ladowe_1.svg_.png 800w\" sizes=\"auto, (max-width: 726px) 100vw, 726px\" \/><figcaption class=\"wp-element-caption\">Orze\u0142 Wojsk L\u0105dowych wygl\u0105da zupe\u0142nie inaczej. <\/figcaption><\/figure>\n\n\n\n<p>Radio MARIA w imieniu swoich s\u0142uchaczy prosi o zmian\u0119 koncepcji.<\/p>\n\n\n\n<p><\/p>\n\n\n\n<p>Budowa \u015aciany Pami\u0119ci ruszy\u0142a &#8211; m\u00f3j materia\u0142.<\/p>\n\n\n\n<figure class=\"wp-block-audio\"><audio controls src=\"https:\/\/htb.com.pl\/wp-content\/uploads\/2023\/08\/Zlo-promuje-zlo.mp3\"><\/audio><\/figure>\n\n\n\n<p>25.09.br. Przewodnicz\u0105cy Rady Miasta Mielec Pan Bogdan Bieniek wypowiedzia\u0142 si\u0119 w tym temacie.<\/p>\n\n\n\n<figure class=\"wp-block-audio\"><audio controls src=\"https:\/\/htb.com.pl\/wp-content\/uploads\/2023\/09\/Bieniek.mp3\"><\/audio><\/figure>\n","protected":false},"excerpt":{"rendered":"<p>Materia\u0142y do powstaj\u0105cej audycji radiowej: Odpowied\u017a z UM Mielca Szanowny Panie , w odpowiedzi na pytanie informuj\u0119 \u017ce projekt remontu \u015bciany pami\u0119ci przy SP 3 wykona\u0142a firma ARIAINWEST z Woli Mieleckiej na podstawie koncepcji przygotowanej przez Pana Witolda Targosza. Edward Tabor Biuro Promocji i Sportu Urz\u0119du Miejskiego w Mielcu Pan Witold Targosz odmawia wypowiedzi. Podobie\u0144stwa: [&hellip;]<\/p>\n","protected":false},"author":1,"featured_media":87931,"comment_status":"open","ping_status":"open","sticky":false,"template":"","format":"standard","meta":{"_jetpack_memberships_contains_paid_content":false,"footnotes":""},"categories":[895],"tags":[],"class_list":["post-87930","post","type-post","status-publish","format-standard","has-post-thumbnail","hentry","category-projekty-audycji"],"jetpack_sharing_enabled":true,"jetpack_featured_media_url":"https:\/\/htb.com.pl\/wp-content\/uploads\/2023\/07\/koncepcja-1-sciany-1.jpg","_links":{"self":[{"href":"https:\/\/htb.com.pl\/index.php?rest_route=\/wp\/v2\/posts\/87930","targetHints":{"allow":["GET"]}}],"collection":[{"href":"https:\/\/htb.com.pl\/index.php?rest_route=\/wp\/v2\/posts"}],"about":[{"href":"https:\/\/htb.com.pl\/index.php?rest_route=\/wp\/v2\/types\/post"}],"author":[{"embeddable":true,"href":"https:\/\/htb.com.pl\/index.php?rest_route=\/wp\/v2\/users\/1"}],"replies":[{"embeddable":true,"href":"https:\/\/htb.com.pl\/index.php?rest_route=%2Fwp%2Fv2%2Fcomments&post=87930"}],"version-history":[{"count":7,"href":"https:\/\/htb.com.pl\/index.php?rest_route=\/wp\/v2\/posts\/87930\/revisions"}],"predecessor-version":[{"id":92148,"href":"https:\/\/htb.com.pl\/index.php?rest_route=\/wp\/v2\/posts\/87930\/revisions\/92148"}],"wp:featuredmedia":[{"embeddable":true,"href":"https:\/\/htb.com.pl\/index.php?rest_route=\/wp\/v2\/media\/87931"}],"wp:attachment":[{"href":"https:\/\/htb.com.pl\/index.php?rest_route=%2Fwp%2Fv2%2Fmedia&parent=87930"}],"wp:term":[{"taxonomy":"category","embeddable":true,"href":"https:\/\/htb.com.pl\/index.php?rest_route=%2Fwp%2Fv2%2Fcategories&post=87930"},{"taxonomy":"post_tag","embeddable":true,"href":"https:\/\/htb.com.pl\/index.php?rest_route=%2Fwp%2Fv2%2Ftags&post=87930"}],"curies":[{"name":"wp","href":"https:\/\/api.w.org\/{rel}","templated":true}]}}