{"id":88077,"date":"2023-07-07T07:54:03","date_gmt":"2023-07-07T07:54:03","guid":{"rendered":"https:\/\/htb.com.pl\/?p=88077"},"modified":"2023-07-08T15:12:37","modified_gmt":"2023-07-08T15:12:37","slug":"80-rocznica-smierci-gen-wladyslawa-sikorskiego-w-tuszowie-narodowym","status":"publish","type":"post","link":"https:\/\/htb.com.pl\/?p=88077","title":{"rendered":"80 rocznica \u015bmierci gen. W\u0142adys\u0142awa Sikorskiego w Tuszowie Narodowym"},"content":{"rendered":"\n<p>Projekt audycji<\/p>\n\n\n\n<p>Film<\/p>\n\n\n\n<figure class=\"wp-block-embed is-type-video is-provider-youtube wp-block-embed-youtube wp-embed-aspect-16-9 wp-has-aspect-ratio\"><div class=\"wp-block-embed__wrapper\">\n<iframe loading=\"lazy\" title=\"80 rocznica \u015bmierci gen.  W\u0142adys\u0142awa Sikorskiego   Tusz\u00f3w Narodowy\" width=\"848\" height=\"477\" src=\"https:\/\/www.youtube.com\/embed\/zC7OnASUCDk?feature=oembed\" frameborder=\"0\" allow=\"accelerometer; autoplay; clipboard-write; encrypted-media; gyroscope; picture-in-picture; web-share\" allowfullscreen><\/iframe>\n<\/div><figcaption class=\"wp-element-caption\">Po uroczysto\u015bci nagra\u0142em kilka wywiad\u00f3w. Powo\u0142uj\u0119 si\u0119 w nich na fragm\u0119ty archiwalnych audycji Radia MARIA. Oto jeden z takich fragment\u00f3w. Rozmawiam z osadzonym &#8220;Frankiem&#8221;.<\/figcaption><\/figure>\n\n\n\n<figure class=\"wp-block-audio\"><audio controls src=\"https:\/\/htb.com.pl\/wp-content\/uploads\/2023\/07\/Fragment.mp3\"><\/audio><\/figure>\n\n\n\n<p>Wywiad z mieszka\u0144cami Tuszowa Narodowego<\/p>\n\n\n\n<figure class=\"wp-block-audio\"><audio controls src=\"https:\/\/htb.com.pl\/wp-content\/uploads\/2023\/07\/Wywiad-Tuszow-Narodowy-A.mp3\"><\/audio><\/figure>\n\n\n\n<figure class=\"wp-block-gallery has-nested-images columns-default is-cropped wp-block-gallery-1 is-layout-flex wp-block-gallery-is-layout-flex\">\n<figure class=\"wp-block-image size-large\"><img loading=\"lazy\" decoding=\"async\" width=\"300\" height=\"257\" data-id=\"88100\" src=\"https:\/\/htb.com.pl\/wp-content\/uploads\/2023\/07\/pliusnin.png\" alt=\"\" class=\"wp-image-88100\"\/><figcaption class=\"wp-element-caption\">podpu\u0142kownik Pawe\u0142 Plusnin kontroler ze Smole\u0144ska<\/figcaption><\/figure>\n\n\n\n<figure class=\"wp-block-image size-large\"><img loading=\"lazy\" decoding=\"async\" width=\"960\" height=\"480\" data-id=\"88157\" src=\"https:\/\/htb.com.pl\/wp-content\/uploads\/2023\/07\/Zolwioki.jpg\" alt=\"\" class=\"wp-image-88157\" srcset=\"https:\/\/htb.com.pl\/wp-content\/uploads\/2023\/07\/Zolwioki.jpg 960w, https:\/\/htb.com.pl\/wp-content\/uploads\/2023\/07\/Zolwioki-300x150.jpg 300w, https:\/\/htb.com.pl\/wp-content\/uploads\/2023\/07\/Zolwioki-768x384.jpg 768w, https:\/\/htb.com.pl\/wp-content\/uploads\/2023\/07\/Zolwioki-600x300.jpg 600w\" sizes=\"auto, (max-width: 960px) 100vw, 960px\" \/><figcaption class=\"wp-element-caption\">&#8221; \u017b\u00f3\u0142wiki&#8221; Tuska z Putinem<\/figcaption><\/figure>\n<\/figure>\n","protected":false},"excerpt":{"rendered":"<p>Projekt audycji Film Wywiad z mieszka\u0144cami Tuszowa Narodowego<\/p>\n","protected":false},"author":1,"featured_media":88090,"comment_status":"open","ping_status":"open","sticky":false,"template":"","format":"standard","meta":{"_jetpack_memberships_contains_paid_content":false,"footnotes":""},"categories":[528],"tags":[896],"class_list":["post-88077","post","type-post","status-publish","format-standard","has-post-thumbnail","hentry","category-rower","tag-80-rocznica-smierci-gen-wladyslawa-sikorskiego-w-tuszowie-narodowym"],"jetpack_sharing_enabled":true,"jetpack_featured_media_url":"https:\/\/htb.com.pl\/wp-content\/uploads\/2023\/07\/obchodymaly.png","_links":{"self":[{"href":"https:\/\/htb.com.pl\/index.php?rest_route=\/wp\/v2\/posts\/88077","targetHints":{"allow":["GET"]}}],"collection":[{"href":"https:\/\/htb.com.pl\/index.php?rest_route=\/wp\/v2\/posts"}],"about":[{"href":"https:\/\/htb.com.pl\/index.php?rest_route=\/wp\/v2\/types\/post"}],"author":[{"embeddable":true,"href":"https:\/\/htb.com.pl\/index.php?rest_route=\/wp\/v2\/users\/1"}],"replies":[{"embeddable":true,"href":"https:\/\/htb.com.pl\/index.php?rest_route=%2Fwp%2Fv2%2Fcomments&post=88077"}],"version-history":[{"count":9,"href":"https:\/\/htb.com.pl\/index.php?rest_route=\/wp\/v2\/posts\/88077\/revisions"}],"predecessor-version":[{"id":88160,"href":"https:\/\/htb.com.pl\/index.php?rest_route=\/wp\/v2\/posts\/88077\/revisions\/88160"}],"wp:featuredmedia":[{"embeddable":true,"href":"https:\/\/htb.com.pl\/index.php?rest_route=\/wp\/v2\/media\/88090"}],"wp:attachment":[{"href":"https:\/\/htb.com.pl\/index.php?rest_route=%2Fwp%2Fv2%2Fmedia&parent=88077"}],"wp:term":[{"taxonomy":"category","embeddable":true,"href":"https:\/\/htb.com.pl\/index.php?rest_route=%2Fwp%2Fv2%2Fcategories&post=88077"},{"taxonomy":"post_tag","embeddable":true,"href":"https:\/\/htb.com.pl\/index.php?rest_route=%2Fwp%2Fv2%2Ftags&post=88077"}],"curies":[{"name":"wp","href":"https:\/\/api.w.org\/{rel}","templated":true}]}}