{"id":88543,"date":"2023-07-16T05:43:02","date_gmt":"2023-07-16T05:43:02","guid":{"rendered":"https:\/\/htb.com.pl\/?p=88543"},"modified":"2023-07-16T06:46:21","modified_gmt":"2023-07-16T06:46:21","slug":"testament-marysi","status":"publish","type":"post","link":"https:\/\/htb.com.pl\/?p=88543","title":{"rendered":"Testament Marysi"},"content":{"rendered":"\n<figure class=\"wp-block-image size-thumbnail\"><a href=\"https:\/\/htb.com.pl\/wp-content\/uploads\/2023\/07\/Testament-Marysi.mp3\"><img loading=\"lazy\" decoding=\"async\" width=\"150\" height=\"150\" src=\"https:\/\/htb.com.pl\/wp-content\/uploads\/2018\/04\/posluchaj-150x150.jpg\" alt=\"\" class=\"wp-image-2020\" srcset=\"https:\/\/htb.com.pl\/wp-content\/uploads\/2018\/04\/posluchaj-150x150.jpg 150w, https:\/\/htb.com.pl\/wp-content\/uploads\/2018\/04\/posluchaj-300x300.jpg 300w, https:\/\/htb.com.pl\/wp-content\/uploads\/2018\/04\/posluchaj-100x100.jpg 100w\" sizes=\"auto, (max-width: 150px) 100vw, 150px\" \/><\/a><\/figure>\n\n\n\n<p><\/p>\n\n\n\n<figure class=\"wp-block-image size-full\"><img loading=\"lazy\" decoding=\"async\" width=\"756\" height=\"501\" src=\"https:\/\/htb.com.pl\/wp-content\/uploads\/2023\/07\/Ustawa-Wilczka.png\" alt=\"\" class=\"wp-image-88577\" srcset=\"https:\/\/htb.com.pl\/wp-content\/uploads\/2023\/07\/Ustawa-Wilczka.png 756w, https:\/\/htb.com.pl\/wp-content\/uploads\/2023\/07\/Ustawa-Wilczka-300x199.png 300w, https:\/\/htb.com.pl\/wp-content\/uploads\/2023\/07\/Ustawa-Wilczka-600x398.png 600w\" sizes=\"auto, (max-width: 756px) 100vw, 756px\" \/><figcaption class=\"wp-element-caption\">Mieczys\u0142aw Wilczek w 1988 roku zrobi\u0142 to, czego Marysia zrobi\u0107 nie zd\u0105\u017cy\u0142a i Polska gospodarka ruszy\u0142a.<\/figcaption><\/figure>\n\n\n\n<p>Gdy Marysia umiera\u0142a mn\u00f3stwo projekt\u00f3w realizowa\u0142a. Niestety, wszystko to przerwa\u0107 musia\u0142a \u2013 ale cz\u0119\u015b\u0107 innym przekaza\u0142a. Jej Rada Koordynacyjna Okr\u0105g\u0142y St\u00f3\u0142 zorganizowa\u0142a, w 1989 roku ustawa o wolno\u015bci gospodarczej uchwalona zosta\u0142a i a\u017c do ko\u0144ca 2000 roku obowi\u0105zywa\u0142a. Tylko obrona Elektrowni J\u0105drowej \u017barnowiec si\u0119 Marysi nie uda\u0142a i dzi\u015b sta\u0142o si\u0119 to, przed czym ostrzega\u0142a. Je\u017celi chodzi o ceny pr\u0105du, Polska w Europie rekordzist\u0105 zosta\u0142a. <a href=\"http:\/\/radiomaria.com.pl\/wp-content\/uploads\/2023\/07\/12.07.-Miecz-dla-o.Tadeusza.mp3\"><img loading=\"lazy\" decoding=\"async\" width=\"150\" height=\"83\" class=\"wp-image-88570\" style=\"width: 150px;\" src=\"https:\/\/htb.com.pl\/wp-content\/uploads\/2023\/07\/Pradmaly.png\" alt=\"\" srcset=\"https:\/\/htb.com.pl\/wp-content\/uploads\/2023\/07\/Pradmaly.png 989w, https:\/\/htb.com.pl\/wp-content\/uploads\/2023\/07\/Pradmaly-300x167.png 300w, https:\/\/htb.com.pl\/wp-content\/uploads\/2023\/07\/Pradmaly-768x426.png 768w, https:\/\/htb.com.pl\/wp-content\/uploads\/2023\/07\/Pradmaly-600x333.png 600w\" sizes=\"auto, (max-width: 150px) 100vw, 150px\" \/><\/a> Mamy najdro\u017cszy pr\u0105d, bo klasa polityczna, kt\u00f3r\u0105 Ona lud\u017ami bez wyobra\u017ani nazywa\u0142a, do w\u0142adzy&nbsp; w Polsce si\u0119 dorwa\u0142a <a href=\"http:\/\/radiomaria.com.pl\/wp-content\/uploads\/2023\/03\/13.07.-Wywiad-dla-Bilda.mp3\"><img loading=\"lazy\" decoding=\"async\" width=\"150\" height=\"100\" class=\"wp-image-88574\" style=\"width: 150px;\" src=\"https:\/\/htb.com.pl\/wp-content\/uploads\/2023\/07\/Dla-Bildmaly.png\" alt=\"\" srcset=\"https:\/\/htb.com.pl\/wp-content\/uploads\/2023\/07\/Dla-Bildmaly.png 970w, https:\/\/htb.com.pl\/wp-content\/uploads\/2023\/07\/Dla-Bildmaly-300x200.png 300w, https:\/\/htb.com.pl\/wp-content\/uploads\/2023\/07\/Dla-Bildmaly-768x513.png 768w, https:\/\/htb.com.pl\/wp-content\/uploads\/2023\/07\/Dla-Bildmaly-600x401.png 600w\" sizes=\"auto, (max-width: 150px) 100vw, 150px\" \/><\/a> &#8211; i jeszcze ostatniego s\u0142owa tu nie powiedzia\u0142a. Ostatnio zdecydowa\u0142a, \u017ce problemy w energetyce poprzez Toru\u0144skie Radio Maryja z samym Bogiem b\u0119dzie za\u0142atwia\u0142a. <a href=\"http:\/\/radiomaria.com.pl\/wp-content\/uploads\/2023\/07\/1007.Kaczynski-i-RM.mp3\"><img loading=\"lazy\" decoding=\"async\" width=\"150\" height=\"113\" class=\"wp-image-88564\" style=\"width: 150px;\" src=\"https:\/\/htb.com.pl\/wp-content\/uploads\/2023\/07\/Jasna-K.png\" alt=\"\" srcset=\"https:\/\/htb.com.pl\/wp-content\/uploads\/2023\/07\/Jasna-K.png 668w, https:\/\/htb.com.pl\/wp-content\/uploads\/2023\/07\/Jasna-K-300x226.png 300w, https:\/\/htb.com.pl\/wp-content\/uploads\/2023\/07\/Jasna-K-600x452.png 600w\" sizes=\"auto, (max-width: 150px) 100vw, 150px\" \/><\/a><\/p>\n\n\n\n<p>  Miecz o. dyrektorowi Tadeuszowi Rydzykowi podarowali, a przy tym k\u0142amali, \u017ce jest \u015bredniowieczny i \u017ce \u0107wier\u0107 miliona z\u0142otych za niego dali. To nie jest \u015bmieszne, to by\u0142y nasze pieni\u0105dze i tu nie k\u0142amali. Oni naprawd\u0119 je wydali. W tej ich propagandzie to pokazali. Ci z Radia Maryja pielgrzymk\u0119 na Jasn\u0105 G\u00f3r\u0119 zorganizowali. Tam wsp\u00f3lnie ze z\u0142ymi politykami na wa\u0142ach jasnog\u00f3rskich imprezowali, a\u017c Paulini zareagowali i tak jawne \u0142\u0105czenie \u201etronu i o\u0142tarza\u201d w ko\u0144cu skrytykowali.<\/p>\n\n\n\n<p>&nbsp; Pami\u0119tam, jak w Sylwestra 1986 roku cz\u0119stotliwo\u015bci dla Katolickiego Radia Maria, (tego w\u0142oskiego) \u017ce\u015bmy z Marysi\u0105 zdobywali. Z Ruskimi w Bornym Sulinowie \u017ce\u015bmy imprezowali. Ruscy ju\u017c po \u015bmierci Marysi z Polski wyjechali, ale cz\u0119stotliwo\u015bci radiowych, kt\u00f3re posiadali nie oddali, tylko Toru\u0144skie Radio Maryja zorganizowali i wspomniane cz\u0119stotliwo\u015bci wykorzystali.<\/p>\n\n\n\n<p>&nbsp; To by\u0142&nbsp; 1991 rok. Dziwi\u0142em si\u0119, \u017ce GRU, czyli ch\u0142opaki z razwietpura &#8211; bo tak Marysia rosyjskie s\u0142u\u017cby specjalne nazywa\u0142a, takie z\u0142o w Polsce zorganizowa\u0142y. Zrozumia\u0142em to dopiero w 2018 roku, jak ludzie Putina szefa GRU Igora Korbowa nowiczokiem pocz\u0119stowa\u0142y. Korbow i jego ludzie pomoc Marysi obiecali \u2013 po jej \u015bmierci jej \u201eszefa\u201d nuncjusza apostolskiego Franczesko Colas\u0142onno ochraniali i w 1994 roku Porozumienie Budapeszta\u0144skie zorganizowali. <a href=\"http:\/\/radiomaria.com.pl\/wp-content\/uploads\/2023\/07\/11.07.-Hipokryzja-swiata-zachodzniego1.mp3\"><img loading=\"lazy\" decoding=\"async\" width=\"150\" height=\"94\" class=\"wp-image-88572\" style=\"width: 150px;\" src=\"https:\/\/htb.com.pl\/wp-content\/uploads\/2023\/07\/Porozumienia-Budapesztanskie.png\" alt=\"\" srcset=\"https:\/\/htb.com.pl\/wp-content\/uploads\/2023\/07\/Porozumienia-Budapesztanskie.png 752w, https:\/\/htb.com.pl\/wp-content\/uploads\/2023\/07\/Porozumienia-Budapesztanskie-300x188.png 300w, https:\/\/htb.com.pl\/wp-content\/uploads\/2023\/07\/Porozumienia-Budapesztanskie-600x377.png 600w\" sizes=\"auto, (max-width: 150px) 100vw, 150px\" \/><\/a> To tam Amerykanie, Brytyjczycy i Rosjanie Ukrainie bezpiecze\u0144stwo obiecali, w zamian Ukrai\u0144cy z broni j\u0105drowej zrezygnowali.<\/p>\n\n\n\n<p>&nbsp; Niekt\u00f3rzy Polacy, w tym pan Jaros\u0142aw Kaczy\u0144ski si\u0119 w tym zorientowali i dzia\u0142ania \u201eRadia Toru\u0144skiego\u201d krytykowali, ale jak za spraw\u0105 Antoniego Macierewicza Ruscy nazwiska polskich agent\u00f3w poznali i ich zlikwidowali, zar\u00f3wno politycy, jak i publicy\u015bci czy dziennikarze tematu tego zbytnio nie ruszali.<\/p>\n\n\n\n<p>Ludzie Putina ludzi Korbowa z GRU na FSB przemianowali i dzi\u015b Ukrain\u0119 zaatakowali.<\/p>\n\n\n\n<p>&nbsp; W Ukrainie trwa ofensywa, tam z\u0142o z dobrem przegrywa. Trzeba, \u017ceby\u015bmy i my ludzi z wyobra\u017ani\u0105 wybrali i z\u0142o pokonali.<\/p>\n","protected":false},"excerpt":{"rendered":"<p>Gdy Marysia umiera\u0142a mn\u00f3stwo projekt\u00f3w realizowa\u0142a. Niestety, wszystko to przerwa\u0107 musia\u0142a \u2013 ale cz\u0119\u015b\u0107 innym przekaza\u0142a. Jej Rada Koordynacyjna Okr\u0105g\u0142y St\u00f3\u0142 zorganizowa\u0142a, w 1989 roku ustawa o wolno\u015bci gospodarczej uchwalona zosta\u0142a i a\u017c do ko\u0144ca 2000 roku obowi\u0105zywa\u0142a. Tylko obrona Elektrowni J\u0105drowej \u017barnowiec si\u0119 Marysi nie uda\u0142a i dzi\u015b sta\u0142o si\u0119 to, przed czym ostrzega\u0142a. [&hellip;]<\/p>\n","protected":false},"author":1,"featured_media":88577,"comment_status":"open","ping_status":"open","sticky":false,"template":"","format":"standard","meta":{"_jetpack_memberships_contains_paid_content":false,"footnotes":""},"categories":[4],"tags":[902],"class_list":["post-88543","post","type-post","status-publish","format-standard","has-post-thumbnail","hentry","category-daty-i-fakty-blog","tag-testament-marysi"],"jetpack_sharing_enabled":true,"jetpack_featured_media_url":"https:\/\/htb.com.pl\/wp-content\/uploads\/2023\/07\/Ustawa-Wilczka.png","_links":{"self":[{"href":"https:\/\/htb.com.pl\/index.php?rest_route=\/wp\/v2\/posts\/88543","targetHints":{"allow":["GET"]}}],"collection":[{"href":"https:\/\/htb.com.pl\/index.php?rest_route=\/wp\/v2\/posts"}],"about":[{"href":"https:\/\/htb.com.pl\/index.php?rest_route=\/wp\/v2\/types\/post"}],"author":[{"embeddable":true,"href":"https:\/\/htb.com.pl\/index.php?rest_route=\/wp\/v2\/users\/1"}],"replies":[{"embeddable":true,"href":"https:\/\/htb.com.pl\/index.php?rest_route=%2Fwp%2Fv2%2Fcomments&post=88543"}],"version-history":[{"count":17,"href":"https:\/\/htb.com.pl\/index.php?rest_route=\/wp\/v2\/posts\/88543\/revisions"}],"predecessor-version":[{"id":88587,"href":"https:\/\/htb.com.pl\/index.php?rest_route=\/wp\/v2\/posts\/88543\/revisions\/88587"}],"wp:featuredmedia":[{"embeddable":true,"href":"https:\/\/htb.com.pl\/index.php?rest_route=\/wp\/v2\/media\/88577"}],"wp:attachment":[{"href":"https:\/\/htb.com.pl\/index.php?rest_route=%2Fwp%2Fv2%2Fmedia&parent=88543"}],"wp:term":[{"taxonomy":"category","embeddable":true,"href":"https:\/\/htb.com.pl\/index.php?rest_route=%2Fwp%2Fv2%2Fcategories&post=88543"},{"taxonomy":"post_tag","embeddable":true,"href":"https:\/\/htb.com.pl\/index.php?rest_route=%2Fwp%2Fv2%2Ftags&post=88543"}],"curies":[{"name":"wp","href":"https:\/\/api.w.org\/{rel}","templated":true}]}}