{"id":88917,"date":"2023-07-23T08:32:11","date_gmt":"2023-07-23T08:32:11","guid":{"rendered":"https:\/\/htb.com.pl\/?p=88917"},"modified":"2023-07-23T22:38:30","modified_gmt":"2023-07-23T22:38:30","slug":"chamstwo","status":"publish","type":"post","link":"https:\/\/htb.com.pl\/?p=88917","title":{"rendered":"Chamstwo"},"content":{"rendered":"\n<p><strong>&nbsp;<\/strong><\/p>\n\n\n\n<figure class=\"wp-block-image size-thumbnail\"><a href=\"https:\/\/htb.com.pl\/wp-content\/uploads\/2023\/07\/Chamstwo1.mp3\"><img loading=\"lazy\" decoding=\"async\" width=\"150\" height=\"150\" src=\"https:\/\/htb.com.pl\/wp-content\/uploads\/2018\/04\/posluchaj-150x150.jpg\" alt=\"\" class=\"wp-image-2020\" srcset=\"https:\/\/htb.com.pl\/wp-content\/uploads\/2018\/04\/posluchaj-150x150.jpg 150w, https:\/\/htb.com.pl\/wp-content\/uploads\/2018\/04\/posluchaj-300x300.jpg 300w, https:\/\/htb.com.pl\/wp-content\/uploads\/2018\/04\/posluchaj-100x100.jpg 100w\" sizes=\"auto, (max-width: 150px) 100vw, 150px\" \/><\/a><\/figure>\n\n\n\n<p><\/p>\n\n\n\n<figure class=\"wp-block-image size-full\"><img loading=\"lazy\" decoding=\"async\" width=\"637\" height=\"441\" src=\"https:\/\/htb.com.pl\/wp-content\/uploads\/2023\/07\/Dudek.png\" alt=\"\" class=\"wp-image-88936\" srcset=\"https:\/\/htb.com.pl\/wp-content\/uploads\/2023\/07\/Dudek.png 637w, https:\/\/htb.com.pl\/wp-content\/uploads\/2023\/07\/Dudek-300x208.png 300w, https:\/\/htb.com.pl\/wp-content\/uploads\/2023\/07\/Dudek-600x415.png 600w\" sizes=\"auto, (max-width: 637px) 100vw, 637px\" \/><\/figure>\n\n\n\n<p>\u201eChamstwu w&nbsp;\u017cyciu  nale\u017cy si\u0119 przeciwstawia\u0107 si\u0142om i&nbsp;godno\u015bciom osobistom. \u201d<\/p>\n\n\n\n<p>Wpis archiwizuj\u0105cy wydarzenia z ostatniego tygodnia, o jakich m\u00f3wili\u015bmy w Radiu Maria, rozpoczynam cytatem Kabaretu \u201eDudek\u201d. To pocz\u0105tek niezapomnianego dialogu Jana Kobuszewskiego z Wies\u0142awem Go\u0142asem.&nbsp;<\/p>\n\n\n\n<p><strong>&nbsp;<\/strong> Ju\u017c kiedy\u015b napisa\u0142em, \u017ce to zrozumia\u0142em, ale teraz si\u0119 przekona\u0142em, \u017ce nie do ko\u0144ca.&nbsp; A Pa\u0144stwo \u2013 jak je rozumiecie? Mo\u017ce sobie odpowiedzcie. Bo wkr\u00f3tce ponownie chamstwo wybierzemy, a potem \u015bmia\u0107 si\u0119 z tego b\u0119dziemy. Pami\u0119tam, jak ci, kt\u00f3rych \u017ce\u015bmy wybrali narzekali, \u017ce ich poprzednicy w 1947 roku&nbsp; z planu Marschala nie skorzystali, dzi\u015b ci sami, kt\u00f3rzy tamto krytykowali zdecydowali, \u017ce z KPO &#8211; unijnego planu pomocowego nie b\u0119dziemy korzystali. Niekt\u00f3rzy z Pa\u0144stwa b\u0119d\u0105 to popierali \u2013 pomy\u015blcie, czy kiedy\u015b \u017ali politycy, gdy w\u0142adz\u0119 zdoby\u0107 b\u0119d\u0105 pr\u00f3bowali, te\u017c na decyzj\u0119 dzisiejszych z\u0142ych polityk\u00f3w b\u0119d\u0105 narzekali.<\/p>\n\n\n\n<p>Trzeba, \u017ceby\u015bmy dobrych polityk\u00f3w wybrali, w Radiu Maria \u017ce\u015bmy ich zdefiniowali. To tacy, kt\u00f3rzy polityk\u0119 J\u00f3zefa Pi\u0142sudskiego zawsze jako z\u0142o postrzegali i nigdy chamstwa nie tolerowali.&nbsp; Prawda? \u2013 zupe\u0142nie inaczej \u017ce\u015bmy wybierali <a href=\"http:\/\/radiomaria.com.pl\/wp-content\/uploads\/2023\/07\/19.07.-Jak-dlugo-jeszcze.mp3\"><img loading=\"lazy\" decoding=\"async\" width=\"150\" height=\"97\" class=\"wp-image-88932\" style=\"width: 150px;\" src=\"https:\/\/htb.com.pl\/wp-content\/uploads\/2023\/07\/TrybS.png\" alt=\"\" srcset=\"https:\/\/htb.com.pl\/wp-content\/uploads\/2023\/07\/TrybS.png 947w, https:\/\/htb.com.pl\/wp-content\/uploads\/2023\/07\/TrybS-300x193.png 300w, https:\/\/htb.com.pl\/wp-content\/uploads\/2023\/07\/TrybS-768x495.png 768w, https:\/\/htb.com.pl\/wp-content\/uploads\/2023\/07\/TrybS-600x386.png 600w\" sizes=\"auto, (max-width: 150px) 100vw, 150px\" \/><\/a> i prosz\u0119 popatrze\u0107 czego ci ludzie ostatnio dokonali. <\/p>\n\n\n\n<p>Odzywka pos\u0142a Marka Suskiego odno\u015bnie wspomnianego wy\u017cej planu pomocowego, <a href=\"http:\/\/radiomaria.com.pl\/wp-content\/uploads\/2023\/07\/2107.Nic-smiesznego.mp3\"><img loading=\"lazy\" decoding=\"async\" width=\"150\" height=\"89\" class=\"wp-image-88928\" style=\"width: 150px;\" src=\"https:\/\/htb.com.pl\/wp-content\/uploads\/2023\/07\/Suski-gada.png\" alt=\"\" srcset=\"https:\/\/htb.com.pl\/wp-content\/uploads\/2023\/07\/Suski-gada.png 543w, https:\/\/htb.com.pl\/wp-content\/uploads\/2023\/07\/Suski-gada-300x178.png 300w\" sizes=\"auto, (max-width: 150px) 100vw, 150px\" \/><\/a> kt\u00f3ry dla pana Suskiego nie ma znaczenia \u017cadnego, to&nbsp; clou&nbsp; polityki rz\u0105du PiS-owoskiego. S\u0142owo clou pochodzi z j\u0119zyka francuskiego i oznacza gw\u00f3\u017ad\u017a. Niech to b\u0119dzie gw\u00f3\u017ad\u017a do trumny chamstwa polskiego. Mo\u017ce wtedy nie zdarzy si\u0119 co\u015b takiego, jak przypadek Pani Joanny z Krakowa, <a href=\"http:\/\/radiomaria.com.pl\/wp-content\/uploads\/2023\/07\/20.07.Zrobmy-cos.mp3\"><img loading=\"lazy\" decoding=\"async\" width=\"150\" height=\"84\" class=\"wp-image-88934\" style=\"width: 150px;\" src=\"https:\/\/htb.com.pl\/wp-content\/uploads\/2023\/07\/Pani-Joannamaly.jpg\" alt=\"\" srcset=\"https:\/\/htb.com.pl\/wp-content\/uploads\/2023\/07\/Pani-Joannamaly.jpg 993w, https:\/\/htb.com.pl\/wp-content\/uploads\/2023\/07\/Pani-Joannamaly-300x169.jpg 300w, https:\/\/htb.com.pl\/wp-content\/uploads\/2023\/07\/Pani-Joannamaly-768x432.jpg 768w, https:\/\/htb.com.pl\/wp-content\/uploads\/2023\/07\/Pani-Joannamaly-600x338.jpg 600w\" sizes=\"auto, (max-width: 150px) 100vw, 150px\" \/><\/a> kt\u00f3ra od pa\u0144stwa oczekiwa\u0142a pomocy, a dozna\u0142a przemocy.<\/p>\n\n\n\n<p>Mo\u017ce polski rz\u0105d, m\u00f3wi\u0105c Ukraina, nie b\u0119dzie mia\u0142 na wzgl\u0119dzie interes\u00f3w Putina i m\u00f3wi\u0142, \u017ce problemy rolnik\u00f3w ze zbo\u017cem \u2013 to nie jego wina. Ludziom zawsze prawd\u0119 m\u00f3wi\u0107 trzeba, a pomoc Ukrainie si\u0119 nale\u017cy, <a href=\"http:\/\/radiomaria.com.pl\/wp-content\/uploads\/2023\/07\/18.07.-Porozumienie-zbozowe.mp3\"><img loading=\"lazy\" decoding=\"async\" width=\"150\" height=\"91\" class=\"wp-image-88930\" style=\"width: 150px;\" src=\"https:\/\/htb.com.pl\/wp-content\/uploads\/2023\/07\/Zniwa.png\" alt=\"\" srcset=\"https:\/\/htb.com.pl\/wp-content\/uploads\/2023\/07\/Zniwa.png 853w, https:\/\/htb.com.pl\/wp-content\/uploads\/2023\/07\/Zniwa-300x181.png 300w, https:\/\/htb.com.pl\/wp-content\/uploads\/2023\/07\/Zniwa-768x465.png 768w, https:\/\/htb.com.pl\/wp-content\/uploads\/2023\/07\/Zniwa-600x363.png 600w\" sizes=\"auto, (max-width: 150px) 100vw, 150px\" \/><\/a> bo po nich Putin w nas uderzy, cho\u0107 dzi\u015b podobnie jak w 1939 roku prawie nikt z nas w to nie wierzy.<\/p>\n\n\n\n<hr class=\"wp-block-separator has-alpha-channel-opacity\"\/>\n\n\n\n<p><a id=\"_msocom_1\"><\/a><\/p>\n\n\n\n<p>Ostatnio w tym kontek\u015bcie Putin wspomina Stalina i twierdzi, \u017ce to dzi\u0119ki Stalinowi po kl\u0119sce wrze\u015bniowej Polska si\u0119 zaczyna. Co maj\u0105 dzi\u015b odpowiedzie\u0107 Putinowi ci Polacy, kt\u00f3rzy jedynie marsz II korpusu znaj\u0105, a o bitwie pod Lenino poj\u0119cia nie maj\u0105!? To tam powojenna Polska si\u0119 zaczyna! To tam Polacy zadziwili Stalina! Marsz Pierwszego Korpusu.<\/p>\n\n\n\n<hr class=\"wp-block-separator has-alpha-channel-opacity\"\/>\n\n\n\n<p><a id=\"_msocom_1\"><\/a><\/p>\n\n\n\n<figure class=\"wp-block-embed is-type-video is-provider-youtube wp-block-embed-youtube wp-embed-aspect-16-9 wp-has-aspect-ratio\"><div class=\"wp-block-embed__wrapper\">\n<iframe loading=\"lazy\" title=\"Marsz pierwszego korpusu \/ Spoza g\u00f3r i rzek \/  Marsz I Korpusu WP\" width=\"848\" height=\"477\" src=\"https:\/\/www.youtube.com\/embed\/uqHhdnv0CDw?feature=oembed\" frameborder=\"0\" allow=\"accelerometer; autoplay; clipboard-write; encrypted-media; gyroscope; picture-in-picture; web-share\" allowfullscreen><\/iframe>\n<\/div><\/figure>\n","protected":false},"excerpt":{"rendered":"<p>&nbsp; \u201eChamstwu w&nbsp;\u017cyciu nale\u017cy si\u0119 przeciwstawia\u0107 si\u0142om i&nbsp;godno\u015bciom osobistom. \u201d Wpis archiwizuj\u0105cy wydarzenia z ostatniego tygodnia, o jakich m\u00f3wili\u015bmy w Radiu Maria, rozpoczynam cytatem Kabaretu \u201eDudek\u201d. To pocz\u0105tek niezapomnianego dialogu Jana Kobuszewskiego z Wies\u0142awem Go\u0142asem.&nbsp; &nbsp; Ju\u017c kiedy\u015b napisa\u0142em, \u017ce to zrozumia\u0142em, ale teraz si\u0119 przekona\u0142em, \u017ce nie do ko\u0144ca.&nbsp; A Pa\u0144stwo \u2013 jak je [&hellip;]<\/p>\n","protected":false},"author":1,"featured_media":88936,"comment_status":"open","ping_status":"open","sticky":false,"template":"","format":"standard","meta":{"_jetpack_memberships_contains_paid_content":false,"footnotes":""},"categories":[4],"tags":[903],"class_list":["post-88917","post","type-post","status-publish","format-standard","has-post-thumbnail","hentry","category-daty-i-fakty-blog","tag-chamstwo"],"jetpack_sharing_enabled":true,"jetpack_featured_media_url":"https:\/\/htb.com.pl\/wp-content\/uploads\/2023\/07\/Dudek.png","_links":{"self":[{"href":"https:\/\/htb.com.pl\/index.php?rest_route=\/wp\/v2\/posts\/88917","targetHints":{"allow":["GET"]}}],"collection":[{"href":"https:\/\/htb.com.pl\/index.php?rest_route=\/wp\/v2\/posts"}],"about":[{"href":"https:\/\/htb.com.pl\/index.php?rest_route=\/wp\/v2\/types\/post"}],"author":[{"embeddable":true,"href":"https:\/\/htb.com.pl\/index.php?rest_route=\/wp\/v2\/users\/1"}],"replies":[{"embeddable":true,"href":"https:\/\/htb.com.pl\/index.php?rest_route=%2Fwp%2Fv2%2Fcomments&post=88917"}],"version-history":[{"count":20,"href":"https:\/\/htb.com.pl\/index.php?rest_route=\/wp\/v2\/posts\/88917\/revisions"}],"predecessor-version":[{"id":88972,"href":"https:\/\/htb.com.pl\/index.php?rest_route=\/wp\/v2\/posts\/88917\/revisions\/88972"}],"wp:featuredmedia":[{"embeddable":true,"href":"https:\/\/htb.com.pl\/index.php?rest_route=\/wp\/v2\/media\/88936"}],"wp:attachment":[{"href":"https:\/\/htb.com.pl\/index.php?rest_route=%2Fwp%2Fv2%2Fmedia&parent=88917"}],"wp:term":[{"taxonomy":"category","embeddable":true,"href":"https:\/\/htb.com.pl\/index.php?rest_route=%2Fwp%2Fv2%2Fcategories&post=88917"},{"taxonomy":"post_tag","embeddable":true,"href":"https:\/\/htb.com.pl\/index.php?rest_route=%2Fwp%2Fv2%2Ftags&post=88917"}],"curies":[{"name":"wp","href":"https:\/\/api.w.org\/{rel}","templated":true}]}}