{"id":89941,"date":"2023-08-13T05:51:49","date_gmt":"2023-08-13T05:51:49","guid":{"rendered":"https:\/\/htb.com.pl\/?p=89941"},"modified":"2023-08-13T13:24:00","modified_gmt":"2023-08-13T13:24:00","slug":"gra-w-ciemnego-luda","status":"publish","type":"post","link":"https:\/\/htb.com.pl\/?p=89941","title":{"rendered":"Gra w ciemnego luda"},"content":{"rendered":"\n<p><\/p>\n\n\n\n<figure class=\"wp-block-image size-thumbnail\"><a href=\"https:\/\/htb.com.pl\/wp-content\/uploads\/2023\/08\/Gra-w-ciemnego-luda.mp3\"><img loading=\"lazy\" decoding=\"async\" width=\"150\" height=\"150\" src=\"https:\/\/htb.com.pl\/wp-content\/uploads\/2018\/04\/posluchaj-150x150.jpg\" alt=\"\" class=\"wp-image-2020\" srcset=\"https:\/\/htb.com.pl\/wp-content\/uploads\/2018\/04\/posluchaj-150x150.jpg 150w, https:\/\/htb.com.pl\/wp-content\/uploads\/2018\/04\/posluchaj-300x300.jpg 300w, https:\/\/htb.com.pl\/wp-content\/uploads\/2018\/04\/posluchaj-100x100.jpg 100w\" sizes=\"auto, (max-width: 150px) 100vw, 150px\" \/><\/a><\/figure>\n\n\n\n<p>To gra, w kt\u00f3rej rz\u0105dz\u0105cy traktuj\u0105 nas jak kompletnych kretyn\u00f3w, zacz\u0119\u0142a si\u0119 w 2005 roku. Jacek Kurski, wtedy wiceminister kultury \u00a0i g\u0142\u00f3wny strateg w kampanii prezydenckiej Lecha Kaczy\u0144skiego, kt\u00f3ry rywalizowa\u0142 z Donaldem Tuskiem okre\u015bli\u0142 nas wyborc\u00f3w jako \u201eciemny lud\u201d. By\u0142o to w kontek\u015bcie jego wcze\u015bniejszego k\u0142amstwa, jakoby dziadek Tuska zg\u0142osi\u0142 si\u0119 na ochotnika do Wermachtu. Prawda by\u0142a taka, \u017ce do Wermachtu zosta\u0142 wcielony si\u0142\u0105, sk\u0105d po dw\u00f3ch miesi\u0105cach zdezerterowa\u0142 i wst\u0105pi\u0142 do Polskich Si\u0142 Zbrojnych na Zachodzie \u2013 na ochotnika. Gdy zwr\u00f3cono uwag\u0119 Kurskiemu, \u017ce powinien sw\u0105 k\u0142amliw\u0105 wypowied\u017a sprostowa\u0107, powiedzia\u0142: \u201eCiemny lud to kupi\u201d. Niestety mia\u0142 racj\u0119. By\u0142 to pocz\u0105tek wielkich nieszcz\u0119\u015b\u0107 naszego kraju. M\u00f3g\u0142bym wymieni\u0107 wiele przyk\u0142ad\u00f3w, ale to nie czas, ani miejsce. Powiem tylko, \u017ce w\u0142a\u015bnie wtedy zacz\u0119\u0142o rosn\u0105\u0107 nasze zad\u0142u\u017cenie, kt\u00f3re oficjalnie wzros\u0142o ponad dwukrotnie, a nie oficjalnie czterokrotnie.<\/p>\n\n\n\n<p>Dzi\u015b w przededniu kolejnych wybor\u00f3w, teraz parlamentarnych, <a href=\"http:\/\/radiomaria.com.pl\/wp-content\/uploads\/2023\/03\/08.08.-Jest-termin-wyborow.mp3\"><img loading=\"lazy\" decoding=\"async\" width=\"150\" height=\"166\" class=\"wp-image-89964\" style=\"width: 150px;\" src=\"https:\/\/htb.com.pl\/wp-content\/uploads\/2023\/08\/Termin.png\" alt=\"\" srcset=\"https:\/\/htb.com.pl\/wp-content\/uploads\/2023\/08\/Termin.png 658w, https:\/\/htb.com.pl\/wp-content\/uploads\/2023\/08\/Termin-272x300.png 272w, https:\/\/htb.com.pl\/wp-content\/uploads\/2023\/08\/Termin-600x663.png 600w\" sizes=\"auto, (max-width: 150px) 100vw, 150px\" \/><\/a> strategia Kurskiego pod nieobecno\u015b\u0107 jego samego, ma pozostawi\u0107 u w\u0142adzy Jaros\u0142awa Kaczy\u0144skiego. Cz\u0142owieka, dla kt\u00f3rego kl\u0119ska wrze\u015bniowa z roku 1939 to nic takiego. On dzi\u015b bez wojny, jak chodzi o demografi\u0119 doprowadzi\u0142 do czego\u015b podobnego. Jego ugrupowanie k\u0142amie, \u017ce pomaga Ukrainie, a tak naprawd\u0119 sw\u0105 filozofi\u0119 rz\u0105dzenia opiera na Putinie <a href=\"http:\/\/radiomaria.com.pl\/wp-content\/uploads\/2023\/08\/09.08.-Nasi-npolitycy-zapunktowali.mp3\"><img loading=\"lazy\" decoding=\"async\" width=\"150\" height=\"113\" class=\"wp-image-89966\" style=\"width: 150px;\" src=\"https:\/\/htb.com.pl\/wp-content\/uploads\/2023\/08\/Wykoncza.jpg\" alt=\"\" srcset=\"https:\/\/htb.com.pl\/wp-content\/uploads\/2023\/08\/Wykoncza.jpg 968w, https:\/\/htb.com.pl\/wp-content\/uploads\/2023\/08\/Wykoncza-300x225.jpg 300w, https:\/\/htb.com.pl\/wp-content\/uploads\/2023\/08\/Wykoncza-768x576.jpg 768w, https:\/\/htb.com.pl\/wp-content\/uploads\/2023\/08\/Wykoncza-600x450.jpg 600w\" sizes=\"auto, (max-width: 150px) 100vw, 150px\" \/><\/a> zak\u0142adaj\u0105c, \u017ce  Ukraina zginie. My\u015bl\u0119, \u017ce Ukraina to zrozumia\u0142a, ona dobro, jakim jest Unia Europejska wybra\u0142a, <a href=\"http:\/\/radiomaria.com.pl\/wp-content\/uploads\/2023\/08\/06.08.-Festyn-w-Zwierzyncu.mp3\"><img loading=\"lazy\" decoding=\"async\" width=\"150\" height=\"211\" class=\"wp-image-89962\" style=\"width: 150px;\" src=\"https:\/\/htb.com.pl\/wp-content\/uploads\/2023\/08\/Janek-i-Ukrainki-1.jpg\" alt=\"\" srcset=\"https:\/\/htb.com.pl\/wp-content\/uploads\/2023\/08\/Janek-i-Ukrainki-1.jpg 720w, https:\/\/htb.com.pl\/wp-content\/uploads\/2023\/08\/Janek-i-Ukrainki-1-214x300.jpg 214w, https:\/\/htb.com.pl\/wp-content\/uploads\/2023\/08\/Janek-i-Ukrainki-1-600x843.jpg 600w\" sizes=\"auto, (max-width: 150px) 100vw, 150px\" \/><\/a> a gdyby na nasze pytania referendalne odpowiada\u0107 musia\u0142a, to by nie odpowiedzia\u0142a.<\/p>\n\n\n\n<p>Pytania pierwsze: \u201eCzy popierasz wyprzeda\u017c pa\u0144stwowych przedsi\u0119biorstw?\u201d&nbsp;<a href=\"http:\/\/radiomaria.com.pl\/wp-content\/uploads\/2023\/08\/1107.-Referendum.mp3\"><img loading=\"lazy\" decoding=\"async\" width=\"150\" height=\"84\" class=\"wp-image-89968\" style=\"width: 150px;\" src=\"https:\/\/htb.com.pl\/wp-content\/uploads\/2023\/08\/pytanieMale.jpg\" alt=\"\" srcset=\"https:\/\/htb.com.pl\/wp-content\/uploads\/2023\/08\/pytanieMale.jpg 972w, https:\/\/htb.com.pl\/wp-content\/uploads\/2023\/08\/pytanieMale-300x169.jpg 300w, https:\/\/htb.com.pl\/wp-content\/uploads\/2023\/08\/pytanieMale-768x432.jpg 768w, https:\/\/htb.com.pl\/wp-content\/uploads\/2023\/08\/pytanieMale-600x338.jpg 600w\" sizes=\"auto, (max-width: 150px) 100vw, 150px\" \/><\/a><\/p>\n\n\n\n<p>Pytanie drugie:<strong> \u201e<\/strong>Czy jeste\u015b za podwy\u017cszeniem wieku emerytalnego, wynosz\u0105cego dzi\u015b 60 lat dla kobiet i 65 lat dla m\u0119\u017cczyzn?\u201d<\/p>\n\n\n\n<figure class=\"wp-block-image size-full\"><a href=\"http:\/\/radiomaria.com.pl\/wp-content\/uploads\/2023\/08\/12.08.-Drugie-pytanie-referendalne.mp3\"><img loading=\"lazy\" decoding=\"async\" width=\"862\" height=\"528\" src=\"https:\/\/htb.com.pl\/wp-content\/uploads\/2019\/10\/\u015arednia-\u017cycia.png\" alt=\"\" class=\"wp-image-11655\" srcset=\"https:\/\/htb.com.pl\/wp-content\/uploads\/2019\/10\/\u015arednia-\u017cycia.png 862w, https:\/\/htb.com.pl\/wp-content\/uploads\/2019\/10\/\u015arednia-\u017cycia-300x184.png 300w, https:\/\/htb.com.pl\/wp-content\/uploads\/2019\/10\/\u015arednia-\u017cycia-768x470.png 768w, https:\/\/htb.com.pl\/wp-content\/uploads\/2019\/10\/\u015arednia-\u017cycia-600x368.png 600w\" sizes=\"auto, (max-width: 862px) 100vw, 862px\" \/><\/a><\/figure>\n\n\n\n<p><strong>Wykres jest aktywny, podobnie jak miniaturowe zdj\u0119cia, (klikaj\u0105c pos\u0142uchamy archiwalnych nagra\u0144 Radia MARIA) przedstawia d\u0142ugo\u015b\u0107 \u017cycia Polak\u00f3w po 60-tce.  Prosz\u0119 zwr\u00f3ci\u0107 uwag\u0119, \u017ce po przej\u0119ciu w\u0142adzy w 2015 roku przez PiS zacz\u0119\u0142a spada\u0107.<\/strong><\/p>\n\n\n\n<p>Ukraina w \u201eciemnego luda&#8221; by nie zagra\u0142a. Chcia\u0142bym, \u017ceby Polska to zrozumia\u0142a i referendum zbojkotowa\u0142a.<\/p>\n","protected":false},"excerpt":{"rendered":"<p>To gra, w kt\u00f3rej rz\u0105dz\u0105cy traktuj\u0105 nas jak kompletnych kretyn\u00f3w, zacz\u0119\u0142a si\u0119 w 2005 roku. Jacek Kurski, wtedy wiceminister kultury \u00a0i g\u0142\u00f3wny strateg w kampanii prezydenckiej Lecha Kaczy\u0144skiego, kt\u00f3ry rywalizowa\u0142 z Donaldem Tuskiem okre\u015bli\u0142 nas wyborc\u00f3w jako \u201eciemny lud\u201d. By\u0142o to w kontek\u015bcie jego wcze\u015bniejszego k\u0142amstwa, jakoby dziadek Tuska zg\u0142osi\u0142 si\u0119 na ochotnika do Wermachtu. [&hellip;]<\/p>\n","protected":false},"author":1,"featured_media":89973,"comment_status":"open","ping_status":"open","sticky":false,"template":"","format":"standard","meta":{"_jetpack_memberships_contains_paid_content":false,"footnotes":""},"categories":[4],"tags":[905],"class_list":["post-89941","post","type-post","status-publish","format-standard","has-post-thumbnail","hentry","category-daty-i-fakty-blog","tag-gra-w-ciemnego-luda"],"jetpack_sharing_enabled":true,"jetpack_featured_media_url":"https:\/\/htb.com.pl\/wp-content\/uploads\/2023\/08\/CiemnyL.png","_links":{"self":[{"href":"https:\/\/htb.com.pl\/index.php?rest_route=\/wp\/v2\/posts\/89941","targetHints":{"allow":["GET"]}}],"collection":[{"href":"https:\/\/htb.com.pl\/index.php?rest_route=\/wp\/v2\/posts"}],"about":[{"href":"https:\/\/htb.com.pl\/index.php?rest_route=\/wp\/v2\/types\/post"}],"author":[{"embeddable":true,"href":"https:\/\/htb.com.pl\/index.php?rest_route=\/wp\/v2\/users\/1"}],"replies":[{"embeddable":true,"href":"https:\/\/htb.com.pl\/index.php?rest_route=%2Fwp%2Fv2%2Fcomments&post=89941"}],"version-history":[{"count":11,"href":"https:\/\/htb.com.pl\/index.php?rest_route=\/wp\/v2\/posts\/89941\/revisions"}],"predecessor-version":[{"id":89994,"href":"https:\/\/htb.com.pl\/index.php?rest_route=\/wp\/v2\/posts\/89941\/revisions\/89994"}],"wp:featuredmedia":[{"embeddable":true,"href":"https:\/\/htb.com.pl\/index.php?rest_route=\/wp\/v2\/media\/89973"}],"wp:attachment":[{"href":"https:\/\/htb.com.pl\/index.php?rest_route=%2Fwp%2Fv2%2Fmedia&parent=89941"}],"wp:term":[{"taxonomy":"category","embeddable":true,"href":"https:\/\/htb.com.pl\/index.php?rest_route=%2Fwp%2Fv2%2Fcategories&post=89941"},{"taxonomy":"post_tag","embeddable":true,"href":"https:\/\/htb.com.pl\/index.php?rest_route=%2Fwp%2Fv2%2Ftags&post=89941"}],"curies":[{"name":"wp","href":"https:\/\/api.w.org\/{rel}","templated":true}]}}