{"id":902,"date":"2018-06-24T15:49:35","date_gmt":"2018-06-24T15:49:35","guid":{"rendered":"https:\/\/htb.com.pl\/?p=902"},"modified":"2020-02-24T07:41:37","modified_gmt":"2020-02-24T07:41:37","slug":"jan","status":"publish","type":"post","link":"https:\/\/htb.com.pl\/?p=902","title":{"rendered":"Jan"},"content":{"rendered":"<p><img loading=\"lazy\" decoding=\"async\" class=\"alignnone size-full wp-image-905\" src=\"https:\/\/htb.com.pl\/wp-content\/uploads\/2018\/06\/Jan-apo.jpg\" alt=\"\" width=\"190\" height=\"240\" \/><img loading=\"lazy\" decoding=\"async\" class=\"alignnone size-full wp-image-903\" src=\"https:\/\/htb.com.pl\/wp-content\/uploads\/2018\/06\/Jan-aposto\u0142.jpg\" alt=\"\" width=\"141\" height=\"240\" \/><img loading=\"lazy\" decoding=\"async\" class=\"alignnone size-medium wp-image-907\" src=\"https:\/\/htb.com.pl\/wp-content\/uploads\/2018\/06\/jane-300x173.jpg\" alt=\"\" width=\"300\" height=\"173\" srcset=\"https:\/\/htb.com.pl\/wp-content\/uploads\/2018\/06\/jane-300x173.jpg 300w, https:\/\/htb.com.pl\/wp-content\/uploads\/2018\/06\/jane.jpg 400w\" sizes=\"auto, (max-width: 300px) 100vw, 300px\" \/><\/p>\n<p>Mia\u0142em napisa\u0107 o Lasach Janowskich, napisz\u0119 w nast\u0119pnym wpisie . Dzi\u015b jest 24 czerwca 2018\u00a0 rok. Moje imieniny. W\u0142a\u015bnie wr\u00f3ci\u0142em z ko\u015bcio\u0142a. Patrz\u0105c na ten pi\u0119kny o\u0142tarz w Ko\u015bciele \u015awi\u0119tego Ducha w Mielcu, zrozumia\u0142em co mia\u0142a na my\u015bli Pani Maria, p\u00f3\u017aniej moja dziewczyna, gdy w 1976 roku dziwi\u0142a si\u0119, \u017ce wstydz\u0119 si\u0119 swojego imienia &#8211; Jan. Nie mog\u0142em wcze\u015bniej opisa\u0107 momentu naszego poznania, bo nie wiedzia\u0142em, czy mog\u0119 wymieni\u0107 jej imi\u0119. Teraz wiem, \u017ce mog\u0119 i to opisz\u0119.<\/p>\n<p><img loading=\"lazy\" decoding=\"async\" class=\"alignnone size-medium wp-image-1033\" src=\"https:\/\/htb.com.pl\/wp-content\/uploads\/2018\/06\/na-kopcu-300x165.png\" alt=\"\" width=\"300\" height=\"165\" srcset=\"https:\/\/htb.com.pl\/wp-content\/uploads\/2018\/06\/na-kopcu-300x165.png 300w, https:\/\/htb.com.pl\/wp-content\/uploads\/2018\/06\/na-kopcu-768x423.png 768w, https:\/\/htb.com.pl\/wp-content\/uploads\/2018\/06\/na-kopcu-600x331.png 600w, https:\/\/htb.com.pl\/wp-content\/uploads\/2018\/06\/na-kopcu.png 795w\" sizes=\"auto, (max-width: 300px) 100vw, 300px\" \/>\u00a0O\u015brodek wypoczynkowy &#8220;NA KOPCU&#8221; dzi\u015b<\/p>\n<p>Mia\u0142em 15 lat i \u00a0w ka\u017cd\u0105 sobot\u0119 w tamtym czasie \u00a0a by\u0142 koniec wakacji 1976 rok, swoim sk\u0142adakiem Wigry dociera\u0142em na dyskotek\u0119 na Kopcu, taki kemping w Zaklikowie. Lubi\u0142em tam chodzi\u0107 poniewa\u017c przychodzi\u0142y tam panie takie oko\u0142o dwudziestki i super ta\u0144czy\u0142y. \u00a0Ja bardzo chcia\u0142em si\u0119 nauczy\u0107\u00a0 ta\u0144czy\u0107, panie to zauwa\u017cy\u0142y i nawet mnie polubi\u0142y. Gdy wszed\u0142em na sal\u0119 muzyka ju\u017c gra\u0142a ale nikt\u00a0 jeszcze nie ta\u0144czy\u0142. Pod \u015bcianami sta\u0142y panie \u00a0i czeka\u0142y na ch\u0142opak\u00f3w. Ci za\u015b\u00a0 ko\u0144czyli obowi\u0105zkowy rytua\u0142 przed wej\u015bciem na sal\u0119. By\u0142o przyj\u0119te aby waln\u0105\u0107 wino marki Wino (patykiem pisane). Zauwa\u017cy\u0142em, \u017ce patrzy na mnie pani, kt\u00f3ra tydzie\u0144 temu waln\u0119\u0142a w \u0142eb ch\u0142opaka, kt\u00f3ry chcia\u0142 mi zabra\u0107 rower. Podesz\u0142a i zapyta\u0142a gdzie mam rower. Tam gdzie wtedy odpowiedzia\u0142em. Wzi\u0119\u0142a mnie za r\u0119k\u0119 i poszli\u015bmy po ten rower. Wstaw go do mojego domku, b\u0119dzie bezpieczny. Te pijoki jak pochlaj\u0105 znowu b\u0119d\u0119 chcieli czym\u015b do domu wr\u00f3ci\u0107. Wchodz\u0105c do jej domku z rowerem obczy\u015bci\u0142em ko\u0142a z b\u0142ota i zacz\u0105\u0142em starannie wyciera\u0107 buty. Dobra powiedzia\u0142a, mam dwa kije od szczotki ale nie mam szczotki, nie jest za czysto. Rzeczywi\u015bcie nie by\u0142o, zwr\u00f3ci\u0142em uwag\u0119 na te w\u0142a\u015bnie kije od szczotek. Wisia\u0142y pod sufitem na sznurkach. Na jednym by\u0142a kie\u0142basa, a na drugim jej majtki. Jestem Maria, dla przyjaci\u00f3\u0142 Majka, chc\u0119 \u017ceby\u015b mi tak m\u00f3wi\u0142. Ja mam na imi\u0119 Janek, ale wol\u0119 jak si\u0119 do mnie m\u00f3wi Janusz. Dlaczego \u2013 zapyta\u0142a.\u00a0 Bo wszyscy m\u00f3wi\u0105 do mnie Ja\u015b a ja nie jestem ju\u017c dzieckiem. A \u2013 rozumiem, wiesz, ja gdybym by\u0142a ch\u0142opakiem chcia\u0142abym mie\u0107 twoje imi\u0119, Jan. Kiedy\u015b b\u0119d\u0119 tak do ciebie m\u00f3wi\u0142a ale teraz b\u0119d\u0119 m\u00f3wi\u0142a Ja\u015b, tak wiem nie lubisz. Zawrzemy uk\u0142ad. Za ka\u017cde moje Ja\u015b, przytul\u0119 ci\u0119 Jasiu. Przytuli\u0142a mnie tak, \u017ce bardzo polubi\u0142em swoje imi\u0119 \u2013 Ja\u015b. \u00a0Podoba ci si\u0119 u mnie? Tak odpowiedzia\u0142em. Troch\u0119 ma\u0142o miejsca, musz\u0119 co\u015b zrobi\u0107 z tymi kijami, kt\u00f3ry mam zostawi\u0107? Majtki, powiedzia\u0142em zdecydowanie. Super &#8211; podoba mi si\u0119 twoja decyzja, kie\u0142bas\u0119 bierzemy do torby, zjemy do rana. B\u0119dziesz dzi\u015b ta\u0144czy\u0142 tylko ze mn\u0105. Nauczysz si\u0119 du\u017co, obiecuj\u0119. Dotrzyma\u0142a obietnicy, nauczy\u0142em si\u0119 od niej wszystkiego, nauczy\u0142em si\u0119, \u017ce cz\u0142owiek uczy si\u0119 cale \u017cycie.<\/p>\n<p>Dzi\u015b na Mszy \u015bwi\u0119tej, \u00a0po \u00a032 latach od tamtego spotkania, s\u0142uchaj\u0105c Ewangelii \u015awi\u0119tego Jana zrozumia\u0142em, dlaczego Majka chcia\u0142aby mie\u0107 imi\u0119 Jan, gdyby by\u0142a ch\u0142opakiem. Wiara dla niej by\u0142a czym\u015b najwa\u017cniejszym, ka\u017cda jej decyzja by\u0142a podyktowana mi\u0142o\u015bci\u0105 do Boga i Bli\u017aniego. Maria to imi\u0119 Matki Boga a Jan to Aposto\u0142 \u2013 a i to jaki.<\/p>\n<p>\u015awi\u0119ty Jan Ewangelista syn Zebedeusza i Salome, by\u0142 najm\u0142odszym z Aposto\u0142\u00f3w. By\u0142 w wieku Jezusa, ich matki spotka\u0142y si\u0119 b\u0119d\u0105c w stanie b\u0142ogos\u0142awionym. Jan wtedy poczu\u0142 blisko\u015b\u0107 Boga i poruszy\u0142 si\u0119 w \u0142onie matki. M\u00f3wi\u0142 o tym ksi\u0105dz na dzisiejszym kazaniu. Jest wi\u0119c Jan Aposto\u0142 \u0142\u0105cznikiem pomi\u0119dzy Starym i Nowym Testamentem. Jan by\u0142 tym, kt\u00f3ry pozostawi\u0142 po sobie najwi\u0119cej \u015bwiadectw.<\/p>\n<p><a href=\"https:\/\/htb.com.pl\/?p=18549\"><img loading=\"lazy\" decoding=\"async\" class=\"size-full wp-image-945 alignleft\" src=\"https:\/\/htb.com.pl\/wp-content\/uploads\/2018\/06\/Janswiety.jpg\" alt=\"\" width=\"200\" height=\"282\" \/><\/a><\/p>\n<p><a href=\"https:\/\/htb.com.pl\/?p=246\">W roku 1987 zmar\u0142a Majka<\/a>, strasznie to prze\u017cy\u0142em. Ksi\u0105dz kt\u00f3ry mnie spowiada\u0142 przed pogrzebem Majki, kilka dni wcze\u015bniej udziela\u0142 jej Namaszczenia chorych. Nie musia\u0142 s\u0142ucha\u0107 moich grzech\u00f3w, zna\u0142 je. Za pokut\u0119 da\u0142 mi do wypicia szklan\u0119 \u015aliwowicy \u0141\u0119ckiej. Jednak gdy na pogrzebie chcia\u0142em skoczy\u0107 do grobu za moj\u0105 Majk\u0105, ten sam Ksi\u0105dz powiedzia\u0142. Nie &#8211; ty musisz tu zosta\u0107 i m\u00f3wi\u0107 nam co ona do ciebie m\u00f3wi, bo ona zawsze b\u0119dzie w twoim sercu i zawsze b\u0119dzie do ciebie m\u00f3wi\u0142a. Zapami\u0119ta\u0142em te s\u0142owa \u2013 i m\u00f3wi\u0119. Pewnie co\u015b przekr\u0119cam ale si\u0119 staram. Poczytajcie. Tylko pami\u0119tajcie &#8211; moja Majka mia\u0142a na imi\u0119 Maria, jak Matka Boga, nie Maryja. <a href=\"https:\/\/htb.com.pl\/?p=152\">Maryja to Kr\u00f3lowa Niebios<\/a>.<\/p>\n","protected":false},"excerpt":{"rendered":"<p>Mia\u0142em napisa\u0107 o Lasach Janowskich, napisz\u0119 w nast\u0119pnym wpisie . Dzi\u015b jest 24 czerwca 2018\u00a0 rok. Moje imieniny. W\u0142a\u015bnie wr\u00f3ci\u0142em z ko\u015bcio\u0142a. Patrz\u0105c na ten pi\u0119kny o\u0142tarz w Ko\u015bciele \u015awi\u0119tego Ducha w Mielcu, zrozumia\u0142em co mia\u0142a na my\u015bli Pani Maria, p\u00f3\u017aniej moja dziewczyna, gdy w 1976 roku dziwi\u0142a si\u0119, \u017ce wstydz\u0119 si\u0119 swojego imienia &#8211; [&hellip;]<\/p>\n","protected":false},"author":1,"featured_media":907,"comment_status":"open","ping_status":"open","sticky":false,"template":"","format":"standard","meta":{"_jetpack_memberships_contains_paid_content":false,"footnotes":""},"categories":[4],"tags":[109,110],"class_list":["post-902","post","type-post","status-publish","format-standard","has-post-thumbnail","hentry","category-daty-i-fakty-blog","tag-jan","tag-jan-apostol"],"jetpack_sharing_enabled":true,"jetpack_featured_media_url":"https:\/\/htb.com.pl\/wp-content\/uploads\/2018\/06\/jane.jpg","_links":{"self":[{"href":"https:\/\/htb.com.pl\/index.php?rest_route=\/wp\/v2\/posts\/902","targetHints":{"allow":["GET"]}}],"collection":[{"href":"https:\/\/htb.com.pl\/index.php?rest_route=\/wp\/v2\/posts"}],"about":[{"href":"https:\/\/htb.com.pl\/index.php?rest_route=\/wp\/v2\/types\/post"}],"author":[{"embeddable":true,"href":"https:\/\/htb.com.pl\/index.php?rest_route=\/wp\/v2\/users\/1"}],"replies":[{"embeddable":true,"href":"https:\/\/htb.com.pl\/index.php?rest_route=%2Fwp%2Fv2%2Fcomments&post=902"}],"version-history":[{"count":12,"href":"https:\/\/htb.com.pl\/index.php?rest_route=\/wp\/v2\/posts\/902\/revisions"}],"predecessor-version":[{"id":18565,"href":"https:\/\/htb.com.pl\/index.php?rest_route=\/wp\/v2\/posts\/902\/revisions\/18565"}],"wp:featuredmedia":[{"embeddable":true,"href":"https:\/\/htb.com.pl\/index.php?rest_route=\/wp\/v2\/media\/907"}],"wp:attachment":[{"href":"https:\/\/htb.com.pl\/index.php?rest_route=%2Fwp%2Fv2%2Fmedia&parent=902"}],"wp:term":[{"taxonomy":"category","embeddable":true,"href":"https:\/\/htb.com.pl\/index.php?rest_route=%2Fwp%2Fv2%2Fcategories&post=902"},{"taxonomy":"post_tag","embeddable":true,"href":"https:\/\/htb.com.pl\/index.php?rest_route=%2Fwp%2Fv2%2Ftags&post=902"}],"curies":[{"name":"wp","href":"https:\/\/api.w.org\/{rel}","templated":true}]}}