{"id":90324,"date":"2023-08-20T07:13:06","date_gmt":"2023-08-20T07:13:06","guid":{"rendered":"https:\/\/htb.com.pl\/?p=90324"},"modified":"2023-08-20T12:04:04","modified_gmt":"2023-08-20T12:04:04","slug":"swieto-wojska-polskiego-roku-2023","status":"publish","type":"post","link":"https:\/\/htb.com.pl\/?p=90324","title":{"rendered":"\u015awi\u0119to Wojska Polskiego roku 2023"},"content":{"rendered":"\n<p><\/p>\n\n\n\n<figure class=\"wp-block-image size-thumbnail\"><a href=\"https:\/\/htb.com.pl\/wp-content\/uploads\/2023\/08\/Swieto-wojska-Polskiego-roku-2023.mp3\"><img loading=\"lazy\" decoding=\"async\" width=\"150\" height=\"150\" src=\"https:\/\/htb.com.pl\/wp-content\/uploads\/2018\/04\/posluchaj-150x150.jpg\" alt=\"\" class=\"wp-image-2020\" srcset=\"https:\/\/htb.com.pl\/wp-content\/uploads\/2018\/04\/posluchaj-150x150.jpg 150w, https:\/\/htb.com.pl\/wp-content\/uploads\/2018\/04\/posluchaj-300x300.jpg 300w, https:\/\/htb.com.pl\/wp-content\/uploads\/2018\/04\/posluchaj-100x100.jpg 100w\" sizes=\"auto, (max-width: 150px) 100vw, 150px\" \/><\/a><\/figure>\n\n\n\n<p>\u015awi\u0119towali\u015bmy w cieniu konfliktu rosyjsko-ukrai\u0144skiego <a href=\"http:\/\/radiomaria.com.pl\/wp-content\/uploads\/2023\/08\/20.08.Wojna-w-Ukrainie.mp3\"><img loading=\"lazy\" decoding=\"async\" width=\"150\" height=\"98\" class=\"wp-image-90337\" style=\"width: 150px;\" src=\"https:\/\/htb.com.pl\/wp-content\/uploads\/2023\/08\/Bitwa-o-Bachmut.png\" alt=\"\" srcset=\"https:\/\/htb.com.pl\/wp-content\/uploads\/2023\/08\/Bitwa-o-Bachmut.png 752w, https:\/\/htb.com.pl\/wp-content\/uploads\/2023\/08\/Bitwa-o-Bachmut-300x197.png 300w, https:\/\/htb.com.pl\/wp-content\/uploads\/2023\/08\/Bitwa-o-Bachmut-600x393.png 600w\" sizes=\"auto, (max-width: 150px) 100vw, 150px\" \/><\/a> i polsko-polskiego oraz \u017caru, kt\u00f3ry la\u0142 si\u0119 z nieba, bo w sprawach ochrony planety te\u017c nie robimy tego co trzeba.<\/p>\n\n\n\n<p>&nbsp; Nasi politycy podczas obchod\u00f3w tego \u015bwi\u0119ta kolejne pytanie referendalne zaproponowali <a href=\"http:\/\/radiomaria.com.pl\/wp-content\/uploads\/2023\/08\/13.08.Pytanie-trzecie.mp3\"><img loading=\"lazy\" decoding=\"async\" width=\"150\" height=\"84\" class=\"wp-image-90327\" style=\"width: 150px;\" src=\"https:\/\/htb.com.pl\/wp-content\/uploads\/2023\/08\/Pyttrzy.jpg\" alt=\"\" srcset=\"https:\/\/htb.com.pl\/wp-content\/uploads\/2023\/08\/Pyttrzy.jpg 720w, https:\/\/htb.com.pl\/wp-content\/uploads\/2023\/08\/Pyttrzy-300x169.jpg 300w, https:\/\/htb.com.pl\/wp-content\/uploads\/2023\/08\/Pyttrzy-600x338.jpg 600w\" sizes=\"auto, (max-width: 150px) 100vw, 150px\" \/><\/a> <a href=\"http:\/\/radiomaria.com.pl\/wp-content\/uploads\/2023\/08\/14.08.-Czwarte-pytanie.mp3\"><img loading=\"lazy\" decoding=\"async\" width=\"150\" height=\"100\" class=\"wp-image-90326\" style=\"width: 150px;\" src=\"https:\/\/htb.com.pl\/wp-content\/uploads\/2023\/08\/Mariusz-Blaszczak-pytmaly.jpg\" alt=\"\" srcset=\"https:\/\/htb.com.pl\/wp-content\/uploads\/2023\/08\/Mariusz-Blaszczak-pytmaly.jpg 984w, https:\/\/htb.com.pl\/wp-content\/uploads\/2023\/08\/Mariusz-Blaszczak-pytmaly-300x200.jpg 300w, https:\/\/htb.com.pl\/wp-content\/uploads\/2023\/08\/Mariusz-Blaszczak-pytmaly-768x512.jpg 768w, https:\/\/htb.com.pl\/wp-content\/uploads\/2023\/08\/Mariusz-Blaszczak-pytmaly-600x400.jpg 600w\" sizes=\"auto, (max-width: 150px) 100vw, 150px\" \/><\/a> i &nbsp;opowiadali, jak to b\u0119dzie dobrze, jakby\u015bmy ich do parlamentu wybrali. <a href=\"http:\/\/radiomaria.com.pl\/wp-content\/uploads\/2023\/08\/16.08.-Poklosie-swietowania.mp3\"><img loading=\"lazy\" decoding=\"async\" width=\"150\" height=\"101\" class=\"wp-image-90333\" style=\"width: 150px;\" src=\"https:\/\/htb.com.pl\/wp-content\/uploads\/2023\/08\/SwietoW.png\" alt=\"\" srcset=\"https:\/\/htb.com.pl\/wp-content\/uploads\/2023\/08\/SwietoW.png 958w, https:\/\/htb.com.pl\/wp-content\/uploads\/2023\/08\/SwietoW-300x203.png 300w, https:\/\/htb.com.pl\/wp-content\/uploads\/2023\/08\/SwietoW-768x519.png 768w, https:\/\/htb.com.pl\/wp-content\/uploads\/2023\/08\/SwietoW-600x405.png 600w\" sizes=\"auto, (max-width: 150px) 100vw, 150px\" \/><\/a><\/p>\n\n\n\n<p>&nbsp; Zanim w tym parlamencie zasi\u0105dziecie, nasza gospodarka do ko\u0144ca si\u0119 zawali.<\/p>\n\n\n\n<figure class=\"wp-block-image size-full\"><a href=\"http:\/\/radiomaria.com.pl\/wp-content\/uploads\/2023\/08\/18.08.Gospodarka-hamuje.mp3\"><img loading=\"lazy\" decoding=\"async\" width=\"990\" height=\"497\" src=\"https:\/\/htb.com.pl\/wp-content\/uploads\/2023\/08\/Zrzut-ekranu-34maly.png\" alt=\"\" class=\"wp-image-90335\" srcset=\"https:\/\/htb.com.pl\/wp-content\/uploads\/2023\/08\/Zrzut-ekranu-34maly.png 990w, https:\/\/htb.com.pl\/wp-content\/uploads\/2023\/08\/Zrzut-ekranu-34maly-300x151.png 300w, https:\/\/htb.com.pl\/wp-content\/uploads\/2023\/08\/Zrzut-ekranu-34maly-768x386.png 768w, https:\/\/htb.com.pl\/wp-content\/uploads\/2023\/08\/Zrzut-ekranu-34maly-600x301.png 600w\" sizes=\"auto, (max-width: 990px) 100vw, 990px\" \/><\/a><\/figure>\n\n\n\n<p>W\u0142a\u015bnie dane o PKB za ostatni kwarta\u0142 podali i si\u0119 okaza\u0142o, \u017ce najgorsz\u0105 gospodark\u0105 w Europie \u017ce\u015bmy si\u0119 stali. To ju\u017c taka nasza tradycja \u2013 ostatnio w zgonach ponadnormatywnych i inflacji &#8211; jak si\u0119 odwr\u00f3ci tabele, byli\u015bmy na czele.<\/p>\n\n\n\n<p>\u00a0 S\u0142uchacze Radia MARIA te\u017c \u015bwi\u0119towali \u2013 \u015bpiewali. Specjaln\u0105 audycj\u0119 z Placu Armii Krajowej w Mielcu \u017ce\u015bmy dla nich nadali. Mo\u017ce by\u015bcie Kochani tych pie\u015bni pos\u0142uchali i cichutko po\u015bpiewali. Tam, gdzie jest \u015bpiew, tam s\u0105 dobrzy ludzie- m\u00f3wi\u0142a Marysia, gdy noc\u0105 w Ugandzie podczas wojny domowej ze swoimi lud\u017ami do wioski si\u0119 zbli\u017ca\u0142a, a ta wioska \u015bpiewa\u0142a. Wtedy rozkaz wydawa\u0142a: \u201eschowa\u0107 bro\u0144 i poda\u0107 d\u0142o\u0144!\u201d i ju\u017c po chwili z ca\u0142\u0105 wiosk\u0105 i ze swoimi lud\u017ami przy ognisku \u015bpiewa\u0142a.<\/p>\n\n\n\n<figure class=\"wp-block-image size-full\"><img loading=\"lazy\" decoding=\"async\" width=\"968\" height=\"436\" src=\"https:\/\/htb.com.pl\/wp-content\/uploads\/2023\/08\/Audycja.jpg\" alt=\"\" class=\"wp-image-90168\" srcset=\"https:\/\/htb.com.pl\/wp-content\/uploads\/2023\/08\/Audycja.jpg 968w, https:\/\/htb.com.pl\/wp-content\/uploads\/2023\/08\/Audycja-300x135.jpg 300w, https:\/\/htb.com.pl\/wp-content\/uploads\/2023\/08\/Audycja-768x346.jpg 768w, https:\/\/htb.com.pl\/wp-content\/uploads\/2023\/08\/Audycja-600x270.jpg 600w\" sizes=\"auto, (max-width: 968px) 100vw, 968px\" \/><\/figure>\n\n\n\n<figure class=\"wp-block-audio\"><audio controls src=\"https:\/\/htb.com.pl\/wp-content\/uploads\/2023\/08\/Pierwsza.mp3\"><\/audio><\/figure>\n","protected":false},"excerpt":{"rendered":"<p>\u015awi\u0119towali\u015bmy w cieniu konfliktu rosyjsko-ukrai\u0144skiego i polsko-polskiego oraz \u017caru, kt\u00f3ry la\u0142 si\u0119 z nieba, bo w sprawach ochrony planety te\u017c nie robimy tego co trzeba. &nbsp; Nasi politycy podczas obchod\u00f3w tego \u015bwi\u0119ta kolejne pytanie referendalne zaproponowali i &nbsp;opowiadali, jak to b\u0119dzie dobrze, jakby\u015bmy ich do parlamentu wybrali. &nbsp; Zanim w tym parlamencie zasi\u0105dziecie, nasza gospodarka [&hellip;]<\/p>\n","protected":false},"author":1,"featured_media":90339,"comment_status":"open","ping_status":"open","sticky":false,"template":"","format":"standard","meta":{"_jetpack_memberships_contains_paid_content":false,"footnotes":""},"categories":[4],"tags":[],"class_list":["post-90324","post","type-post","status-publish","format-standard","has-post-thumbnail","hentry","category-daty-i-fakty-blog"],"jetpack_sharing_enabled":true,"jetpack_featured_media_url":"https:\/\/htb.com.pl\/wp-content\/uploads\/2023\/08\/Duda_Defilada_SWPmaly.jpg","_links":{"self":[{"href":"https:\/\/htb.com.pl\/index.php?rest_route=\/wp\/v2\/posts\/90324","targetHints":{"allow":["GET"]}}],"collection":[{"href":"https:\/\/htb.com.pl\/index.php?rest_route=\/wp\/v2\/posts"}],"about":[{"href":"https:\/\/htb.com.pl\/index.php?rest_route=\/wp\/v2\/types\/post"}],"author":[{"embeddable":true,"href":"https:\/\/htb.com.pl\/index.php?rest_route=\/wp\/v2\/users\/1"}],"replies":[{"embeddable":true,"href":"https:\/\/htb.com.pl\/index.php?rest_route=%2Fwp%2Fv2%2Fcomments&post=90324"}],"version-history":[{"count":9,"href":"https:\/\/htb.com.pl\/index.php?rest_route=\/wp\/v2\/posts\/90324\/revisions"}],"predecessor-version":[{"id":90355,"href":"https:\/\/htb.com.pl\/index.php?rest_route=\/wp\/v2\/posts\/90324\/revisions\/90355"}],"wp:featuredmedia":[{"embeddable":true,"href":"https:\/\/htb.com.pl\/index.php?rest_route=\/wp\/v2\/media\/90339"}],"wp:attachment":[{"href":"https:\/\/htb.com.pl\/index.php?rest_route=%2Fwp%2Fv2%2Fmedia&parent=90324"}],"wp:term":[{"taxonomy":"category","embeddable":true,"href":"https:\/\/htb.com.pl\/index.php?rest_route=%2Fwp%2Fv2%2Fcategories&post=90324"},{"taxonomy":"post_tag","embeddable":true,"href":"https:\/\/htb.com.pl\/index.php?rest_route=%2Fwp%2Fv2%2Ftags&post=90324"}],"curies":[{"name":"wp","href":"https:\/\/api.w.org\/{rel}","templated":true}]}}