{"id":90360,"date":"2023-08-20T13:24:56","date_gmt":"2023-08-20T13:24:56","guid":{"rendered":"https:\/\/htb.com.pl\/?p=90360"},"modified":"2023-11-20T07:54:32","modified_gmt":"2023-11-20T07:54:32","slug":"drugie-sniadanie-przy-straganie","status":"publish","type":"post","link":"https:\/\/htb.com.pl\/?p=90360","title":{"rendered":"Drugie \u015bniadanie przy straganie"},"content":{"rendered":"\n<p><\/p>\n\n\n\n<figure class=\"wp-block-image size-full\"><img loading=\"lazy\" decoding=\"async\" width=\"696\" height=\"977\" src=\"https:\/\/htb.com.pl\/wp-content\/uploads\/2023\/08\/plakat_dobryDRUGIE.jpg\" alt=\"\" class=\"wp-image-90361\" srcset=\"https:\/\/htb.com.pl\/wp-content\/uploads\/2023\/08\/plakat_dobryDRUGIE.jpg 696w, https:\/\/htb.com.pl\/wp-content\/uploads\/2023\/08\/plakat_dobryDRUGIE-214x300.jpg 214w, https:\/\/htb.com.pl\/wp-content\/uploads\/2023\/08\/plakat_dobryDRUGIE-600x842.jpg 600w\" sizes=\"auto, (max-width: 696px) 100vw, 696px\" \/><\/figure>\n\n\n\n<p>To nowy projekty Radia MARIA, ma promowa\u0107 specyfiki, jakie sprzedaj\u0119 na Mieleckim Bazarze przy Hali Targowej. Mam nadziej\u0119, \u017ce na to moje \u015bnadanie uda mi si\u0119 zaprosi\u0107 go\u015bci.<\/p>\n\n\n\n<figure class=\"wp-block-embed is-type-video is-provider-youtube wp-block-embed-youtube wp-embed-aspect-16-9 wp-has-aspect-ratio\"><div class=\"wp-block-embed__wrapper\">\n<iframe loading=\"lazy\" title=\"KAWA PO TURECKU\" width=\"848\" height=\"477\" src=\"https:\/\/www.youtube.com\/embed\/YNAEDirIs_8?feature=oembed\" frameborder=\"0\" allow=\"accelerometer; autoplay; clipboard-write; encrypted-media; gyroscope; picture-in-picture; web-share\" allowfullscreen><\/iframe>\n<\/div><\/figure>\n\n\n\n<p>Na pocz\u0105tek filmik z propozycj\u0105 na takie \u015bniadanie. <img loading=\"lazy\" decoding=\"async\" width=\"150\" height=\"211\" class=\"wp-image-90362\" style=\"width: 150px;\" src=\"https:\/\/htb.com.pl\/wp-content\/uploads\/2023\/08\/plakat_dobryPOMIDOR.jpg\" alt=\"\" srcset=\"https:\/\/htb.com.pl\/wp-content\/uploads\/2023\/08\/plakat_dobryPOMIDOR.jpg 696w, https:\/\/htb.com.pl\/wp-content\/uploads\/2023\/08\/plakat_dobryPOMIDOR-214x300.jpg 214w, https:\/\/htb.com.pl\/wp-content\/uploads\/2023\/08\/plakat_dobryPOMIDOR-600x842.jpg 600w\" sizes=\"auto, (max-width: 150px) 100vw, 150px\" \/><\/p>\n\n\n\n<figure class=\"wp-block-embed is-type-video is-provider-youtube wp-block-embed-youtube wp-embed-aspect-16-9 wp-has-aspect-ratio\"><div class=\"wp-block-embed__wrapper\">\n<iframe loading=\"lazy\" title=\"OLEJ KONOPNY Z POMIDORAMI\" width=\"848\" height=\"477\" src=\"https:\/\/www.youtube.com\/embed\/YugppYnxOs4?feature=oembed\" frameborder=\"0\" allow=\"accelerometer; autoplay; clipboard-write; encrypted-media; gyroscope; picture-in-picture; web-share\" allowfullscreen><\/iframe>\n<\/div><\/figure>\n\n\n\n<h2 class=\"wp-block-heading\">KOKTAJL Z OLEJEM LNIANYM<\/h2>\n\n\n\n<figure class=\"wp-block-embed is-type-video is-provider-youtube wp-block-embed-youtube wp-embed-aspect-16-9 wp-has-aspect-ratio\"><div class=\"wp-block-embed__wrapper\">\n<iframe loading=\"lazy\" title=\"KOLTAJL Z OLEJEM LNIANYM\" width=\"848\" height=\"477\" src=\"https:\/\/www.youtube.com\/embed\/W8ryI47KXyQ?feature=oembed\" frameborder=\"0\" allow=\"accelerometer; autoplay; clipboard-write; encrypted-media; gyroscope; picture-in-picture; web-share\" allowfullscreen><\/iframe>\n<\/div><\/figure>\n\n\n\n<h2 class=\"wp-block-heading\">&#8220;Pan od Konfederacji&#8221; &#8211; materia\u0142 radiowy dla Radia MARIA, powsta\u0142y przy okazji nagrywania tego filmiku.<\/h2>\n\n\n\n<figure class=\"wp-block-audio\"><audio controls src=\"https:\/\/htb.com.pl\/wp-content\/uploads\/2023\/08\/Pan-od-Konfederacji.mp3\"><\/audio><\/figure>\n","protected":false},"excerpt":{"rendered":"<p>To nowy projekty Radia MARIA, ma promowa\u0107 specyfiki, jakie sprzedaj\u0119 na Mieleckim Bazarze przy Hali Targowej. Mam nadziej\u0119, \u017ce na to moje \u015bnadanie uda mi si\u0119 zaprosi\u0107 go\u015bci. Na pocz\u0105tek filmik z propozycj\u0105 na takie \u015bniadanie. KOKTAJL Z OLEJEM LNIANYM &#8220;Pan od Konfederacji&#8221; &#8211; materia\u0142 radiowy dla Radia MARIA, powsta\u0142y przy okazji nagrywania tego filmiku.<\/p>\n","protected":false},"author":1,"featured_media":90361,"comment_status":"open","ping_status":"open","sticky":false,"template":"","format":"standard","meta":{"_jetpack_memberships_contains_paid_content":false,"footnotes":""},"categories":[895,1],"tags":[],"class_list":["post-90360","post","type-post","status-publish","format-standard","has-post-thumbnail","hentry","category-projekty-audycji","category-uncategorized"],"jetpack_sharing_enabled":true,"jetpack_featured_media_url":"https:\/\/htb.com.pl\/wp-content\/uploads\/2023\/08\/plakat_dobryDRUGIE.jpg","_links":{"self":[{"href":"https:\/\/htb.com.pl\/index.php?rest_route=\/wp\/v2\/posts\/90360","targetHints":{"allow":["GET"]}}],"collection":[{"href":"https:\/\/htb.com.pl\/index.php?rest_route=\/wp\/v2\/posts"}],"about":[{"href":"https:\/\/htb.com.pl\/index.php?rest_route=\/wp\/v2\/types\/post"}],"author":[{"embeddable":true,"href":"https:\/\/htb.com.pl\/index.php?rest_route=\/wp\/v2\/users\/1"}],"replies":[{"embeddable":true,"href":"https:\/\/htb.com.pl\/index.php?rest_route=%2Fwp%2Fv2%2Fcomments&post=90360"}],"version-history":[{"count":5,"href":"https:\/\/htb.com.pl\/index.php?rest_route=\/wp\/v2\/posts\/90360\/revisions"}],"predecessor-version":[{"id":94910,"href":"https:\/\/htb.com.pl\/index.php?rest_route=\/wp\/v2\/posts\/90360\/revisions\/94910"}],"wp:featuredmedia":[{"embeddable":true,"href":"https:\/\/htb.com.pl\/index.php?rest_route=\/wp\/v2\/media\/90361"}],"wp:attachment":[{"href":"https:\/\/htb.com.pl\/index.php?rest_route=%2Fwp%2Fv2%2Fmedia&parent=90360"}],"wp:term":[{"taxonomy":"category","embeddable":true,"href":"https:\/\/htb.com.pl\/index.php?rest_route=%2Fwp%2Fv2%2Fcategories&post=90360"},{"taxonomy":"post_tag","embeddable":true,"href":"https:\/\/htb.com.pl\/index.php?rest_route=%2Fwp%2Fv2%2Ftags&post=90360"}],"curies":[{"name":"wp","href":"https:\/\/api.w.org\/{rel}","templated":true}]}}