{"id":90495,"date":"2023-08-23T09:23:48","date_gmt":"2023-08-23T09:23:48","guid":{"rendered":"https:\/\/htb.com.pl\/?p=90495"},"modified":"2023-08-25T09:50:12","modified_gmt":"2023-08-25T09:50:12","slug":"dzien-niepodlegloscui-ukrainy","status":"publish","type":"post","link":"https:\/\/htb.com.pl\/?p=90495","title":{"rendered":"DZIE\u0143 NIEPODLEG\u0141O\u015aCI UKRAINY"},"content":{"rendered":"\n<figure class=\"wp-block-image size-full\"><img loading=\"lazy\" decoding=\"async\" width=\"713\" height=\"412\" src=\"https:\/\/htb.com.pl\/wp-content\/uploads\/2023\/08\/NiepodleglaUkr.png\" alt=\"\" class=\"wp-image-90606\" srcset=\"https:\/\/htb.com.pl\/wp-content\/uploads\/2023\/08\/NiepodleglaUkr.png 713w, https:\/\/htb.com.pl\/wp-content\/uploads\/2023\/08\/NiepodleglaUkr-300x173.png 300w, https:\/\/htb.com.pl\/wp-content\/uploads\/2023\/08\/NiepodleglaUkr-600x347.png 600w\" sizes=\"auto, (max-width: 713px) 100vw, 713px\" \/><\/figure>\n\n\n\n<p><\/p>\n\n\n\n<p><strong>POWSTA\u0141A AUDYCJA RADIOWA NA \u017bYWO Z OKAZJI<\/strong><\/p>\n\n\n\n<p><strong>\u201eDNIA NIEPODLEG\u0141O\u015aCI UKRAINY\u201d<\/strong><\/p>\n\n\n\n<p>(ukr.&nbsp;\u0414\u0435\u043d\u044c \u041d\u0435\u0437\u0430\u043b\u0435\u0436\u043d\u043e\u0441\u0442\u0456 \u0423\u043a\u0440\u0430\u0457\u043d\u0438&nbsp;\u2013&nbsp;ukrai\u0144skie&nbsp;\u015bwi\u0119to pa\u0144stwowe&nbsp;obchodzone&nbsp;24 sierpnia&nbsp;w rocznic\u0119 uchwalenia&nbsp;Deklaracji Niepodleg\u0142o\u015bci Ukrainy&nbsp;przez Rad\u0119 Najwy\u017csz\u0105 Ukrai\u0144skiej SRR 24 sierpnia 1991.<\/p>\n\n\n\n<p><strong>Pocz\u0105tek godz.12. Zagrali\u015bmy \u201eCzerwon\u0105 Kalin\u0119\u201d hymn UKRAI\u0143SKIEGO LEGIONU STRZELC\u00d3W SICZOWYCH<\/strong> <strong>(1914 1919), a potem &#8220;za\u015bpiewali\u015bmy&#8221; polsk\u0105 wersj\u0119 tej pie\u015bni \u201eKalina Malina\u201d \u2013 kt\u00f3r\u0105 \u015bpiewali POLSCY LEGIONI\u015aCI.<\/strong><\/p>\n\n\n\n<figure class=\"wp-block-audio\"><audio controls src=\"https:\/\/htb.com.pl\/wp-content\/uploads\/2023\/08\/U24.08.-Hymn.mp3\"><\/audio><\/figure>\n\n\n\n<p><strong>To trzeba poprawi\u0107, czekam ma propozycje od dru\u017cyn OSP itp.<\/strong><\/p>\n","protected":false},"excerpt":{"rendered":"<p>POWSTA\u0141A AUDYCJA RADIOWA NA \u017bYWO Z OKAZJI \u201eDNIA NIEPODLEG\u0141O\u015aCI UKRAINY\u201d (ukr.&nbsp;\u0414\u0435\u043d\u044c \u041d\u0435\u0437\u0430\u043b\u0435\u0436\u043d\u043e\u0441\u0442\u0456 \u0423\u043a\u0440\u0430\u0457\u043d\u0438&nbsp;\u2013&nbsp;ukrai\u0144skie&nbsp;\u015bwi\u0119to pa\u0144stwowe&nbsp;obchodzone&nbsp;24 sierpnia&nbsp;w rocznic\u0119 uchwalenia&nbsp;Deklaracji Niepodleg\u0142o\u015bci Ukrainy&nbsp;przez Rad\u0119 Najwy\u017csz\u0105 Ukrai\u0144skiej SRR 24 sierpnia 1991. Pocz\u0105tek godz.12. Zagrali\u015bmy \u201eCzerwon\u0105 Kalin\u0119\u201d hymn UKRAI\u0143SKIEGO LEGIONU STRZELC\u00d3W SICZOWYCH (1914 1919), a potem &#8220;za\u015bpiewali\u015bmy&#8221; polsk\u0105 wersj\u0119 tej pie\u015bni \u201eKalina Malina\u201d \u2013 kt\u00f3r\u0105 \u015bpiewali POLSCY LEGIONI\u015aCI. To trzeba poprawi\u0107, [&hellip;]<\/p>\n","protected":false},"author":1,"featured_media":90606,"comment_status":"open","ping_status":"open","sticky":false,"template":"","format":"standard","meta":{"_jetpack_memberships_contains_paid_content":false,"footnotes":""},"categories":[19],"tags":[908],"class_list":["post-90495","post","type-post","status-publish","format-standard","has-post-thumbnail","hentry","category-radio-maria","tag-dzien-niepodleglosci-ukrainy"],"jetpack_sharing_enabled":true,"jetpack_featured_media_url":"https:\/\/htb.com.pl\/wp-content\/uploads\/2023\/08\/NiepodleglaUkr.png","_links":{"self":[{"href":"https:\/\/htb.com.pl\/index.php?rest_route=\/wp\/v2\/posts\/90495","targetHints":{"allow":["GET"]}}],"collection":[{"href":"https:\/\/htb.com.pl\/index.php?rest_route=\/wp\/v2\/posts"}],"about":[{"href":"https:\/\/htb.com.pl\/index.php?rest_route=\/wp\/v2\/types\/post"}],"author":[{"embeddable":true,"href":"https:\/\/htb.com.pl\/index.php?rest_route=\/wp\/v2\/users\/1"}],"replies":[{"embeddable":true,"href":"https:\/\/htb.com.pl\/index.php?rest_route=%2Fwp%2Fv2%2Fcomments&post=90495"}],"version-history":[{"count":11,"href":"https:\/\/htb.com.pl\/index.php?rest_route=\/wp\/v2\/posts\/90495\/revisions"}],"predecessor-version":[{"id":90610,"href":"https:\/\/htb.com.pl\/index.php?rest_route=\/wp\/v2\/posts\/90495\/revisions\/90610"}],"wp:featuredmedia":[{"embeddable":true,"href":"https:\/\/htb.com.pl\/index.php?rest_route=\/wp\/v2\/media\/90606"}],"wp:attachment":[{"href":"https:\/\/htb.com.pl\/index.php?rest_route=%2Fwp%2Fv2%2Fmedia&parent=90495"}],"wp:term":[{"taxonomy":"category","embeddable":true,"href":"https:\/\/htb.com.pl\/index.php?rest_route=%2Fwp%2Fv2%2Fcategories&post=90495"},{"taxonomy":"post_tag","embeddable":true,"href":"https:\/\/htb.com.pl\/index.php?rest_route=%2Fwp%2Fv2%2Ftags&post=90495"}],"curies":[{"name":"wp","href":"https:\/\/api.w.org\/{rel}","templated":true}]}}