{"id":90677,"date":"2023-08-27T10:52:28","date_gmt":"2023-08-27T10:52:28","guid":{"rendered":"https:\/\/htb.com.pl\/?p=90677"},"modified":"2023-08-27T15:11:27","modified_gmt":"2023-08-27T15:11:27","slug":"demokracja-kontra-brics","status":"publish","type":"post","link":"https:\/\/htb.com.pl\/?p=90677","title":{"rendered":"Demokracja kontra BRICS"},"content":{"rendered":"\n<p><\/p>\n\n\n\n<figure class=\"wp-block-image size-thumbnail\"><a href=\"https:\/\/htb.com.pl\/wp-content\/uploads\/2023\/08\/Demokracja-kontra-BRICS.mp3\"><img loading=\"lazy\" decoding=\"async\" width=\"150\" height=\"150\" src=\"https:\/\/htb.com.pl\/wp-content\/uploads\/2018\/04\/posluchaj-150x150.jpg\" alt=\"\" class=\"wp-image-2020\" srcset=\"https:\/\/htb.com.pl\/wp-content\/uploads\/2018\/04\/posluchaj-150x150.jpg 150w, https:\/\/htb.com.pl\/wp-content\/uploads\/2018\/04\/posluchaj-300x300.jpg 300w, https:\/\/htb.com.pl\/wp-content\/uploads\/2018\/04\/posluchaj-100x100.jpg 100w\" sizes=\"auto, (max-width: 150px) 100vw, 150px\" \/><\/a><\/figure>\n\n\n\n<p>Wydarzenia z ostatniego tygodnia pokazywane z perspektywy Marysi musz\u0105 by\u0107 do jednej z opcji zawartej w tytule przypisane. Ona zawsze dobro od z\u0142a odr\u00f3\u017cnia\u0142a <a href=\"http:\/\/radiomaria.com.pl\/wp-content\/uploads\/2023\/08\/23.08.Demokracja-kontra-BRICS.mp3\"><img loading=\"lazy\" decoding=\"async\" width=\"150\" height=\"68\" class=\"wp-image-90713\" style=\"width: 150px;\" src=\"https:\/\/htb.com.pl\/wp-content\/uploads\/2023\/08\/BRICS.jpg\" alt=\"\" srcset=\"https:\/\/htb.com.pl\/wp-content\/uploads\/2023\/08\/BRICS.jpg 968w, https:\/\/htb.com.pl\/wp-content\/uploads\/2023\/08\/BRICS-300x135.jpg 300w, https:\/\/htb.com.pl\/wp-content\/uploads\/2023\/08\/BRICS-768x346.jpg 768w, https:\/\/htb.com.pl\/wp-content\/uploads\/2023\/08\/BRICS-600x270.jpg 600w\" sizes=\"auto, (max-width: 150px) 100vw, 150px\" \/><\/a> &#8211; robi\u0142a to jednak tak, \u017ce ka\u017cda opcja, czy to polityczna, czy to gospodarcza si\u0119 z\u00a0 ni\u0105 zgadza\u0142a. Przyznam, \u017ce trudno by\u0142o si\u0119 zgodzi\u0107 z jej twierdzeniem, jakoby 20 procent podatku VAT do ceny, to b\u0119dzie mniej jak 2 procent podatku obrotowego. Dzi\u015b wiemy, \u017ce tak jest, cho\u0107 niewielu wie dlaczego. O wiele gorsze od tego, jest k\u0142amstwo w sprawie J\u00f3zefa Pi\u0142sudskiego, jakoby zwyci\u0119stwo w Bitwie Warszawskiej z roku 1920 by\u0142o zas\u0142ug\u0105 Wodza Naczelnego \u2013 na czas bitwy zdymisjonowanego. To na tym k\u0142amstwie sanacja Polsk\u0119 budowa\u0142a, ale we wrze\u015bniu 1939 roku przegra\u0142a. Teraz ponownie do w\u0142adzy si\u0119 dorwa\u0142a i dla jej utrzymania potwornych rzeczy dokona\u0142a. Mo\u017cna by tu wymienia\u0107 \u2013 pro\u015bciej b\u0119dzie napisa\u0107,<strong> kraj zrujnowa\u0142a<\/strong>. Id\u0105 wybory \u2013 trzeba, \u017ceby\u015bmy takich polityk\u00f3w wybrali, co po stronie demokracji b\u0119d\u0105 stali. To b\u0119dzie trudne, bo niekt\u00f3rzy maski pozak\u0142adali i cho\u0107 BRICS z Putinem wybrali, to  demokrat\u00f3w b\u0119d\u0105 udawali &#8211; inaczej m\u00f3wi\u0105c na przedwojennej sanacji b\u0119d\u0105 si\u0119 wzorowali, ze wszystkimi s\u0105siadami b\u0119d\u0105 nas sk\u0142\u00f3cali, a w kraju zasad\u0119 dziel i rz\u0105d\u017a b\u0119d\u0105 stosowali. To, \u017ce to z\u0142a droga Ukrai\u0144cy pokazali. Jak ich ruscy zaatakowali, nie pouciekali, tylko m\u0119\u017cnie kraju bronili \u2013 tak, \u017ce a\u017c na zachodzie to zauwa\u017cyli i z pomoc\u0105 ruszyli. <a href=\"http:\/\/radiomaria.com.pl\/wp-content\/uploads\/2023\/08\/22.08.-Wojna-w-Ukrainie.mp3\"><img loading=\"lazy\" decoding=\"async\" width=\"150\" height=\"75\" class=\"wp-image-90709\" style=\"width: 150px;\" src=\"https:\/\/htb.com.pl\/wp-content\/uploads\/2023\/08\/Zalenski-i-F16.png\" alt=\"\" srcset=\"https:\/\/htb.com.pl\/wp-content\/uploads\/2023\/08\/Zalenski-i-F16.png 756w, https:\/\/htb.com.pl\/wp-content\/uploads\/2023\/08\/Zalenski-i-F16-300x151.png 300w, https:\/\/htb.com.pl\/wp-content\/uploads\/2023\/08\/Zalenski-i-F16-600x302.png 600w\" sizes=\"auto, (max-width: 150px) 100vw, 150px\" \/><\/a> Polacy te\u017c pomagali, na pocz\u0105tku nasi rz\u0105dz\u0105cy nawet  nie przeszkadzali, ale jak zauwa\u017cyli, \u017ce ludzie Putina has\u0142o&#8221; z\u0142a Ukraina&#8221; rozpropagowali, zbo\u017ce ukrai\u0144skie zablokowali <a href=\"http:\/\/radiomaria.com.pl\/wp-content\/uploads\/2023\/08\/22.08.Walczacy-i-uciekajacy.mp3\"><img loading=\"lazy\" decoding=\"async\" width=\"150\" height=\"100\" class=\"wp-image-90711\" style=\"width: 150px;\" src=\"https:\/\/htb.com.pl\/wp-content\/uploads\/2023\/08\/168296_r0_940.jpg\" alt=\"\" srcset=\"https:\/\/htb.com.pl\/wp-content\/uploads\/2023\/08\/168296_r0_940.jpg 940w, https:\/\/htb.com.pl\/wp-content\/uploads\/2023\/08\/168296_r0_940-300x200.jpg 300w, https:\/\/htb.com.pl\/wp-content\/uploads\/2023\/08\/168296_r0_940-768x511.jpg 768w, https:\/\/htb.com.pl\/wp-content\/uploads\/2023\/08\/168296_r0_940-600x400.jpg 600w\" sizes=\"auto, (max-width: 150px) 100vw, 150px\" \/><\/a> i jak umieli w zohydzaniu Ukrainy ludzi Putina wspomagali. To ludzie mali, oni nigdy \u017cadnych procedur nie b\u0119d\u0105 przestrzegali, uwa\u017cajcie Kochani na tych ich piknikach, \u017ceby Was nie pozabijali. <a href=\"http:\/\/radiomaria.com.pl\/wp-content\/uploads\/2023\/08\/21.08.Sarnowa-Gora.mp3\"><img loading=\"lazy\" decoding=\"async\" width=\"150\" height=\"207\" class=\"wp-image-90707\" style=\"width: 150px;\" src=\"https:\/\/htb.com.pl\/wp-content\/uploads\/2023\/08\/Usalosie.jpg\" alt=\"\" srcset=\"https:\/\/htb.com.pl\/wp-content\/uploads\/2023\/08\/Usalosie.jpg 988w, https:\/\/htb.com.pl\/wp-content\/uploads\/2023\/08\/Usalosie-218x300.jpg 218w, https:\/\/htb.com.pl\/wp-content\/uploads\/2023\/08\/Usalosie-743x1024.jpg 743w, https:\/\/htb.com.pl\/wp-content\/uploads\/2023\/08\/Usalosie-768x1059.jpg 768w, https:\/\/htb.com.pl\/wp-content\/uploads\/2023\/08\/Usalosie-600x827.jpg 600w\" sizes=\"auto, (max-width: 150px) 100vw, 150px\" \/><\/a><\/p>\n\n\n\n<p>Ale s\u0105 Polacy, kt\u00f3rzy dzi\u015b z Marysi\u0105 by si\u0119 zgadzali. Do Olsztyna na Campus Rafa\u0142a Trzaskowskiego <a href=\"http:\/\/radiomaria.com.pl\/wp-content\/uploads\/2023\/08\/27.08.Campus-Polska-2023.mp3\"><img loading=\"lazy\" decoding=\"async\" width=\"150\" height=\"74\" class=\"wp-image-90717\" style=\"width: 150px;\" src=\"https:\/\/htb.com.pl\/wp-content\/uploads\/2023\/08\/Campus.jpg\" alt=\"\" srcset=\"https:\/\/htb.com.pl\/wp-content\/uploads\/2023\/08\/Campus.jpg 883w, https:\/\/htb.com.pl\/wp-content\/uploads\/2023\/08\/Campus-300x148.jpg 300w, https:\/\/htb.com.pl\/wp-content\/uploads\/2023\/08\/Campus-768x378.jpg 768w, https:\/\/htb.com.pl\/wp-content\/uploads\/2023\/08\/Campus-600x296.jpg 600w\" sizes=\"auto, (max-width: 150px) 100vw, 150px\" \/><\/a> przyjechali. Tam od Witalija Kliczki, by\u0142ego mistrza \u015bwiata w boksie, a dzi\u015b mera Kijowa  instrukcj\u0119 dostali. Kliczko powiedzia\u0142, \u017ce ka\u017cdy palec, kt\u00f3rym dobro b\u0119dziemy wskazywali nale\u017cy zacisn\u0105\u0107 w pi\u0119\u015b\u0107.<\/p>\n\n\n\n<p>To by si\u0119 Marysi spodoba\u0142o, w jej czasach w\u0142a\u015bnie przed pi\u0119\u015bci\u0105 z\u0142o si\u0119 cofa\u0142o.<\/p>\n","protected":false},"excerpt":{"rendered":"<p>Wydarzenia z ostatniego tygodnia pokazywane z perspektywy Marysi musz\u0105 by\u0107 do jednej z opcji zawartej w tytule przypisane. Ona zawsze dobro od z\u0142a odr\u00f3\u017cnia\u0142a &#8211; robi\u0142a to jednak tak, \u017ce ka\u017cda opcja, czy to polityczna, czy to gospodarcza si\u0119 z\u00a0 ni\u0105 zgadza\u0142a. Przyznam, \u017ce trudno by\u0142o si\u0119 zgodzi\u0107 z jej twierdzeniem, jakoby 20 procent podatku [&hellip;]<\/p>\n","protected":false},"author":1,"featured_media":90717,"comment_status":"open","ping_status":"open","sticky":false,"template":"","format":"standard","meta":{"_jetpack_memberships_contains_paid_content":false,"footnotes":""},"categories":[4],"tags":[909],"class_list":["post-90677","post","type-post","status-publish","format-standard","has-post-thumbnail","hentry","category-daty-i-fakty-blog","tag-demokracja-kontra-brics"],"jetpack_sharing_enabled":true,"jetpack_featured_media_url":"https:\/\/htb.com.pl\/wp-content\/uploads\/2023\/08\/Campus.jpg","_links":{"self":[{"href":"https:\/\/htb.com.pl\/index.php?rest_route=\/wp\/v2\/posts\/90677","targetHints":{"allow":["GET"]}}],"collection":[{"href":"https:\/\/htb.com.pl\/index.php?rest_route=\/wp\/v2\/posts"}],"about":[{"href":"https:\/\/htb.com.pl\/index.php?rest_route=\/wp\/v2\/types\/post"}],"author":[{"embeddable":true,"href":"https:\/\/htb.com.pl\/index.php?rest_route=\/wp\/v2\/users\/1"}],"replies":[{"embeddable":true,"href":"https:\/\/htb.com.pl\/index.php?rest_route=%2Fwp%2Fv2%2Fcomments&post=90677"}],"version-history":[{"count":11,"href":"https:\/\/htb.com.pl\/index.php?rest_route=\/wp\/v2\/posts\/90677\/revisions"}],"predecessor-version":[{"id":90731,"href":"https:\/\/htb.com.pl\/index.php?rest_route=\/wp\/v2\/posts\/90677\/revisions\/90731"}],"wp:featuredmedia":[{"embeddable":true,"href":"https:\/\/htb.com.pl\/index.php?rest_route=\/wp\/v2\/media\/90717"}],"wp:attachment":[{"href":"https:\/\/htb.com.pl\/index.php?rest_route=%2Fwp%2Fv2%2Fmedia&parent=90677"}],"wp:term":[{"taxonomy":"category","embeddable":true,"href":"https:\/\/htb.com.pl\/index.php?rest_route=%2Fwp%2Fv2%2Fcategories&post=90677"},{"taxonomy":"post_tag","embeddable":true,"href":"https:\/\/htb.com.pl\/index.php?rest_route=%2Fwp%2Fv2%2Ftags&post=90677"}],"curies":[{"name":"wp","href":"https:\/\/api.w.org\/{rel}","templated":true}]}}