{"id":91044,"date":"2023-09-03T10:12:05","date_gmt":"2023-09-03T10:12:05","guid":{"rendered":"https:\/\/htb.com.pl\/?p=91044"},"modified":"2023-09-03T10:58:40","modified_gmt":"2023-09-03T10:58:40","slug":"uciekajacy-kontra-nieistniejacy","status":"publish","type":"post","link":"https:\/\/htb.com.pl\/?p=91044","title":{"rendered":"Uciekaj\u0105cy kontra nieistniej\u0105cy"},"content":{"rendered":"\n<p><\/p>\n\n\n\n<figure class=\"wp-block-image size-thumbnail\"><a href=\"https:\/\/htb.com.pl\/wp-content\/uploads\/2023\/09\/Uciekajacy-kontra-nieistniejacy.mp3\"><img loading=\"lazy\" decoding=\"async\" width=\"150\" height=\"150\" src=\"https:\/\/htb.com.pl\/wp-content\/uploads\/2018\/04\/posluchaj-150x150.jpg\" alt=\"\" class=\"wp-image-2020\" srcset=\"https:\/\/htb.com.pl\/wp-content\/uploads\/2018\/04\/posluchaj-150x150.jpg 150w, https:\/\/htb.com.pl\/wp-content\/uploads\/2018\/04\/posluchaj-300x300.jpg 300w, https:\/\/htb.com.pl\/wp-content\/uploads\/2018\/04\/posluchaj-100x100.jpg 100w\" sizes=\"auto, (max-width: 150px) 100vw, 150px\" \/><\/a><\/figure>\n\n\n\n<p>Kolejny wpis na blogu DATY I FAKTY odnosi si\u0119 do kampanii wyborczej przed wyborami do parlamentu, kt\u00f3re zosta\u0142y wyznaczone na 15 pa\u017adziernika. <a href=\"http:\/\/radiomaria.com.pl\/wp-content\/uploads\/2023\/09\/03.09.-Albo-dobrze-wybierzemy-albo.mp3\"><img loading=\"lazy\" decoding=\"async\" width=\"150\" height=\"113\" class=\"wp-image-91059\" style=\"width: 150px;\" src=\"https:\/\/htb.com.pl\/wp-content\/uploads\/2023\/09\/Wybory.png\" alt=\"\" srcset=\"https:\/\/htb.com.pl\/wp-content\/uploads\/2023\/09\/Wybory.png 753w, https:\/\/htb.com.pl\/wp-content\/uploads\/2023\/09\/Wybory-300x225.png 300w, https:\/\/htb.com.pl\/wp-content\/uploads\/2023\/09\/Wybory-600x450.png 600w\" sizes=\"auto, (max-width: 150px) 100vw, 150px\" \/><\/a> Dobrze by by\u0142o, jakby w takich wyborach przynajmniej dwie opcje polityczne by\u0142y, ale po tym, jak pod koniec 1991 roku Ruscy nasz kraj \u00a0zinfiltrowali w edukacji takich zmian dokonali, \u017ce dzi\u015b tylko na jedn\u0105 opcj\u0119 b\u0119dziemy g\u0142osowali. Nauczyciele, kt\u00f3rzy do dzi\u015b swego b\u0142\u0119du nie zauwa\u017cyli \u2013 znaczy, \u017ce J\u00f3zef Pi\u0142sudski i jego sanacja dobrze si\u0119 Polsce przys\u0142u\u017cyli \u2013 bo tak ucz\u0105 i uczyli, teraz zauwa\u017cyli, \u017ce ci, co ich tak wyuczyli, dziadami ich zrobili. W\u0142a\u015bnie w Warszawie protestowali <a href=\"http:\/\/radiomaria.com.pl\/wp-content\/uploads\/2023\/09\/01.09.-Protest-Nauczycieli.mp3\"><img loading=\"lazy\" decoding=\"async\" width=\"150\" height=\"68\" class=\"wp-image-91055\" style=\"width: 150px;\" src=\"https:\/\/htb.com.pl\/wp-content\/uploads\/2023\/09\/ProtestNauczycieli.jpg\" alt=\"\" srcset=\"https:\/\/htb.com.pl\/wp-content\/uploads\/2023\/09\/ProtestNauczycieli.jpg 927w, https:\/\/htb.com.pl\/wp-content\/uploads\/2023\/09\/ProtestNauczycieli-300x135.jpg 300w, https:\/\/htb.com.pl\/wp-content\/uploads\/2023\/09\/ProtestNauczycieli-768x346.jpg 768w, https:\/\/htb.com.pl\/wp-content\/uploads\/2023\/09\/ProtestNauczycieli-600x271.jpg 600w\" sizes=\"auto, (max-width: 150px) 100vw, 150px\" \/><\/a> \u2013 k\u0142amstwa swego ministra Przemys\u0142awa Czarnka prostowali.<\/p>\n\n\n\n<p>&nbsp; To, \u017ce to z\u0142a droga Ukrai\u0144cy pokazali, oni na polityce naszej sanacji te\u017c si\u0119 przejechali, ale teraz dobrze wybrali \u2013 ich rz\u0105dz\u0105cy nie pouciekali, <img loading=\"lazy\" decoding=\"async\" width=\"150\" height=\"96\" class=\"wp-image-60533\" style=\"width: 150px;\" src=\"https:\/\/htb.com.pl\/wp-content\/uploads\/2021\/12\/Ucieczka.jpg\" alt=\"\" srcset=\"https:\/\/htb.com.pl\/wp-content\/uploads\/2021\/12\/Ucieczka.jpg 637w, https:\/\/htb.com.pl\/wp-content\/uploads\/2021\/12\/Ucieczka-300x191.jpg 300w, https:\/\/htb.com.pl\/wp-content\/uploads\/2021\/12\/Ucieczka-600x382.jpg 600w\" sizes=\"auto, (max-width: 150px) 100vw, 150px\" \/> <a href=\"http:\/\/radiomaria.com.pl\/wp-content\/uploads\/2023\/09\/01.09.-Kaczynski-na-kieleczczyzne.mp3\"><img loading=\"lazy\" decoding=\"async\" width=\"150\" height=\"112\" class=\"wp-image-91051\" style=\"width: 150px;\" src=\"https:\/\/htb.com.pl\/wp-content\/uploads\/2023\/09\/Nie-z-Warszawy.png\" alt=\"\" srcset=\"https:\/\/htb.com.pl\/wp-content\/uploads\/2023\/09\/Nie-z-Warszawy.png 752w, https:\/\/htb.com.pl\/wp-content\/uploads\/2023\/09\/Nie-z-Warszawy-300x224.png 300w, https:\/\/htb.com.pl\/wp-content\/uploads\/2023\/09\/Nie-z-Warszawy-600x448.png 600w\" sizes=\"auto, (max-width: 150px) 100vw, 150px\" \/><\/a> jak Ruscy Ukrain\u0119 zaatakowali, tylko wok\u00f3\u0142 prezydenta nar\u00f3d zjednoczyli \u2013 na zachodzie to zauwa\u017cyli i zupe\u0142nie inaczej ni\u017c my w 1939 roku obron\u0119 swego pa\u0144stwa prowadzili. W\u0142a\u015bnie nowy rok szkolny zaczynaj\u0105 \u2013 1 wrze\u015bnia w pi\u0105tek &#8211; do &nbsp;poniedzia\u0142ku, jak my nie czekaj\u0105. Dziewczynki ubrane jak sanitariuszki, ch\u0142opcy w wojskowych mundurach <a href=\"http:\/\/radiomaria.com.pl\/wp-content\/uploads\/2023\/09\/01.09.2023.-Rozpoczecie-roku-szkolnego-podobne-do-tego-z-roku-1939D.mp3\"><img loading=\"lazy\" decoding=\"async\" width=\"150\" height=\"88\" class=\"wp-image-91053\" style=\"width: 150px;\" src=\"https:\/\/htb.com.pl\/wp-content\/uploads\/2023\/09\/UkrRok2023.png\" alt=\"\" srcset=\"https:\/\/htb.com.pl\/wp-content\/uploads\/2023\/09\/UkrRok2023.png 752w, https:\/\/htb.com.pl\/wp-content\/uploads\/2023\/09\/UkrRok2023-300x176.png 300w, https:\/\/htb.com.pl\/wp-content\/uploads\/2023\/09\/UkrRok2023-600x353.png 600w\" sizes=\"auto, (max-width: 150px) 100vw, 150px\" \/><\/a> \u2013 tam nikt nie musi m\u00f3wi\u0107 o procedurach. Skoro 1 wrze\u015bnia jest dniem rozpocz\u0119cia roku szkolnego, to rozpoczynaj\u0105, do 4-tego nie czekaj\u0105. Sanacja w 1939 roku, te\u017c tak jak dzi\u015b nasza pandokracja 4 wrze\u015bnia rok szkolny zaczyna\u0142a. O procedurach, jakie nale\u017cy zastosowa\u0107 w obliczu napa\u015bci wrog\u00f3w, poj\u0119cia nie mia\u0142a. Zreszt\u0105 w to, \u017ce Niemcy nas zaatakuj\u0105, sanacja wierzy\u0107 nie chcia\u0142a.&nbsp;<\/p>\n\n\n\n<p>&nbsp; Wtedy jednak by\u0142a opcja polityczna, kt\u00f3ra b\u0142\u0119dy sanacji wytyka\u0142a: Front Morges z Ignacym Janem Paderewskim, genera\u0142em W\u0142adys\u0142awem Sikorskim, Wincentym Witosem i wieloma innymi. To oni w grudniu 1939 roku rz\u0105dy w Polsce przej\u0119li, w Bitwie o Angli\u0119 Niemc\u00f3w pokonali i do uderzenia na Ba\u0142kany si\u0119 szykowali. Gdyby nie zamach na genera\u0142a Sikorskiego, nie jedyny, ale tym razem \u201eudany\u201d, nie Rosjanie, ale Polacy Krak\u00f3w by wyzwalali \u2013 a tak, Monte Cassino zdobywali.<\/p>\n\n\n\n<p>&nbsp; &nbsp;&nbsp;Dzi\u015b ci, co sanacj\u0119 za wz\u00f3r sobie obrali, mi\u0119dzy sob\u0105 si\u0119 posprzeczali, komisj\u0119 wzorowan\u0105 na Berezie Kartuskiej przygotowali, w kt\u00f3rej zwolennicy polityki Putina swych przeciwnik\u00f3w agentami Putina b\u0119d\u0105 nazywali. Tak, jak w 1939 roku, ze wszystkimi s\u0105siadami nas posk\u0142\u00f3cali. Niemc\u00f3w, dzi\u0119ki kt\u00f3rym gospodarczo ci\u0105gle jeszcze \u017ce\u015bmy nie zbankrutowali, <a href=\"http:\/\/radiomaria.com.pl\/wp-content\/uploads\/2023\/08\/2908-Lotnisko-zesmy-przepultali.mp3\"><img loading=\"lazy\" decoding=\"async\" width=\"150\" height=\"132\" class=\"wp-image-91046\" style=\"width: 150px;\" src=\"https:\/\/htb.com.pl\/wp-content\/uploads\/2023\/09\/Komornik.png\" alt=\"\" srcset=\"https:\/\/htb.com.pl\/wp-content\/uploads\/2023\/09\/Komornik.png 566w, https:\/\/htb.com.pl\/wp-content\/uploads\/2023\/09\/Komornik-300x263.png 300w\" sizes=\"auto, (max-width: 150px) 100vw, 150px\" \/><\/a> o reparacje, albo odszkodowania wojenne b\u0119d\u0105 pozywali \u2013 tu jeszcze nie zdecydowali i tylko propagandowo na razie b\u0119d\u0105 to wykorzystywali. <a href=\"http:\/\/radiomaria.com.pl\/wp-content\/uploads\/2023\/09\/0209.-Reperacje-czy-odszkodowania.mp3\"><img loading=\"lazy\" decoding=\"async\" width=\"150\" height=\"96\" class=\"wp-image-91057\" style=\"width: 150px;\" src=\"https:\/\/htb.com.pl\/wp-content\/uploads\/2023\/09\/Tusk-Glinski.png\" alt=\"\" srcset=\"https:\/\/htb.com.pl\/wp-content\/uploads\/2023\/09\/Tusk-Glinski.png 747w, https:\/\/htb.com.pl\/wp-content\/uploads\/2023\/09\/Tusk-Glinski-300x192.png 300w, https:\/\/htb.com.pl\/wp-content\/uploads\/2023\/09\/Tusk-Glinski-600x384.png 600w\" sizes=\"auto, (max-width: 150px) 100vw, 150px\" \/><\/a><\/p>\n\n\n\n<p>&nbsp; Wybierzmy tak, \u017ceby ci, co nas b\u0119d\u0105 reprezentowali, przynajmniej ociupink\u0119 Front Morges przypominali. Mo\u017ce nauczyciele wreszcie by si\u0119 zreflektowali i m\u00f3wi\u0107 prawd\u0119 o naszej historii ba\u0107 si\u0119 przestali \u2013 bo to si\u0119 wszystko zawali.<\/p>\n","protected":false},"excerpt":{"rendered":"<p>Kolejny wpis na blogu DATY I FAKTY odnosi si\u0119 do kampanii wyborczej przed wyborami do parlamentu, kt\u00f3re zosta\u0142y wyznaczone na 15 pa\u017adziernika. Dobrze by by\u0142o, jakby w takich wyborach przynajmniej dwie opcje polityczne by\u0142y, ale po tym, jak pod koniec 1991 roku Ruscy nasz kraj \u00a0zinfiltrowali w edukacji takich zmian dokonali, \u017ce dzi\u015b tylko na [&hellip;]<\/p>\n","protected":false},"author":1,"featured_media":91059,"comment_status":"open","ping_status":"open","sticky":false,"template":"","format":"standard","meta":{"_jetpack_memberships_contains_paid_content":false,"footnotes":""},"categories":[4],"tags":[910],"class_list":["post-91044","post","type-post","status-publish","format-standard","has-post-thumbnail","hentry","category-daty-i-fakty-blog","tag-uciekajacy-kontra-nieistniejacy"],"jetpack_sharing_enabled":true,"jetpack_featured_media_url":"https:\/\/htb.com.pl\/wp-content\/uploads\/2023\/09\/Wybory.png","_links":{"self":[{"href":"https:\/\/htb.com.pl\/index.php?rest_route=\/wp\/v2\/posts\/91044","targetHints":{"allow":["GET"]}}],"collection":[{"href":"https:\/\/htb.com.pl\/index.php?rest_route=\/wp\/v2\/posts"}],"about":[{"href":"https:\/\/htb.com.pl\/index.php?rest_route=\/wp\/v2\/types\/post"}],"author":[{"embeddable":true,"href":"https:\/\/htb.com.pl\/index.php?rest_route=\/wp\/v2\/users\/1"}],"replies":[{"embeddable":true,"href":"https:\/\/htb.com.pl\/index.php?rest_route=%2Fwp%2Fv2%2Fcomments&post=91044"}],"version-history":[{"count":10,"href":"https:\/\/htb.com.pl\/index.php?rest_route=\/wp\/v2\/posts\/91044\/revisions"}],"predecessor-version":[{"id":91065,"href":"https:\/\/htb.com.pl\/index.php?rest_route=\/wp\/v2\/posts\/91044\/revisions\/91065"}],"wp:featuredmedia":[{"embeddable":true,"href":"https:\/\/htb.com.pl\/index.php?rest_route=\/wp\/v2\/media\/91059"}],"wp:attachment":[{"href":"https:\/\/htb.com.pl\/index.php?rest_route=%2Fwp%2Fv2%2Fmedia&parent=91044"}],"wp:term":[{"taxonomy":"category","embeddable":true,"href":"https:\/\/htb.com.pl\/index.php?rest_route=%2Fwp%2Fv2%2Fcategories&post=91044"},{"taxonomy":"post_tag","embeddable":true,"href":"https:\/\/htb.com.pl\/index.php?rest_route=%2Fwp%2Fv2%2Ftags&post=91044"}],"curies":[{"name":"wp","href":"https:\/\/api.w.org\/{rel}","templated":true}]}}