{"id":9107,"date":"2019-09-14T06:22:50","date_gmt":"2019-09-14T06:22:50","guid":{"rendered":"https:\/\/htb.com.pl\/?p=9107"},"modified":"2019-09-14T07:24:54","modified_gmt":"2019-09-14T07:24:54","slug":"polska-to-chory-kraj","status":"publish","type":"post","link":"https:\/\/htb.com.pl\/?p=9107","title":{"rendered":"&#8220;Polska to chory kraj&#8221;"},"content":{"rendered":"\n<p>Tak wynika z tego co pisz\u0119 na moim blogu ale teraz, to nazwa akcji protestacyjnej Okr\u0119gowej Izby Lekarskiej w Warszawie. Lekarze chc\u0105 zwr\u00f3ci\u0107 uwag\u0119 polityk\u00f3w na dramat w s\u0142u\u017cbie zdrowia. Nakr\u0119cili spot z udzia\u0142em aktor\u00f3w, gdzie pan Jaros\u0142aw Kaczy\u0144ski i pan Grzegorz Schetyna graja w szachy.<\/p>\n\n\n\n<figure><iframe loading=\"lazy\" width=\"680\" height=\"376\" src=\"https:\/\/www.youtube.com\/embed\/qcVe_UZORvw\" allowfullscreen=\"\"><\/iframe><\/figure>\n\n\n\n<p>To m\u00f3j pomys\u0142 &#8211; ja te\u017c we wpisie;<a href=\"https:\/\/htb.com.pl\/?p=214\"> &#8220;Jerzy Owsiak i Wielka Orkiestra \u015awi\u0105tecznej Pomocy&#8221;<\/a>, tragedi\u0119 Polski przedstawia\u0142em jako szachow\u0105 rozgrywk\u0119. Jednak ja inaczej okre\u015bli\u0142em przyczyn\u0119 tej &#8220;naszej choroby&#8221;, tam radziecki wywiad GRU rozgrywa parti\u0119 szach\u00f3w z naszymi politykami. Ruscy dobrze w szachy graj\u0105, nawet Marysia (wcze\u015bniejsze wpisy) m\u00f3wi\u0142a, \u017ce nie wyobra\u017ca sobie, aby z nimi walczy\u0107. Nie wiem jak\u0105 mia\u0142a polityk\u0119 wobec nich ale<a href=\"https:\/\/htb.com.pl\/?p=2099\"> stawali przed na na baczno\u015b\u0107<\/a> i <a href=\"https:\/\/htb.com.pl\/?p=2793\">bardzo j\u0105 szanowali<\/a>. Polska po rozwaleniu naszego wywiadu w 2006 roku, przez Antoniego Macierewicza, nawet nie zauwa\u017cy\u0142a, \u017ce <strong>WR\u00d3G W GRANICACH.<\/strong><\/p>\n\n\n\n<p>Pan Jaros\u0142aw Kaczy\u0144ski zdecydowa\u0142, aby przerwa\u0107 ostatnie posiedzenie Sejmu i doko\u0144czy\u0107 ju\u017c po wyborach. Szkoda mi tego cz\u0142owieka, uwik\u0142a\u0142 si\u0119 w co\u015b, czego kompletnie nie rozumie, jak kiedy\u015b Lech Wa\u0142\u0119sa. Nie dziwi\u0119 si\u0119, to tylko Marysia rozumia\u0142a. Po tym jak zabito ks. Jerzego Popie\u0142uszk\u0119, \u015brodowiska watyka\u0144skie poprosi\u0142y j\u0105, aby to wyja\u015bni\u0142a. Gdy w 1986 roku, po dziesi\u0119ciu latach walki z terrorystami IRA i ETA, na sta\u0142e przyby\u0142a do Polski, kompletnie nie zajmowa\u0142a si\u0119 Solidarno\u015bci\u0105, chocia\u017c wtedy nikt o niczym innym nie m\u00f3wi\u0142. Zauwa\u017cy\u0142a podzia\u0142 w PRL-owskich s\u0142u\u017cbach, ich cz\u0119\u015b\u0107 chcia\u0142a podwa\u017cy\u0107 pozycj\u0119 genera\u0142a Jaruzelskiego jak\u0105 mia\u0142 u Papie\u017ca, Jana Paw\u0142a II. By\u0142a za\u0142amana &#8211; to Polacy Jasiu m\u00f3wi\u0142a, oni do mnie strzelaj\u0105. A ty, zapyta\u0142em. Te\u017c strzelam. I co? Nic, ja tylko strasz\u0119, na razie si\u0119 boj\u0105. Dzi\u015b nie ma Marysi i si\u0119 nie boj\u0105. Obawiam si\u0119, \u017ce gdyby PiS przegra\u0142 wybory, mo\u017ce si\u0119 sta\u0107 co\u015b strasznego, b\u0119d\u0105 mieli jeszcze g\u0142os, Sejm ju\u017c po wyborach doko\u0144czy przerwane posiedzenie. Umo\u017cliwia\u0142a to Konstytucja, kt\u00f3r\u0105 obalili ale to by\u0142o na wypadek czego\u015b strasznego w\u0142a\u015bnie &#8211; a jak wygraj\u0105?..<\/p>\n\n\n\n<div class=\"wp-block-media-text alignwide\"><figure class=\"wp-block-media-text__media\"><img loading=\"lazy\" decoding=\"async\" width=\"200\" height=\"316\" src=\"https:\/\/htb.com.pl\/wp-content\/uploads\/2019\/09\/oddech.jpg\" alt=\"\" class=\"wp-image-9213\" srcset=\"https:\/\/htb.com.pl\/wp-content\/uploads\/2019\/09\/oddech.jpg 200w, https:\/\/htb.com.pl\/wp-content\/uploads\/2019\/09\/oddech-190x300.jpg 190w\" sizes=\"auto, (max-width: 200px) 100vw, 200px\" \/><\/figure><div class=\"wp-block-media-text__content\">\n<p class=\"has-medium-font-size\"><a href=\"https:\/\/htb.com.pl\/?product=oddech\">Monika Jaruzelska b\u0119dzie Senatorem, to dobrze, Ona rozumie nasze podzia\u0142y &#8211; ma szans\u0119  zacz\u0105\u0107 je &#8220;zasypywa\u0107&#8221;. Wie czym jest \u017cycie pozagrobowe, Mama jej powiedzia\u0142a, a Ona opisa\u0142a.<\/a><\/p>\n<\/div><\/div>\n\n\n\n<p>Zaanga\u017cowa\u0142em si\u0119 w kampani\u0119 wyborcz\u0105 Pani Moniki i to ju\u017c w <a href=\"https:\/\/htb.com.pl\/?p=143\">pierwszym wpisie na moim blogu<\/a>, wtedy Pani Monika nawet nie my\u015bla\u0142a o polityce. \u015awi\u0119ty Jan Pawe\u0142 II, nasz Papie\u017c, jest tu wsp\u00f3lnym mianownikiem, jest tym, co mo\u017ce nas po\u0142\u0105czy\u0107. Pani Senator Monika Jaruzelska, b\u0119dzie mog\u0142a to zrobi\u0107 &#8211; ona wie jak.  Jest co\u015b jeszcze, czytaj\u0105c jej ksi\u0105\u017ck\u0119 &#8220;Oddech&#8221; dowiedzia\u0142em si\u0119, \u017ce bardzo ceni w polskiej historii XVI wiek &#8211; Okres Jagiellon\u00f3w, a je\u017celi chodzi o literatur\u0119 jej wzorcem s\u0105 Skamandryci. Okres od 1916 do 1939 roku, kt\u00f3ry mnie kojarzy si\u0119 z Julianem Tuwimem i jego dowcipami. Marysia cz\u0119sto je opowiada\u0142a w towarzystwie, nie zawsze je rozumia\u0142em. Dopiero jak da\u0142a mi <a href=\"https:\/\/htb.com.pl\/?p=852\">&#8220;Wojn\u0119 Peloponeska&#8221;<\/a> zacz\u0119\u0142y mnie \u015bmieszy\u0107. Zrozumia\u0142em do czego prowadzi niszczenie elity przez napuszczanie na ni\u0105 mas. Pani Monika ma podobne poczucie humoru i to jest to, co by si\u0119 Marysi podoba\u0142o. Nie musimy wszyscy my\u015ble\u0107 tak samo ale musimy przestrzega\u0107 pewnych wsp\u00f3lnych zasad &#8211; Konstytucji.  Polecam ksi\u0105\u017ck\u0119 Pani Moniki Jaruzelskiej. <a href=\"https:\/\/htb.com.pl\/?product=oddech\">&#8220;Oddech&#8221;<\/a> to pierwszy oddech jej Synka i ostatni Ojca. Zanim nast\u0105pi\u0142 genera\u0142 Wojciech Jaruzelski wystosowa\u0142 list do pana Jaros\u0142awa Kaczy\u0144skiego po tragedii Smole\u0144skiej, wyra\u017ca w nim szczery \u017cal i sk\u0142ada kondolencje &#8211; w ksi\u0105\u017cce jest jego tekst. Od tego listu, moim zdaniem zaczyna si\u0119 <strong>tragedia po tragedii.<\/strong> List Jaruzelskiego by\u0142 ostatnim  aktem w naszej polityce, jaki mo\u017cna uzna\u0107 za co\u015b normalnego. Pisa\u0142em o rosyjskich s\u0142u\u017cbach, kt\u00f3re nas sk\u0142\u00f3caj\u0105 wykorzystuj\u0105c do tego naszych polityk\u00f3w. Szczeg\u00f3lnie pan Antoni Macierewicz jest wykorzystywany ale po tragedii Smole\u0144skiej, ucze\u0144 przer\u00f3s\u0142 mistrza. Ta tragedia po tragedii, to ponad 40 tysi\u0119cy Polak\u00f3w umieraj\u0105cych rocznie z powodu smogu, to 30 tysi\u0119cy umieraj\u0105cych na nowotwory z powodu ba\u0142aganu w s\u0142u\u017cbie zdrowia. Takich zgon\u00f3w z powodu nowotwor\u00f3w jest ponad sto tysi\u0119cy i ta liczba ro\u015bnie. Tu sami mo\u017cemy co\u015b zrobi\u0107 &#8211; badania i profilaktyka. Prosz\u0119 przejrze\u0107<a href=\"https:\/\/htb.com.pl\/?product_cat=specyfiki-marysi\"> SPECYFIKI MARYSI<\/a>, szczeg\u00f3lnie polecam Olej z CBD. <a href=\"https:\/\/htb.com.pl\/?product=olej-konopny-cbd\"><img loading=\"lazy\" decoding=\"async\" width=\"150\" height=\"150\" class=\"wp-image-4125\" style=\"width: 150px;\" src=\"https:\/\/htb.com.pl\/wp-content\/uploads\/2019\/06\/cbd.png\" alt=\"\" srcset=\"https:\/\/htb.com.pl\/wp-content\/uploads\/2019\/06\/cbd.png 800w, https:\/\/htb.com.pl\/wp-content\/uploads\/2019\/06\/cbd-150x150.png 150w, https:\/\/htb.com.pl\/wp-content\/uploads\/2019\/06\/cbd-300x300.png 300w, https:\/\/htb.com.pl\/wp-content\/uploads\/2019\/06\/cbd-768x768.png 768w, https:\/\/htb.com.pl\/wp-content\/uploads\/2019\/06\/cbd-600x600.png 600w, https:\/\/htb.com.pl\/wp-content\/uploads\/2019\/06\/cbd-100x100.png 100w\" sizes=\"auto, (max-width: 150px) 100vw, 150px\" \/><\/a> Prosz\u0119 nie s\u0142ucha\u0107 bzdur, \u017ce problemem jest LGBT, czy gender, na to si\u0119 nie umiera. <\/p>\n","protected":false},"excerpt":{"rendered":"<p>Tak wynika z tego co pisz\u0119 na moim blogu ale teraz, to nazwa akcji protestacyjnej Okr\u0119gowej Izby Lekarskiej w Warszawie. Lekarze chc\u0105 zwr\u00f3ci\u0107 uwag\u0119 polityk\u00f3w na dramat w s\u0142u\u017cbie zdrowia. Nakr\u0119cili spot z udzia\u0142em aktor\u00f3w, gdzie pan Jaros\u0142aw Kaczy\u0144ski i pan Grzegorz Schetyna graja w szachy. To m\u00f3j pomys\u0142 &#8211; ja te\u017c we wpisie; &#8220;Jerzy [&hellip;]<\/p>\n","protected":false},"author":1,"featured_media":9276,"comment_status":"open","ping_status":"open","sticky":false,"template":"","format":"standard","meta":{"_jetpack_memberships_contains_paid_content":false,"footnotes":""},"categories":[4],"tags":[],"class_list":["post-9107","post","type-post","status-publish","format-standard","has-post-thumbnail","hentry","category-daty-i-fakty-blog"],"jetpack_sharing_enabled":true,"jetpack_featured_media_url":"https:\/\/htb.com.pl\/wp-content\/uploads\/2019\/09\/zgon.jpg","_links":{"self":[{"href":"https:\/\/htb.com.pl\/index.php?rest_route=\/wp\/v2\/posts\/9107","targetHints":{"allow":["GET"]}}],"collection":[{"href":"https:\/\/htb.com.pl\/index.php?rest_route=\/wp\/v2\/posts"}],"about":[{"href":"https:\/\/htb.com.pl\/index.php?rest_route=\/wp\/v2\/types\/post"}],"author":[{"embeddable":true,"href":"https:\/\/htb.com.pl\/index.php?rest_route=\/wp\/v2\/users\/1"}],"replies":[{"embeddable":true,"href":"https:\/\/htb.com.pl\/index.php?rest_route=%2Fwp%2Fv2%2Fcomments&post=9107"}],"version-history":[{"count":25,"href":"https:\/\/htb.com.pl\/index.php?rest_route=\/wp\/v2\/posts\/9107\/revisions"}],"predecessor-version":[{"id":9280,"href":"https:\/\/htb.com.pl\/index.php?rest_route=\/wp\/v2\/posts\/9107\/revisions\/9280"}],"wp:featuredmedia":[{"embeddable":true,"href":"https:\/\/htb.com.pl\/index.php?rest_route=\/wp\/v2\/media\/9276"}],"wp:attachment":[{"href":"https:\/\/htb.com.pl\/index.php?rest_route=%2Fwp%2Fv2%2Fmedia&parent=9107"}],"wp:term":[{"taxonomy":"category","embeddable":true,"href":"https:\/\/htb.com.pl\/index.php?rest_route=%2Fwp%2Fv2%2Fcategories&post=9107"},{"taxonomy":"post_tag","embeddable":true,"href":"https:\/\/htb.com.pl\/index.php?rest_route=%2Fwp%2Fv2%2Ftags&post=9107"}],"curies":[{"name":"wp","href":"https:\/\/api.w.org\/{rel}","templated":true}]}}