{"id":9370,"date":"2019-09-21T06:18:38","date_gmt":"2019-09-21T06:18:38","guid":{"rendered":"https:\/\/htb.com.pl\/?p=9370"},"modified":"2020-01-30T09:28:29","modified_gmt":"2020-01-30T09:28:29","slug":"terazk-k-a-media","status":"publish","type":"post","link":"https:\/\/htb.com.pl\/?p=9370","title":{"rendered":"Teraz k&#8230;a media"},"content":{"rendered":"\n<p><\/p>\n\n\n\n<figure class=\"wp-block-image\"><img loading=\"lazy\" decoding=\"async\" width=\"720\" height=\"430\" src=\"https:\/\/htb.com.pl\/wp-content\/uploads\/2019\/09\/bomba.jpg\" alt=\"\" class=\"wp-image-9637\" srcset=\"https:\/\/htb.com.pl\/wp-content\/uploads\/2019\/09\/bomba.jpg 720w, https:\/\/htb.com.pl\/wp-content\/uploads\/2019\/09\/bomba-300x179.jpg 300w, https:\/\/htb.com.pl\/wp-content\/uploads\/2019\/09\/bomba-600x358.jpg 600w\" sizes=\"auto, (max-width: 720px) 100vw, 720px\" \/><\/figure>\n\n\n\n<p>\u0179li politycy ilekro\u0107 przejmowali w\u0142adz\u0119 w Polsce po roku 1990, mieli has\u0142o; <em>&#8220;Teraz k&#8230;a my&#8221;<\/em>. Dzi\u015b niezwyk\u0142e jest to, \u017ce mog\u0105 t\u0105 w\u0142adz\u0119 zachowa\u0107 na kolejn\u0105 kadencj\u0119. Sprawi\u0142y to media; TVPiS, Radio Maryja ale i pozosta\u0142e, kt\u00f3re aby si\u0119 przypodoba\u0107 reklamodawcom opowiadaj\u0105 tak nieprawdopodobne  g\u0142upoty, \u017ce kolejna kadencja z\u0142ych polityk\u00f3w jest mo\u017cliwa. Ci co tym wszystkim steruj\u0105 pami\u0119taj\u0105 Radio Wolna Europa, kt\u00f3re finansowane przez CIA nie\u017ale  dawa\u0142o im popali\u0107 w latach siedemdziesi\u0105tych. Pr\u00f3bowali zag\u0142usza\u0107 ale i tak Polacy dawali si\u0119 podpuszcza\u0107. Dzi\u015b pomagaj\u0105c z\u0142ym politykom, wykorzystuj\u0105 tamte do\u015bwiadczenia &#8211; znaj\u0105 pot\u0119g\u0119 medi\u00f3w. Powsta\u0142o nowe has\u0142o; <em>&#8220;Teraz k&#8230;a media&#8221;<\/em>, brzmi podobnie jak tamto, \u0142atwo zapami\u0119ta\u0107 ale gorzej zrealizowa\u0107. Problemy pojawi\u0142y si\u0119 tam, gdzie nie powinno ich by\u0107. TVN nale\u017c\u0105ca do <strong>ameryka\u0144skiego<\/strong>  Discovery Communications&nbsp; czasem m\u00f3wi prawd\u0119. To problem dla z\u0142ych polityk\u00f3w &#8211; prawda to co\u015b, co zaburza ich system rz\u0105dzenia. Wychodz\u0105 afery; hejterska, handel noworodkami, czy nielegalny lekami &#8211; to takie ostatnie dla przyk\u0142adu. Niekt\u00f3re media pokazuj\u0105 to z\u0142odziejstwo i w\u0142adza ma problem. Ludzie pracuj\u0105cy dla z\u0142ych polityk\u00f3w, za\u0142atwiliby to w tri miga ale nie wolno, trzeba stwarza\u0107 pozory, \u017ce jest demokracja, robi\u0107 si\u0119 nie chce, a kasa z UE nie \u015bmierdzi. Po prawnikach postanowiono uwali\u0107 dziennikarzy, w kolejce czekaj\u0105 nauczyciele. Ja tylko tak nie\u015bmia\u0142o zaznacz\u0119, \u017ce z tymi prawnikami nie wszystko si\u0119 uda\u0142o, mo\u017ce poprawcie a dziennikarzy na razie zostawcie. Co W\u0142adziu (imi\u0119 zmienione), naiwny jestem? To prawda, dzi\u015b mo\u017cesz tak o mnie powiedzie\u0107 ale ja ci\u0105gle wierz\u0119, \u017ce jeszcze b\u0119dzie normalnie.  Pami\u0119tasz NOVOTEL ko\u0142o Olsztyna, jak patelni\u0105 z jajecznic\u0105 w \u0142eb od Marysi dosta\u0142e\u015b? Za fajna d..pa to by\u0142o. Dzi\u015b jej nie ma, mo\u017cecie robi\u0107 te swoje biznesy ale wiem, \u017ce ty nigdy kobiety nie obrazisz, wiesz \u017ce to z\u0142e. Chc\u0119 \u017ceby\u015b te\u017c wiedzia\u0142, \u017ce pracujesz dla ludzi, dla kt\u00f3rych przemoc domowa to tradycja narodowa. Masz jeszcze tego Peugeota 206? Nie z\u0142omuj &#8211; to b\u0119dzie kultowy samoch\u00f3d jak wr\u00f3ci normalno\u015b\u0107. Je\u017celi Pa\u0144stwo nie rozumiecie tego co tu napisa\u0142em, to dobrze. \u017bycz\u0119 aby tak zosta\u0142o.<\/p>\n\n\n\n<p>RODZINA &#8211; tak by\u0142o napisane na skrzynce przy kt\u00f3rej sta\u0142 pan Jaros\u0142aw Kaczy\u0144ski i m\u00f3wi\u0142 o rodzinie. Ciesz\u0119 si\u0119, \u017ce pan prezes wie, \u017ce w rodzinie wa\u017cne s\u0105 pieni\u0105dze. Sam jest starym kawalerem i nigdy nie pracowa\u0142 tak, \u017ceby z tego by\u0142y pieni\u0105dze ale sk\u0105d\u015b wie.  Problemem jest to, \u017ce on my\u015bli, \u017ce pieni\u0105dze bierze si\u0119 z bud\u017cetu pa\u0144stwa. To du\u017cy problem, bo ten ma\u0142y zawistny cz\u0142owiek praktycznie jednoosobowo rz\u0105dzi w Polsce. &#8220;Pomagaj\u0105&#8221; mu koledzy W\u0142adzia i teraz na jego przyk\u0142adzie wyja\u015bni\u0119 tym co popieraj\u0105 polityk\u0119 Kaczy\u0144skiego, sk\u0105d bior\u0105 si\u0119 pieni\u0105dze dla rodziny. W\u0142adzio  te\u017c ju\u017c wie, \u017ce kasa jest wa\u017cna, bo mu jako dawnemu SB-kowi, a potem &#8220;uopkowi&#8221; emerytur\u0119 obni\u017cyli., teraz my\u015bli, \u017ce jak b\u0119dzie dla nich pracowa\u0142, to mu znowu podnios\u0105. W 1987 roku te\u017c  b\u0142\u0105dzi\u0142 ale &#8220;trafi\u0142&#8221; na Marysi\u0119 i ta &#8211; &#8220;pokaza\u0142a&#8221; mu drog\u0119. Weryfikacj\u0119 w latach 90-tych  przeszed\u0142 pozytywnie. Ju\u017c na emeryturze pomaga\u0142 mi sprowadza\u0107 u\u017cywane maszyny do produkcji drzewnej i meblarskiej z Niemiec, mia\u0142 tam kontakty. Kiedy\u015b dla polskiego klienta demontowali\u015bmy pi\u0142\u0119 panelow\u0105 do ci\u0119cia p\u0142yt. W zak\u0142adzie Niemca pracowa\u0142 na niej tylko operator, mia\u0142 bowiem d\u017awig do za\u0142adunku p\u0142yt. <a href=\"https:\/\/htb.com.pl\/?product=dzwig-kolumnowy-vakum-schmalz-vakumster-vhb-250-2-hsv\"><img loading=\"lazy\" decoding=\"async\" width=\"150\" height=\"100\" class=\"wp-image-9474\" style=\"width: 150px;\" src=\"https:\/\/htb.com.pl\/wp-content\/uploads\/2019\/09\/wakum.jpg\" alt=\"\" srcset=\"https:\/\/htb.com.pl\/wp-content\/uploads\/2019\/09\/wakum.jpg 450w, https:\/\/htb.com.pl\/wp-content\/uploads\/2019\/09\/wakum-300x200.jpg 300w\" sizes=\"auto, (max-width: 150px) 100vw, 150px\" \/><\/a> Nasz klient kupi\u0142 tylko pi\u0142\u0119, bez d\u017awigi i w Polsce operator musia\u0142 mie\u0107 pomocnika, aby p\u0142yt\u0119 do ci\u0119cia po\u0142o\u017cy\u0107 na st\u00f3\u0142. Kiedy\u015b w hotelu rozmawiali\u015bmy o tym z W\u0142adziem, gdy flaszka si\u0119 sko\u0144czy\u0142a mieli\u015bmy konkluzj\u0119. Pa\u0144stwo powinno do\u0142o\u017cy\u0107 naszemu klientowi kasy, \u017ceby m\u00f3g\u0142 kupi\u0107 ca\u0142\u0105 lini\u0119 technologiczn\u0105 &#8211; sprawdzon\u0105. Potem wydajno\u015b\u0107 takiej linii, b\u0119dzie por\u00f3wnywalna z t\u0105 w Niemczech i tylko wtedy ich dogonimy. Bo pieni\u0105dze panie Jaros\u0142awie bior\u0105 si\u0119 z pracy, a wi\u0119ksze z podnoszenia wydajno\u015bci pracy. Te z bud\u017cetu pa\u0144stwa za\u015b, s\u0105 mi\u0119dzy innymi po to, aby t\u0105 wydajno\u015b\u0107 pracy podnosi\u0107. Rozdawanie ich na prawo i lewo jest z\u0142em. M\u00f3wi\u0105 Panu \u017ce wydajno\u015b\u0107 pracy wzrasta. Tak, bo nie liczymy Ukrai\u0144c\u00f3w, <a href=\"https:\/\/htb.com.pl\/?p=3871\">wyja\u015bnia\u0142em to<\/a>, a je\u017celi wzrasta naprawd\u0119, to dzi\u0119ki pracownikom, kt\u00f3rzy haruj\u0105 coraz bardziej. <strong>Nie t\u0119dzy droga<\/strong>. Rozdawanie pustego pieni\u0105dza powoduje wzrost cen, inflacj\u0119 i nieustaj\u0105c\u0105 imprez\u0119 za&#8221;Biedronk\u0105&#8221;.<\/p>\n\n\n\n<p>17.09 2019 rok. Okr\u0105g\u0142a, bo 80-ta rocznica napa\u015bci ZSRR na Polsk\u0119. Ci\u0105gle s\u0142ysz\u0119, \u017ce kiedy\u015b o tym nie m\u00f3wiono. Ja jednak zapami\u0119ta\u0142em lekcj\u0119 historii w Technikum Drzewnym w Zwierzy\u0144cu nad Wieprzem, gdzie Pani Gedroy\u0107 pyta\u0142a mnie o t\u0105 napa\u015b\u0107. Dw\u00f3j\u0119 dosta\u0142em, bo nie zgodzi\u0142em si\u0119  ze stanowiskiem pani nauczycielki, kt\u00f3ra twierdzi\u0142a, \u017ce rozkaz Naczelnego Wodza Edwarda Rydza \u015amig\u0142ego, aby z sowietami nie walczy\u0107 umo\u017cliwi\u0142 rozmowy Sikorski Majski. Ja ju\u017c wtedy zna\u0142em Pani\u0105 Mari\u0119, potem Majk\u0119 i wiedzia\u0142em, \u017ce Sanacja to z\u0142o. Nie mog\u0142em si\u0119 zgodzi\u0107, \u017ce ten rozkaz Naczelnego Wodza, wydany podczas jego ucieczki z kraju by\u0142 czym\u015b dobrym. Wiedzia\u0142em, \u017ce spowodowa\u0142 jeszcze wi\u0119ksze zamieszania ale wtedy w\u00f3dz by\u0142 ju\u017c &#8220;wyjechany&#8221; &#8211; bezpieczny. Potem gdy Pani Maria by\u0142a  Majk\u0105 rozmawiali\u015bmy o tym. Ona mia\u0142a Rodzin\u0119 w ZSRR  &#8211; napadli\u015bcie na nas powiedzia\u0142em kiedy\u015b na spacerze w Warszawie. Jasiu, gdy ja planuj\u0119 z kim\u015b,  akcj\u0119, to synchronizujemy zegarki i uderzamy r\u00f3wnocze\u015bnie. Zmasowany atak i element zaskoczenia czasem powoduje, \u017ce nie ma strat w ludziach &#8211; po obu stronach.  Ruscy  nie s\u0105 tacy durni jak si\u0119 wszystkim wydaje. Dobrze wiedzieli, \u017ce po Polsce przyjdzie kolej na nich. Te dwa kurduple Hitler i Stalin mieli tak\u0105 sam\u0105 filozofi\u0119 &#8211; totalitaryzm ale ka\u017cdy z nich siebie widzia\u0142 jako panuj\u0105cego. No dobra powiedzia\u0142am, to po co ruscy strzelali do Polak\u00f3w, m\u00f3wi si\u0119, \u017ce zgin\u0119\u0142o ponad 7000 ludzi. Trudno zaj\u0105\u0107 jakie\u015b terytorium bez strza\u0142u, tym bardziej, \u017ce Polskie Wojska idiotycznymi rozkazami Naczelnego Dow\u00f3dztwa by\u0142y zdezorientowane, masowo poddawa\u0142y si\u0119 Niemcom. Ruscy te\u017c chcieli wzi\u0105\u0107 troch\u0119 je\u0144ca, wiedzieli, \u017ce si\u0119 przyda i przyda\u0142 si\u0119. Utworzyli z nich dwie armie. Jedna z Andersem wysz\u0142a do Iranu i zdoby\u0142a Monte Casino, a 1 Armia Wojska Polskiego sw\u00f3j szlak bojowy zako\u0144czy\u0142a w Berlinie. Nie wszyscy szli do niewoli, broni\u0142em naszej armii. Tak, cz\u0119\u015b\u0107 zwia\u0142a do Rumunii ale masz racj\u0119, byli te\u017c tacy, co woleli \u015bmier\u0107 ni\u017c niewol\u0119 i by\u0142o ich naprawd\u0119 du\u017co. Jednak bez Naczelnego Wodza nawet oni nic nie mogli zrobi\u0107. Gdyby kto\u015b wtedy zjednoczy\u0142 Polak\u00f3w, gdyby ka\u017cdy zna\u0142 swoje zadanie i wierzy\u0142 w jego wykonanie &#8211; nie ma takiej armii, kt\u00f3ra pokona\u0142aby zjednoczony Nar\u00f3d na jego terytorium. Stan\u0119li\u015bmy pod pomnikiem Wincentego Witosa na Placu Trzech Krzy\u017cy. On m\u00f3g\u0142 to zrobi\u0107 Jasiu, ju\u017c raz powstrzyma\u0142 nawa\u0142\u0119 bolszewicka w dwudziestym roku. Czemu tego nie zrobi\u0142? Zapytajmy go w modlitwie, powiedzia\u0142a. Analizowanie czasu wojny w czasie pokoju nie jest uprawnione, gdy mam w oczach \u015bmier\u0107 robi\u0119 rzeczy, o kt\u00f3rych normalnie nawet bym nie pomy\u015bla\u0142a.  Niemcy bali si\u0119 Witosa, zaproponowali mu obj\u0119cie w\u0142adzy &#8211; odm\u00f3wi\u0142, stali\u015bmy si\u0119 jak \u017bydzi i Cyganie, nikt nas nie reprezentowa\u0142, a wszystko przez tego naszego kurdupla. Marysia strasznie nienawidzi\u0142a J\u00f3zefa Pi\u0142sudskiego, a jej twierdzenie, \u017ce ten kto uwa\u017ca go za bohatera nie ma wyobra\u017ani i nie mo\u017ce rz\u0105dzi\u0107, zapami\u0119ta\u0142em i staram si\u0119 stosowa\u0107. Takim doskona\u0142ym przyk\u0142adem jest pan Jaros\u0142aw Kaczy\u0144ski, kt\u00f3ry stwierdzi\u0142, \u017ce uwa\u017ca si\u0119 za kontynuatora my\u015bli marsza\u0142ka. Ale jak si\u0119 okazuje, to dzia\u0142a nie tylko w polityce. R\u00f3wnie\u017c aktorzy, arty\u015bci dla kt\u00f3rych J\u00f3zef Pi\u0142sudski to bohater, nie potrafi\u0105 przewidzie\u0107 skutk\u00f3w swoich dzia\u0142a\u0144. Nagrali spot; &#8220;Nie \u015bwiruj, id\u017a na wybory&#8221;, gdzie graj\u0105c osoby niepe\u0142nosprawne zach\u0119caj\u0105 do wzi\u0119cia udzia\u0142u w wyborach. Wymieni\u0119 jedynie pana Wojciecha Pszoniaka, bo tylko filmik z jego udzia\u0142em obejrza\u0142em. To co zobaczy\u0142em by\u0142o wstr\u0119tne, nie wiem jak mo\u017cna wy\u015bmiewa\u0107 osoby niepe\u0142nosprawne. Pan Pszoniak nie mieszka w Polsce ale we Francji, zak\u0142adam jednak, \u017ce J\u00f3zef Pi\u0142sudski to dla niego bohater. Anga\u017cowa\u0142 si\u0119 bowiem w kampani\u0119 prezydenckie Bronis\u0142awa Komorowskiego 2010 i 2015. Teraz wiem, czemu Komorowski tak sromotnie przegra\u0142.  Ale jest te\u017c co\u015b pozytywnego. M\u0142odzie\u017c wyst\u0105pi\u0142a w obronie klimatu &#8220;Nie chcemy mieszka\u0107 na Marsie&#8221;, &#8220;nie czas \u017ca\u0142owa\u0107 kasy, gdy p\u0142on\u0105 lasy&#8221;. Z takimi has\u0142ami zwracali si\u0119 do polityk\u00f3w. To z\u0142y adres Kochani, nasi politycy s\u0105 jak ci aktorzy, nie maj\u0105 wyobra\u017ani. Popatrzcie na zdj\u0119cia waszych dziadk\u00f3w, mo\u017ce gdzie\u015b tam znajdziecie takie, gdzie b\u0119dzie demonstracja podobna do waszej i transparent &#8220;\u017bARNOBYL&#8221; &#8211; czarne litery na bia\u0142ym tle. To by\u0142 ten moment, gdzie zaczyna\u0142o si\u0119 nieszcz\u0119\u015bcie Polski, to wtedy rozpocz\u0119\u0142a si\u0119 likwidacja naszego programu energetyki j\u0105drowej. Broni\u0142a go Marysia &#8211;<a href=\"https:\/\/htb.com.pl\/?p=793\"> raz stoj\u0105c boso, w letniej sukience na masce swojego &#8220;Poldka&#8221;<\/a> m\u00f3wi\u0142a do ogromnego t\u0142umu zmanipulowanych ludzi. Mam na imi\u0119 Maria, to imi\u0119 Matki Boga. To zjedna\u0142o jej przeciwnik\u00f3w elektrowni j\u0105drowej w \u017barnowcu, mog\u0142a ma\u0142ymi kroczkami zacz\u0105\u0107 jej broni\u0107. Niestety, nie da\u0142a rady. Dzi\u015b trzeba powr\u00f3ci\u0107 do tego momentu, by\u0142 rok 1986, Matk\u0105 Boga by\u0142a Maria, nie Maryja i wszyscy si\u0119 do siebie u\u015bmiechali. Zr\u00f3bcie to Kochani &#8211; wtedy wasze wnuki b\u0119d\u0105 mia\u0142y szans\u0119 aby \u017cy\u0107 na ziemi, a nie na Marsie. <\/p>\n\n\n\n<div class=\"wp-block-media-text alignwide\"><figure class=\"wp-block-media-text__media\"><img loading=\"lazy\" decoding=\"async\" width=\"200\" height=\"307\" src=\"https:\/\/htb.com.pl\/wp-content\/uploads\/2019\/09\/kraw\u0119d\u017a.jpg\" alt=\"\" class=\"wp-image-9575\" srcset=\"https:\/\/htb.com.pl\/wp-content\/uploads\/2019\/09\/kraw\u0119d\u017a.jpg 200w, https:\/\/htb.com.pl\/wp-content\/uploads\/2019\/09\/kraw\u0119d\u017a-195x300.jpg 195w\" sizes=\"auto, (max-width: 200px) 100vw, 200px\" \/><\/figure><div class=\"wp-block-media-text__content\">\n<p class=\"has-medium-font-size\">K<a href=\"https:\/\/htb.com.pl\/?product=na-krawedzi-amerykanski-wywiad-w-epoce-terroryzmu\">olejny akapit oddzielam ksi\u0105\u017ck\u0105 o ameryka\u0144skim wywiadzie. Opisz\u0119 co s\u0105dzi\u0142a o nich Marysia.<\/a><\/p>\n<\/div><\/div>\n\n\n\n<p>Pisz\u0119 o faktach og\u00f3lnie znanych ale przedstawiam je tak, jak widzia\u0142a to Marysia, pojawia si\u0119 zupe\u0142nie inny obraz ni\u017c ten, kt\u00f3ry jest kreowany w mediach. Dzi\u015b te\u017c jeste\u015bmy zmanipulowani, stawiamy na Amerykan\u00f3w, Marysia wypowiada\u0142a si\u0119 o nich bardzo \u017ale i nie chodzi\u0142o tylko o embargo, kt\u00f3re wtedy, a by\u0142 1986 rok bardzo Polsce szkodzi\u0142o. CIA ameryka\u0144sk\u0105 agencj\u0119 wywiadowcz\u0105, kt\u00f3ra finansowa\u0142a Radio Wolna Europa, Marysia obwinia\u0142a o ofiary na wybrze\u017cu,  stan wojenny i wszelkie akty terroryzmu jakie si\u0119 wtedy z Polsce zdarzy\u0142y. By\u0142y one skrz\u0119tnie ukrywane, niewiele przedostawa\u0142o si\u0119 do przestrzeni publicznej. Wymieni\u0119 zab\u00f3jstwo ks. Jerzego Poie\u0142uszki ale by\u0142y te\u017c inne mordy na ksi\u0119\u017cach. Marysia wraz ze swoimi lud\u017ami wielu takim mordom zapobieg\u0142a. Widzia\u0142em jak wraca\u0142a po nocnych akcjach, cz\u0119sto mia\u0142a poplamiony mundur krwi\u0105. To nie moja krew Jasiu, ja mam ciebie, nie mog\u0119 zgin\u0105\u0107 i ci\u0119 zostawi\u0107. Ale nie tylko z bron\u0105 w r\u0119ku walczy\u0142a z terroryzmem. Kiedy\u015b by\u0142em \u015bwiadkiem, jak pr\u00f3bowa\u0142a co\u015b negocjowa\u0107 z ameryka\u0144skimi agentami. Ci jednak byli nieugi\u0119ci. Wesz\u0142a do kuchni i m\u00f3wi, bimber na st\u00f3\u0142 Jasi i siadasz z nami &#8211; no do boju. Okaza\u0142o si\u0119, \u017ce panowie doskonale m\u00f3wi\u0105 po Polsku. Widzia\u0142em, \u017ce negocjacje \u017ale przebieg\u0142y i Majka chcia\u0142a ich sprowokowa\u0107. Rozmowa zesz\u0142a na temat terroryzmu na \u015awiecie. Wiedzia\u0142em po co tam siedz\u0119, Majki si\u0119 bali i by\u0142a kobiet\u0105, by\u0142a szansa, \u017ce mnie zaatakuj\u0105. Opowiedzia\u0142em im o generale MacArthurze, kt\u00f3ry podczas wojny na Pacyfiku mia\u0142 Japo\u0144czyk\u00f3w na &#8220;widelcu&#8221; ale kto\u015b w sztabie ameryka\u0144skim chcia\u0142 zab\u0142ysn\u0105\u0107 i zdecydowano  zrzuci\u0107 bomby atomowe na Hiroszim\u0119 i Nagasaki. To najwi\u0119kszy jak dot\u0105d akt terrorystyczny na \u015awiecia, zgin\u0119\u0142o 30% cywilnych mieszka\u0144c\u00f3w tych miast w chwili wybuchu. Ostatecznej liczby ofiar nie da si\u0119 poda\u0107, mo\u017ce wasi naukowcy by to ustalili, zako\u0144czy\u0142em swoja opowie\u015b\u0107. Majka zapali\u0142a \u015bwiec\u0119, p\u0142on\u0119\u0142a jak znicz. <a href=\"https:\/\/htb.com.pl\/?product=swieca-konopna\"><img loading=\"lazy\" decoding=\"async\" width=\"150\" height=\"150\" class=\"wp-image-5922\" style=\"width: 150px;\" src=\"https:\/\/htb.com.pl\/wp-content\/uploads\/2019\/07\/swieczka-konopna.png\" alt=\"\" srcset=\"https:\/\/htb.com.pl\/wp-content\/uploads\/2019\/07\/swieczka-konopna.png 3500w, https:\/\/htb.com.pl\/wp-content\/uploads\/2019\/07\/swieczka-konopna-150x150.png 150w, https:\/\/htb.com.pl\/wp-content\/uploads\/2019\/07\/swieczka-konopna-300x300.png 300w, https:\/\/htb.com.pl\/wp-content\/uploads\/2019\/07\/swieczka-konopna-768x768.png 768w, https:\/\/htb.com.pl\/wp-content\/uploads\/2019\/07\/swieczka-konopna-1024x1024.png 1024w, https:\/\/htb.com.pl\/wp-content\/uploads\/2019\/07\/swieczka-konopna-600x600.png 600w, https:\/\/htb.com.pl\/wp-content\/uploads\/2019\/07\/swieczka-konopna-100x100.png 100w\" sizes=\"auto, (max-width: 150px) 100vw, 150px\" \/><\/a>  Ukl\u0119kn\u0119\u0142a i zacz\u0119\u0142a si\u0119 modli\u0107; Wieczne odpoczywanie, Racz im da\u0107 Panie, a \u015awiat\u0142o\u015b\u0107 Wiekuista niechaj im \u015bwieci. Amen. Do\u0142\u0105czy\u0142em do Marysi, kl\u0119czeli\u015bmy przed jej obrazem Jezusa Mi\u0142osiernego. Nasi go\u015bcie wyszli bez po\u017cegnania. Ty mi\u0142osierny jeste\u015b Panie ale my mordowania niewinnych nie odpu\u015bcimy, zako\u0144czy\u0142a modlitw\u0119 Marysia&#8230; Odpu\u015bcili\u015bmy &#8211; prezydent Andrzej Duda jest tak szcz\u0119\u015bliwy, \u017ce zostanie przyj\u0119ty przez ameryka\u0144skiego prezydenta Donalda Trumpa, jak dziecko w McDonalcd&#8217;sie. Patrz\u0119 na obraz Jezusa Mi\u0142osiernego i zastanawiam si\u0119, czy d\u0105\u017cenie do wojny mo\u017cna wybaczy\u0107?<\/p>\n\n\n\n<figure class=\"wp-block-image\"><img loading=\"lazy\" decoding=\"async\" width=\"690\" height=\"1024\" src=\"https:\/\/htb.com.pl\/wp-content\/uploads\/2019\/09\/Jezus-Miosierny-690x1024.jpg\" alt=\"\" class=\"wp-image-9584\" srcset=\"https:\/\/htb.com.pl\/wp-content\/uploads\/2019\/09\/Jezus-Miosierny-690x1024.jpg 690w, https:\/\/htb.com.pl\/wp-content\/uploads\/2019\/09\/Jezus-Miosierny-202x300.jpg 202w, https:\/\/htb.com.pl\/wp-content\/uploads\/2019\/09\/Jezus-Miosierny-768x1139.jpg 768w, https:\/\/htb.com.pl\/wp-content\/uploads\/2019\/09\/Jezus-Miosierny-600x890.jpg 600w, https:\/\/htb.com.pl\/wp-content\/uploads\/2019\/09\/Jezus-Miosierny.jpg 857w\" sizes=\"auto, (max-width: 690px) 100vw, 690px\" \/><\/figure>\n\n\n\n<p><\/p>\n\n\n\n<p>Trzeba si\u0119 modli\u0107 o wolne media i m\u0105dro\u015b\u0107 polityk\u00f3w, musz\u0105 zrozumie\u0107, \u017ce ka\u017cda wojna to ofiary, a na ko\u0144cu i tak trzeba usi\u0105\u015b\u0107 do sto\u0142u. Niezale\u017cne media mog\u0105 sprawi\u0107, \u017ce politycy do sto\u0142u usi\u0105d\u0105 na pocz\u0105tku. Tylko tak mo\u017cna zapobiec wojnie, bo to jest z\u0142o najwi\u0119ksze. Lubimy brz\u0119k szabli, szcz\u0119k broni, bo znamy to z literatury romantyzmu. Oby\u015bmy nigdy nie poznali tego naprawd\u0119. Tak uwa\u017ca\u0142a Marysia, a Wy Kochani?<\/p>\n","protected":false},"excerpt":{"rendered":"<p>\u0179li politycy ilekro\u0107 przejmowali w\u0142adz\u0119 w Polsce po roku 1990, mieli has\u0142o; &#8220;Teraz k&#8230;a my&#8221;. Dzi\u015b niezwyk\u0142e jest to, \u017ce mog\u0105 t\u0105 w\u0142adz\u0119 zachowa\u0107 na kolejn\u0105 kadencj\u0119. Sprawi\u0142y to media; TVPiS, Radio Maryja ale i pozosta\u0142e, kt\u00f3re aby si\u0119 przypodoba\u0107 reklamodawcom opowiadaj\u0105 tak nieprawdopodobne g\u0142upoty, \u017ce kolejna kadencja z\u0142ych polityk\u00f3w jest mo\u017cliwa. Ci co tym [&hellip;]<\/p>\n","protected":false},"author":1,"featured_media":9637,"comment_status":"open","ping_status":"open","sticky":false,"template":"","format":"standard","meta":{"_jetpack_memberships_contains_paid_content":false,"footnotes":""},"categories":[4],"tags":[305,502],"class_list":["post-9370","post","type-post","status-publish","format-standard","has-post-thumbnail","hentry","category-daty-i-fakty-blog","tag-monika-jaruzelska","tag-wolne-media"],"jetpack_sharing_enabled":true,"jetpack_featured_media_url":"https:\/\/htb.com.pl\/wp-content\/uploads\/2019\/09\/bomba.jpg","_links":{"self":[{"href":"https:\/\/htb.com.pl\/index.php?rest_route=\/wp\/v2\/posts\/9370","targetHints":{"allow":["GET"]}}],"collection":[{"href":"https:\/\/htb.com.pl\/index.php?rest_route=\/wp\/v2\/posts"}],"about":[{"href":"https:\/\/htb.com.pl\/index.php?rest_route=\/wp\/v2\/types\/post"}],"author":[{"embeddable":true,"href":"https:\/\/htb.com.pl\/index.php?rest_route=\/wp\/v2\/users\/1"}],"replies":[{"embeddable":true,"href":"https:\/\/htb.com.pl\/index.php?rest_route=%2Fwp%2Fv2%2Fcomments&post=9370"}],"version-history":[{"count":29,"href":"https:\/\/htb.com.pl\/index.php?rest_route=\/wp\/v2\/posts\/9370\/revisions"}],"predecessor-version":[{"id":17055,"href":"https:\/\/htb.com.pl\/index.php?rest_route=\/wp\/v2\/posts\/9370\/revisions\/17055"}],"wp:featuredmedia":[{"embeddable":true,"href":"https:\/\/htb.com.pl\/index.php?rest_route=\/wp\/v2\/media\/9637"}],"wp:attachment":[{"href":"https:\/\/htb.com.pl\/index.php?rest_route=%2Fwp%2Fv2%2Fmedia&parent=9370"}],"wp:term":[{"taxonomy":"category","embeddable":true,"href":"https:\/\/htb.com.pl\/index.php?rest_route=%2Fwp%2Fv2%2Fcategories&post=9370"},{"taxonomy":"post_tag","embeddable":true,"href":"https:\/\/htb.com.pl\/index.php?rest_route=%2Fwp%2Fv2%2Ftags&post=9370"}],"curies":[{"name":"wp","href":"https:\/\/api.w.org\/{rel}","templated":true}]}}