{"id":94493,"date":"2023-11-12T10:59:01","date_gmt":"2023-11-12T10:59:01","guid":{"rendered":"https:\/\/htb.com.pl\/?p=94493"},"modified":"2023-11-12T12:38:57","modified_gmt":"2023-11-12T12:38:57","slug":"anihilacja","status":"publish","type":"post","link":"https:\/\/htb.com.pl\/?p=94493","title":{"rendered":"Anihilacja"},"content":{"rendered":"\n<p><\/p>\n\n\n\n<figure class=\"wp-block-image size-thumbnail\"><a href=\"https:\/\/htb.com.pl\/wp-content\/uploads\/2023\/11\/Anihilacja.mp3\"><img loading=\"lazy\" decoding=\"async\" width=\"150\" height=\"150\" src=\"https:\/\/htb.com.pl\/wp-content\/uploads\/2018\/04\/posluchaj-150x150.jpg\" alt=\"\" class=\"wp-image-2020\" srcset=\"https:\/\/htb.com.pl\/wp-content\/uploads\/2018\/04\/posluchaj-150x150.jpg 150w, https:\/\/htb.com.pl\/wp-content\/uploads\/2018\/04\/posluchaj-300x300.jpg 300w, https:\/\/htb.com.pl\/wp-content\/uploads\/2018\/04\/posluchaj-100x100.jpg 100w\" sizes=\"auto, (max-width: 150px) 100vw, 150px\" \/><\/a><\/figure>\n\n\n\n<p>Tytu\u0142 to nowe okre\u015blenie tego, co dotyczy Pa\u0144stwa Polskiego wed\u0142ug Jaros\u0142awa Kaczy\u0144skiego. <a href=\"http:\/\/radiomaria.com.pl\/wp-content\/uploads\/2023\/11\/11.11.-Kaczynski-znowu-na-czele.mp3\"><img loading=\"lazy\" decoding=\"async\" width=\"150\" height=\"84\" class=\"wp-image-94506\" style=\"width: 150px;\" src=\"https:\/\/htb.com.pl\/wp-content\/uploads\/2023\/11\/Anmichilacjamaly.png\" alt=\"\" srcset=\"https:\/\/htb.com.pl\/wp-content\/uploads\/2023\/11\/Anmichilacjamaly.png 979w, https:\/\/htb.com.pl\/wp-content\/uploads\/2023\/11\/Anmichilacjamaly-300x168.png 300w, https:\/\/htb.com.pl\/wp-content\/uploads\/2023\/11\/Anmichilacjamaly-768x430.png 768w, https:\/\/htb.com.pl\/wp-content\/uploads\/2023\/11\/Anmichilacjamaly-600x336.png 600w\" sizes=\"auto, (max-width: 150px) 100vw, 150px\" \/><\/a> S\u0142owo pochodzi z j\u0119zyka \u0142aci\u0144skiego i oznacza unicestwienie. \u0141aci\u0144skie s\u0142owo sanacja znaczy uzdrowienie. Obowi\u0105zywa\u0142o, gdy Pa\u0144stwo Polskie si\u0119 odradza\u0142o, ale w\u0142a\u015bnie unicestwienie oznacza\u0142o. Jednak panu Kaczy\u0144skiemu i wi\u0119kszo\u015bci Polak\u00f3w tak si\u0119 spodoba\u0142o, \u017ce jeszcze d\u0142ugo wszystko na polityce J\u00f3zefa Pi\u0142sudskiego b\u0119dzie si\u0119 opiera\u0142o.<\/p>\n\n\n\n<p>&nbsp; Marysi, dzi\u0119ki kt\u00f3rej Radio MARIA powsta\u0142o si\u0119 to nie podoba\u0142o. Dlatego 11 listopada w \u015awi\u0119to Niepodleg\u0142o\u015bci jej radio muzyk\u0119 Ignacego Jana Paderewskiego gra\u0142o. <a href=\"http:\/\/radiomaria.com.pl\/wp-content\/uploads\/2023\/11\/105-rocznica-odzyskania-niepodleglosci.mp3\"><img loading=\"lazy\" decoding=\"async\" width=\"150\" height=\"104\" class=\"wp-image-32951\" style=\"width: 150px;\" src=\"https:\/\/htb.com.pl\/wp-content\/uploads\/2020\/11\/Paderewski-i-fortepian.jpg\" alt=\"\" srcset=\"https:\/\/htb.com.pl\/wp-content\/uploads\/2020\/11\/Paderewski-i-fortepian.jpg 625w, https:\/\/htb.com.pl\/wp-content\/uploads\/2020\/11\/Paderewski-i-fortepian-300x207.jpg 300w, https:\/\/htb.com.pl\/wp-content\/uploads\/2020\/11\/Paderewski-i-fortepian-600x415.jpg 600w\" sizes=\"auto, (max-width: 150px) 100vw, 150px\" \/><\/a> Kochani \u2013 pomy\u015blcie, co by nam to przeszkadza\u0142o, gdyby Pa\u0144stwo Polskie w\u0142a\u015bnie Paderewskiego i ca\u0142y Front Morges Witosa, Sikorskiego i wielu im podobnych za wz\u00f3r sobie obra\u0142o?<\/p>\n\n\n\n<p>&nbsp; Pi\u0142sudczycy w 1926 doku Zamachu Majowego dokonali. Sto lat p\u00f3\u017aniej, pod koniec 2015 roku ci co tamto za dobro uznali nasz\u0105 Konstytucj\u0119 zlikwidowali. <a href=\"http:\/\/radiomaria.com.pl\/wp-content\/uploads\/2023\/11\/05.11.Nasze-slonce.mp3\"><img loading=\"lazy\" decoding=\"async\" width=\"150\" height=\"83\" class=\"wp-image-94496\" style=\"width: 150px;\" src=\"https:\/\/htb.com.pl\/wp-content\/uploads\/2023\/11\/Kaczkrak.png\" alt=\"\" srcset=\"https:\/\/htb.com.pl\/wp-content\/uploads\/2023\/11\/Kaczkrak.png 752w, https:\/\/htb.com.pl\/wp-content\/uploads\/2023\/11\/Kaczkrak-300x166.png 300w, https:\/\/htb.com.pl\/wp-content\/uploads\/2023\/11\/Kaczkrak-600x333.png 600w\" sizes=\"auto, (max-width: 150px) 100vw, 150px\" \/><\/a> Dzi\u015b przegrali i teraz to, co porozwalali b\u0119d\u0105 betonowali.<\/p>\n\n\n\n<p>&nbsp;  <a href=\"http:\/\/radiomaria.com.pl\/wp-content\/uploads\/2023\/11\/Przygotowania-do-slubowania.mp3\"><img loading=\"lazy\" decoding=\"async\" width=\"150\" height=\"84\" class=\"wp-image-94498\" style=\"width: 150px;\" src=\"https:\/\/htb.com.pl\/wp-content\/uploads\/2023\/11\/LANDSCAPE_840.jpg\" alt=\"\" srcset=\"https:\/\/htb.com.pl\/wp-content\/uploads\/2023\/11\/LANDSCAPE_840.jpg 840w, https:\/\/htb.com.pl\/wp-content\/uploads\/2023\/11\/LANDSCAPE_840-300x169.jpg 300w, https:\/\/htb.com.pl\/wp-content\/uploads\/2023\/11\/LANDSCAPE_840-768x432.jpg 768w, https:\/\/htb.com.pl\/wp-content\/uploads\/2023\/11\/LANDSCAPE_840-600x337.jpg 600w\" sizes=\"auto, (max-width: 150px) 100vw, 150px\" \/><\/a> Wykombinowali, \u017ce regulamin SN b\u0119d\u0105 zmieniali. &nbsp;Chodzi o paragraf 111. &nbsp;Ma tu nast\u0105pi\u0107 zmiana, kt\u00f3ra m\u00f3wi o podejmowaniu uchwa\u0142 SN w pe\u0142nym sk\u0142adzie po\u0142\u0105czonych Izb lub w pe\u0142nym sk\u0142adzie danej Izby. Do tej pory takie uchwa\u0142y mo\u017cna by\u0142o podj\u0105\u0107, gdy w posiedzeniu bra\u0142o udzia\u0142 co najmniej 2\/3 sk\u0142adu danej Izby. Prezydent proponuje, by ten wym\u00f3g obni\u017cy\u0107 do obecno\u015bci 1\/2 sk\u0142adu ka\u017cdej z Izb.<\/p>\n\n\n\n<p>Po co taka kombinacja? \u017beby prezydencka nominacja by\u0142a jak kremlowska dekretacja.<\/p>\n\n\n\n<p>Prezydent i PiS mogliby m\u00f3wi\u0107, \u017ce neo-KRS jest legalna, podobnie jak jej nominacje. I na tej podstawie utrudnialiby jej likwidacj\u0119 i cofni\u0119cie nominacji dla neo-s\u0119dzi\u00f3w lub ich weryfikacj\u0119. Zostaj\u0105 jeszcze podobnej tre\u015bci \u2013 jak ta uchwa\u0142a \u2013 wyroki TSUE i ETPCz. Ale prezydent w \u015blad za TK Przy\u0142\u0119bskiej m\u00f3g\u0142by twierdzi\u0107, \u017ce w Polsce one nie obowi\u0105zuj\u0105, bo tu putinowskie zasady panuj\u0105.<\/p>\n\n\n\n<p>&nbsp; To trzeba uzdrowi\u0107 na pocz\u0105tek \u2013 b\u0119dzie problem\u2026<\/p>\n\n\n\n<p>&nbsp; Jak w okresie przemian lat 80-90 Polska Konstytucja powstawa\u0142a, Marysia podpowiada\u0142a, aby Polska prezydenta, jak w okresie mi\u0119dzywojennym, przez parlament wybiera\u0142a. Wtedy klasa polityczna argumentowa\u0142a, \u017ce to nie <strong>zadzia\u0142a<\/strong> &#8211; wtedy Polska tak wybranego prezydenta Gabriela Narutowicza zamordowa\u0142a. A teraz <strong>dzia\u0142a<\/strong>?<\/p>\n\n\n\n<p>&nbsp;  <a href=\"http:\/\/radiomaria.com.pl\/wp-content\/uploads\/2023\/03\/9.11.Ukraina-bedzie-w-UE.mp3\"><img loading=\"lazy\" decoding=\"async\" width=\"150\" height=\"113\" class=\"wp-image-94500\" style=\"width: 150px;\" src=\"https:\/\/htb.com.pl\/wp-content\/uploads\/2023\/11\/d274f83a3156b10c592476bf3fe4.jpeg\" alt=\"\" srcset=\"https:\/\/htb.com.pl\/wp-content\/uploads\/2023\/11\/d274f83a3156b10c592476bf3fe4.jpeg 640w, https:\/\/htb.com.pl\/wp-content\/uploads\/2023\/11\/d274f83a3156b10c592476bf3fe4-300x225.jpeg 300w, https:\/\/htb.com.pl\/wp-content\/uploads\/2023\/11\/d274f83a3156b10c592476bf3fe4-600x450.jpeg 600w\" sizes=\"auto, (max-width: 150px) 100vw, 150px\" \/><\/a> Wprawdzie Ukraina te\u017c prezydenta w wyborach powszechnych wybra\u0142a, ale tam czego\u015b takiego jak Podkarpacie nie mia\u0142a. Na Podkarpaciu Andrzej Duda pokona\u0142 Rafa\u0142a Trzaskowskiego 70.92 do 29,08 procent g\u0142os\u00f3w. Gdyby nie to by\u0142oby normalne &#8211; a tak?<\/p>\n\n\n\n<p>&nbsp;  <a href=\"http:\/\/radiomaria.com.pl\/wp-content\/uploads\/2023\/03\/09.11.To-sie-nie-uda.mp3\"><img loading=\"lazy\" decoding=\"async\" width=\"150\" height=\"90\" class=\"wp-image-94502\" style=\"width: 150px;\" src=\"https:\/\/htb.com.pl\/wp-content\/uploads\/2023\/11\/Mucha-Glapinskimaly.png\" alt=\"\" srcset=\"https:\/\/htb.com.pl\/wp-content\/uploads\/2023\/11\/Mucha-Glapinskimaly.png 966w, https:\/\/htb.com.pl\/wp-content\/uploads\/2023\/11\/Mucha-Glapinskimaly-300x181.png 300w, https:\/\/htb.com.pl\/wp-content\/uploads\/2023\/11\/Mucha-Glapinskimaly-768x463.png 768w, https:\/\/htb.com.pl\/wp-content\/uploads\/2023\/11\/Mucha-Glapinskimaly-600x361.png 600w\" sizes=\"auto, (max-width: 150px) 100vw, 150px\" \/><\/a> Polscy politycy nawet we w\u0142asnych obozach si\u0119 pok\u0142\u00f3cili, a polscy transportowcy, kt\u00f3rzy po naszym wej\u015bciu do UE du\u017cych problem\u00f3w zachodnim firmom transportowym narobili, teraz konkurencji ukrai\u0144skich transportowc\u00f3w si\u0119 wystraszyli. <a href=\"http:\/\/radiomaria.com.pl\/wp-content\/uploads\/2023\/11\/11.11.Blokady.mp3\"><img loading=\"lazy\" decoding=\"async\" width=\"150\" height=\"84\" class=\"wp-image-94504\" style=\"width: 150px;\" src=\"https:\/\/htb.com.pl\/wp-content\/uploads\/2023\/11\/StrajkPmaly.png\" alt=\"\" srcset=\"https:\/\/htb.com.pl\/wp-content\/uploads\/2023\/11\/StrajkPmaly.png 996w, https:\/\/htb.com.pl\/wp-content\/uploads\/2023\/11\/StrajkPmaly-300x168.png 300w, https:\/\/htb.com.pl\/wp-content\/uploads\/2023\/11\/StrajkPmaly-768x431.png 768w, https:\/\/htb.com.pl\/wp-content\/uploads\/2023\/11\/StrajkPmaly-600x337.png 600w\" sizes=\"auto, (max-width: 150px) 100vw, 150px\" \/><\/a><\/p>\n\n\n\n<p>&nbsp; Taka jest kolej rzeczy \u2013 trzeba, \u017ceby\u015bmy jak w Jagodnie byli. I na kolejne \u015awi\u0119to Niepodleg\u0142o\u015bci wsp\u00f3lnie pizzeri\u0119 odwiedzili. A gdyby jeszcze &nbsp;Radio MARIA w tej pizzerii w\u0142\u0105czyli? W Polsce, kt\u00f3r\u0105 Marysia sobie wymarzy\u0142a by\u015bmy byli.<\/p>\n","protected":false},"excerpt":{"rendered":"<p>Tytu\u0142 to nowe okre\u015blenie tego, co dotyczy Pa\u0144stwa Polskiego wed\u0142ug Jaros\u0142awa Kaczy\u0144skiego. S\u0142owo pochodzi z j\u0119zyka \u0142aci\u0144skiego i oznacza unicestwienie. \u0141aci\u0144skie s\u0142owo sanacja znaczy uzdrowienie. Obowi\u0105zywa\u0142o, gdy Pa\u0144stwo Polskie si\u0119 odradza\u0142o, ale w\u0142a\u015bnie unicestwienie oznacza\u0142o. Jednak panu Kaczy\u0144skiemu i wi\u0119kszo\u015bci Polak\u00f3w tak si\u0119 spodoba\u0142o, \u017ce jeszcze d\u0142ugo wszystko na polityce J\u00f3zefa Pi\u0142sudskiego b\u0119dzie si\u0119 opiera\u0142o. [&hellip;]<\/p>\n","protected":false},"author":1,"featured_media":94509,"comment_status":"open","ping_status":"open","sticky":false,"template":"","format":"standard","meta":{"_jetpack_memberships_contains_paid_content":false,"footnotes":""},"categories":[4],"tags":[919],"class_list":["post-94493","post","type-post","status-publish","format-standard","has-post-thumbnail","hentry","category-daty-i-fakty-blog","tag-anihilacja"],"jetpack_sharing_enabled":true,"jetpack_featured_media_url":"https:\/\/htb.com.pl\/wp-content\/uploads\/2023\/11\/Jagodno.png","_links":{"self":[{"href":"https:\/\/htb.com.pl\/index.php?rest_route=\/wp\/v2\/posts\/94493","targetHints":{"allow":["GET"]}}],"collection":[{"href":"https:\/\/htb.com.pl\/index.php?rest_route=\/wp\/v2\/posts"}],"about":[{"href":"https:\/\/htb.com.pl\/index.php?rest_route=\/wp\/v2\/types\/post"}],"author":[{"embeddable":true,"href":"https:\/\/htb.com.pl\/index.php?rest_route=\/wp\/v2\/users\/1"}],"replies":[{"embeddable":true,"href":"https:\/\/htb.com.pl\/index.php?rest_route=%2Fwp%2Fv2%2Fcomments&post=94493"}],"version-history":[{"count":13,"href":"https:\/\/htb.com.pl\/index.php?rest_route=\/wp\/v2\/posts\/94493\/revisions"}],"predecessor-version":[{"id":94521,"href":"https:\/\/htb.com.pl\/index.php?rest_route=\/wp\/v2\/posts\/94493\/revisions\/94521"}],"wp:featuredmedia":[{"embeddable":true,"href":"https:\/\/htb.com.pl\/index.php?rest_route=\/wp\/v2\/media\/94509"}],"wp:attachment":[{"href":"https:\/\/htb.com.pl\/index.php?rest_route=%2Fwp%2Fv2%2Fmedia&parent=94493"}],"wp:term":[{"taxonomy":"category","embeddable":true,"href":"https:\/\/htb.com.pl\/index.php?rest_route=%2Fwp%2Fv2%2Fcategories&post=94493"},{"taxonomy":"post_tag","embeddable":true,"href":"https:\/\/htb.com.pl\/index.php?rest_route=%2Fwp%2Fv2%2Ftags&post=94493"}],"curies":[{"name":"wp","href":"https:\/\/api.w.org\/{rel}","templated":true}]}}