{"id":95191,"date":"2023-11-26T08:46:35","date_gmt":"2023-11-26T08:46:35","guid":{"rendered":"https:\/\/htb.com.pl\/?p=95191"},"modified":"2023-11-26T09:38:21","modified_gmt":"2023-11-26T09:38:21","slug":"ukrainski-dzien-wolnosci-i-godnosci","status":"publish","type":"post","link":"https:\/\/htb.com.pl\/?p=95191","title":{"rendered":"Ukrai\u0144ski Dzie\u0144 Wolno\u015bci i Godno\u015bci"},"content":{"rendered":"\n<p><\/p>\n\n\n\n<figure class=\"wp-block-image size-thumbnail\"><a href=\"https:\/\/htb.com.pl\/wp-content\/uploads\/2023\/11\/Ukraiski-Dzien-Wolnosci-i-Niepodleglosci.mp3\"><img loading=\"lazy\" decoding=\"async\" width=\"150\" height=\"150\" src=\"https:\/\/htb.com.pl\/wp-content\/uploads\/2018\/04\/posluchaj-150x150.jpg\" alt=\"\" class=\"wp-image-2020\" srcset=\"https:\/\/htb.com.pl\/wp-content\/uploads\/2018\/04\/posluchaj-150x150.jpg 150w, https:\/\/htb.com.pl\/wp-content\/uploads\/2018\/04\/posluchaj-300x300.jpg 300w, https:\/\/htb.com.pl\/wp-content\/uploads\/2018\/04\/posluchaj-100x100.jpg 100w\" sizes=\"auto, (max-width: 150px) 100vw, 150px\" \/><\/a><\/figure>\n\n\n\n<p>10 lat temu na&#8221; Kijowskim Majdanie&#8221; Ukrai\u0144cy zacz\u0119li swoje zwyci\u0119\u017canie. <a href=\"http:\/\/radiomaria.com.pl\/wp-content\/uploads\/2023\/11\/22.11.10-rocznica-Majdanu.mp3\"><img loading=\"lazy\" decoding=\"async\" width=\"150\" height=\"111\" class=\"wp-image-95195\" style=\"width: 150px;\" src=\"https:\/\/htb.com.pl\/wp-content\/uploads\/2023\/11\/Majdan.png\" alt=\"\" srcset=\"https:\/\/htb.com.pl\/wp-content\/uploads\/2023\/11\/Majdan.png 680w, https:\/\/htb.com.pl\/wp-content\/uploads\/2023\/11\/Majdan-300x221.png 300w, https:\/\/htb.com.pl\/wp-content\/uploads\/2023\/11\/Majdan-600x443.png 600w\" sizes=\"auto, (max-width: 150px) 100vw, 150px\" \/><\/a> Jeszcze nie czas na \u015bwi\u0119towanie, ale trzeba wierzy\u0107, \u017ce Ukraina ju\u017c wkr\u00f3tce pa\u0144stwem wolnym i demokratycznym si\u0119 stanie. Pami\u0119tam, jak my \u017ce\u015bmy zwyci\u0119\u017cali, wtedy wszyscy nam pomagali. Dzi\u015b polscy rolnicy i przewo\u017anicy przej\u015bcia z Ukrain\u0105 zablokowali. <a href=\"http:\/\/radiomaria.com.pl\/wp-content\/uploads\/2023\/11\/23.11.Protest-przewoznikow.mp3\"><img loading=\"lazy\" decoding=\"async\" width=\"150\" height=\"111\" class=\"wp-image-95197\" style=\"width: 150px;\" src=\"https:\/\/htb.com.pl\/wp-content\/uploads\/2023\/11\/ProtestU.png\" alt=\"\" srcset=\"https:\/\/htb.com.pl\/wp-content\/uploads\/2023\/11\/ProtestU.png 795w, https:\/\/htb.com.pl\/wp-content\/uploads\/2023\/11\/ProtestU-300x221.png 300w, https:\/\/htb.com.pl\/wp-content\/uploads\/2023\/11\/ProtestU-768x566.png 768w, https:\/\/htb.com.pl\/wp-content\/uploads\/2023\/11\/ProtestU-600x442.png 600w\" sizes=\"auto, (max-width: 150px) 100vw, 150px\" \/><\/a><\/p>\n\n\n\n<p>&nbsp; W 1920 roku \u201ezbuntowane\u201d wojska genera\u0142a \u017byligowskiego mordy na Wo\u0142yniu sprowokowali. Chc\u0119 wierzy\u0107, \u017ce ci, co dzi\u015b narracji Kremla pos\u0142uchali, zrobili to tylko dlatego, \u017ce nie mamy rz\u0105du polskiego i jak tylko pozb\u0119dziemy si\u0119 bezprawia i niesprawiedliwo\u015bci, wszystko wr\u00f3ci do normalno\u015bci.<\/p>\n\n\n\n<p><\/p>\n\n\n\n<figure class=\"wp-block-image size-full\"><a href=\"http:\/\/radiomaria.com.pl\/wp-content\/uploads\/2023\/11\/24.11.Nowy-rzad.mp3\"><img loading=\"lazy\" decoding=\"async\" width=\"840\" height=\"472\" src=\"https:\/\/htb.com.pl\/wp-content\/uploads\/2023\/11\/LANDSCAPE_840-1.jpg\" alt=\"\" class=\"wp-image-95199\" srcset=\"https:\/\/htb.com.pl\/wp-content\/uploads\/2023\/11\/LANDSCAPE_840-1.jpg 840w, https:\/\/htb.com.pl\/wp-content\/uploads\/2023\/11\/LANDSCAPE_840-1-300x169.jpg 300w, https:\/\/htb.com.pl\/wp-content\/uploads\/2023\/11\/LANDSCAPE_840-1-768x432.jpg 768w, https:\/\/htb.com.pl\/wp-content\/uploads\/2023\/11\/LANDSCAPE_840-1-600x337.jpg 600w\" sizes=\"auto, (max-width: 840px) 100vw, 840px\" \/><\/a><\/figure>\n\n\n\n<p>Tak mo\u017ce wyglada\u0107 nowy polski rz\u0105d.<\/p>\n\n\n\n<p>&nbsp; To ludzie Kremla w 2005 roku \u201eAfer\u0119 Rywina\u201d wywo\u0142ali. Zauwa\u017cyli, \u017ce rz\u0105dz\u0105cy w Polsce systemu oligarchicznego nie tworzyli \u2013 dlatego ich wymienili i od tej pory sw\u00f3j porz\u0105dek nam wprowadzili. <a href=\"http:\/\/radiomaria.com.pl\/wp-content\/uploads\/2023\/11\/20.11.Agent-Tomek1.mp3\"><img loading=\"lazy\" decoding=\"async\" width=\"150\" height=\"91\" class=\"wp-image-95193\" style=\"width: 150px;\" src=\"https:\/\/htb.com.pl\/wp-content\/uploads\/2023\/11\/Agent-Tomek-z-maly.jpg\" alt=\"\" srcset=\"https:\/\/htb.com.pl\/wp-content\/uploads\/2023\/11\/Agent-Tomek-z-maly.jpg 993w, https:\/\/htb.com.pl\/wp-content\/uploads\/2023\/11\/Agent-Tomek-z-maly-300x182.jpg 300w, https:\/\/htb.com.pl\/wp-content\/uploads\/2023\/11\/Agent-Tomek-z-maly-768x467.jpg 768w, https:\/\/htb.com.pl\/wp-content\/uploads\/2023\/11\/Agent-Tomek-z-maly-600x365.jpg 600w\" sizes=\"auto, (max-width: 150px) 100vw, 150px\" \/><\/a> Wielu ludzi zamordowali \u2013 a w swej propagandzie tak to przedstawiali, jakby nam pomagali.<\/p>\n\n\n\n<p>&nbsp; Podobnie ludzie Beniamina Nataniahu w Izraelu dzia\u0142ali. Te\u017c s\u0142u\u017cby specjalne do obrony skompromitowanego premiera wykorzystywali i dlatego terrory\u015bci z Hamasu zaatakowali. Mn\u00f3stwo ludzi zgin\u0119\u0142o. Teraz jakby si\u0119 dogadali i walki przerwali. A niekt\u00f3rzy zak\u0142adnicy, kt\u00f3rych uprowadzili Palesty\u0144czycy i palesty\u0144scy bojownicy, kt\u00f3rych wi\u0119zili Izraelczycy wolno\u015b\u0107 odzyskali. Izraelczycy za jednego zak\u0142adnika trzech palesty\u0144skich wi\u0119\u017ani\u00f3w zwalniali. <a href=\"http:\/\/radiomaria.com.pl\/wp-content\/uploads\/2023\/11\/24.11.Zakladnicy.mp3\"><img loading=\"lazy\" decoding=\"async\" width=\"150\" height=\"78\" class=\"wp-image-95202\" style=\"width: 150px;\" src=\"https:\/\/htb.com.pl\/wp-content\/uploads\/2023\/11\/zakladnicy.png\" alt=\"\" srcset=\"https:\/\/htb.com.pl\/wp-content\/uploads\/2023\/11\/zakladnicy.png 933w, https:\/\/htb.com.pl\/wp-content\/uploads\/2023\/11\/zakladnicy-300x157.png 300w, https:\/\/htb.com.pl\/wp-content\/uploads\/2023\/11\/zakladnicy-768x402.png 768w, https:\/\/htb.com.pl\/wp-content\/uploads\/2023\/11\/zakladnicy-850x450.png 850w, https:\/\/htb.com.pl\/wp-content\/uploads\/2023\/11\/zakladnicy-600x314.png 600w\" sizes=\"auto, (max-width: 150px) 100vw, 150px\" \/><\/a><\/p>\n\n\n\n<p>&nbsp; Ju\u017c wkr\u00f3tce Ewangeli\u0119 o narodzinach Jezusa b\u0119dziemy czytali i dobrych ludzi udawali. My\u015bl\u0119, \u017ce nadszed\u0142 czas, aby\u015bmy udawa\u0107 przestali i naprawd\u0119 bli\u017aniego, ale teraz ka\u017cdego, a nie tylko swojego&nbsp; pokochali.<\/p>\n","protected":false},"excerpt":{"rendered":"<p>10 lat temu na&#8221; Kijowskim Majdanie&#8221; Ukrai\u0144cy zacz\u0119li swoje zwyci\u0119\u017canie. Jeszcze nie czas na \u015bwi\u0119towanie, ale trzeba wierzy\u0107, \u017ce Ukraina ju\u017c wkr\u00f3tce pa\u0144stwem wolnym i demokratycznym si\u0119 stanie. Pami\u0119tam, jak my \u017ce\u015bmy zwyci\u0119\u017cali, wtedy wszyscy nam pomagali. Dzi\u015b polscy rolnicy i przewo\u017anicy przej\u015bcia z Ukrain\u0105 zablokowali. &nbsp; W 1920 roku \u201ezbuntowane\u201d wojska genera\u0142a \u017byligowskiego mordy [&hellip;]<\/p>\n","protected":false},"author":1,"featured_media":95195,"comment_status":"open","ping_status":"open","sticky":false,"template":"","format":"standard","meta":{"_jetpack_memberships_contains_paid_content":false,"footnotes":""},"categories":[4],"tags":[921],"class_list":["post-95191","post","type-post","status-publish","format-standard","has-post-thumbnail","hentry","category-daty-i-fakty-blog","tag-ukrainski-dzien-wolnosci-i-godnosci"],"jetpack_sharing_enabled":true,"jetpack_featured_media_url":"https:\/\/htb.com.pl\/wp-content\/uploads\/2023\/11\/Majdan.png","_links":{"self":[{"href":"https:\/\/htb.com.pl\/index.php?rest_route=\/wp\/v2\/posts\/95191","targetHints":{"allow":["GET"]}}],"collection":[{"href":"https:\/\/htb.com.pl\/index.php?rest_route=\/wp\/v2\/posts"}],"about":[{"href":"https:\/\/htb.com.pl\/index.php?rest_route=\/wp\/v2\/types\/post"}],"author":[{"embeddable":true,"href":"https:\/\/htb.com.pl\/index.php?rest_route=\/wp\/v2\/users\/1"}],"replies":[{"embeddable":true,"href":"https:\/\/htb.com.pl\/index.php?rest_route=%2Fwp%2Fv2%2Fcomments&post=95191"}],"version-history":[{"count":11,"href":"https:\/\/htb.com.pl\/index.php?rest_route=\/wp\/v2\/posts\/95191\/revisions"}],"predecessor-version":[{"id":95211,"href":"https:\/\/htb.com.pl\/index.php?rest_route=\/wp\/v2\/posts\/95191\/revisions\/95211"}],"wp:featuredmedia":[{"embeddable":true,"href":"https:\/\/htb.com.pl\/index.php?rest_route=\/wp\/v2\/media\/95195"}],"wp:attachment":[{"href":"https:\/\/htb.com.pl\/index.php?rest_route=%2Fwp%2Fv2%2Fmedia&parent=95191"}],"wp:term":[{"taxonomy":"category","embeddable":true,"href":"https:\/\/htb.com.pl\/index.php?rest_route=%2Fwp%2Fv2%2Fcategories&post=95191"},{"taxonomy":"post_tag","embeddable":true,"href":"https:\/\/htb.com.pl\/index.php?rest_route=%2Fwp%2Fv2%2Ftags&post=95191"}],"curies":[{"name":"wp","href":"https:\/\/api.w.org\/{rel}","templated":true}]}}